{"id":105612,"date":"2017-08-10T15:21:57","date_gmt":"2017-08-10T18:21:57","guid":{"rendered":"http:\/\/senoticias.com.br\/se\/?p=105612"},"modified":"2017-08-10T15:57:40","modified_gmt":"2017-08-10T18:57:40","slug":"smtt-convoca-taxistas-e-transportadores-escolares-para-recadastramento","status":"publish","type":"post","link":"https:\/\/senoticias.com.br\/se\/smtt-convoca-taxistas-e-transportadores-escolares-para-recadastramento\/","title":{"rendered":"SMTT convoca taxistas e transportadores escolares para recadastramento"},"content":{"rendered":"<p style=\"text-align: justify;\">A SMTT de Aracaju, atrav\u00e9s da Diretoria de Transportes P\u00fablicos, convoca todos os permission\u00e1rios dos t\u00e1xis e transportes escolares para o recadastramento da documenta\u00e7\u00e3o. Eles t\u00eam at\u00e9 o dia 30 de setembro para evitar a apreens\u00e3o do ve\u00edculo e suspens\u00e3o do alvar\u00e1.<\/p>\n<p style=\"text-align: justify;\">Para realizar o recadastramento, o cidad\u00e3o precisa comparecer \u00e0 sede da SMTT, na rua Roberto da Fonseca, n\u00b0200, bairro In\u00e1cio Barbosa, munido da Carteira Nacional de Habilita\u00e7\u00e3o (CNH) e comprovante de resid\u00eancia. Procura\u00e7\u00f5es n\u00e3o ser\u00e3o aceitas. Sem esse processo de regulariza\u00e7\u00e3o, o permission\u00e1rio fica impedido de solicitar a emiss\u00e3o de termos, declara\u00e7\u00f5es ou atualiza\u00e7\u00f5es dos defensores auxiliares.<\/p>\n<div id=\"attachment_105613\" style=\"width: 609px\" class=\"wp-caption aligncenter\"><img loading=\"lazy\" decoding=\"async\" aria-describedby=\"caption-attachment-105613\" class=\"size-full wp-image-105613\" src=\"http:\/\/senoticias.com.br\/se\/wp-content\/uploads\/2017\/08\/escolar-e1502389292906.jpg\" alt=\"Foto: SMTT\" width=\"599\" height=\"400\" \/><p id=\"caption-attachment-105613\" class=\"wp-caption-text\">Foto: SMTT<\/p><\/div>\n<p style=\"text-align: justify;\">O diretor de Transportes P\u00fablicos da SMTT, Augusto Magalh\u00e3es, diz que a inten\u00e7\u00e3o \u00e9 organizar os servi\u00e7os e combater irregularidades. &#8220;N\u00f3s temos 250 permiss\u00f5es para transportes escolares e 2.080 para t\u00e1xis, mas nem todos est\u00e3o com os documentos regularizados. Precisamos organizar esses documentos e assim garantir mais seguran\u00e7a e qualidade para o usu\u00e1rio do servi\u00e7o&#8221;, explica.<\/p>\n<p style=\"text-align: justify;\"><img loading=\"lazy\" decoding=\"async\" class=\"aligncenter size-full wp-image-105411\" src=\"http:\/\/senoticias.com.br\/se\/wp-content\/uploads\/2017\/08\/Logo-fone-1-2-1-2-4-6-1-1.jpg\" alt=\"Logo-fone-1-2-1-2-4-6-1-1\" width=\"599\" height=\"78\" srcset=\"https:\/\/senoticias.com.br\/se\/wp-content\/uploads\/2017\/08\/Logo-fone-1-2-1-2-4-6-1-1.jpg 599w, https:\/\/senoticias.com.br\/se\/wp-content\/uploads\/2017\/08\/Logo-fone-1-2-1-2-4-6-1-1-300x39.jpg 300w\" sizes=\"(max-width: 599px) 100vw, 599px\" \/><\/p>\n<p><em><strong>Acompanhe tamb\u00e9m o SE Not\u00edcias no\u00a0<a href=\"https:\/\/twitter.com\/Senoticias\" target=\"_blank\">Twitter<\/a>,\u00a0<a href=\"https:\/\/www.facebook.com\/senoticias1\" target=\"_blank\">Facebook<\/a>\u00a0e no\u00a0<a href=\"https:\/\/www.instagram.com\/senoticias\/\" target=\"_blank\">Instagram<\/a><\/strong><\/em><\/p>\n<p>Por SMTT<\/p>\n","protected":false},"excerpt":{"rendered":"<p>A SMTT de Aracaju, atrav\u00e9s da Diretoria de Transportes P\u00fablicos, convoca todos os permission\u00e1rios dos t\u00e1xis e transportes escolares para o recadastramento da documenta\u00e7\u00e3o. Eles t\u00eam at\u00e9 o dia 30 de setembro para evitar a apreens\u00e3o do ve\u00edculo e suspens\u00e3o do alvar\u00e1. Para realizar o recadastramento, o cidad\u00e3o precisa comparecer \u00e0 sede da SMTT, na [&hellip;]<\/p>\n","protected":false},"author":2,"featured_media":0,"comment_status":"closed","ping_status":"closed","sticky":false,"template":"","format":"standard","meta":{"footnotes":""},"categories":[38],"tags":[339,5134,4545,2979,3108],"class_list":{"0":"post-105612","1":"post","2":"type-post","3":"status-publish","4":"format-standard","6":"category-municipios","7":"tag-aracaju","8":"tag-escolar","9":"tag-recadastramento","10":"tag-smtt","11":"tag-taxi"},"_links":{"self":[{"href":"https:\/\/senoticias.com.br\/se\/wp-json\/wp\/v2\/posts\/105612"}],"collection":[{"href":"https:\/\/senoticias.com.br\/se\/wp-json\/wp\/v2\/posts"}],"about":[{"href":"https:\/\/senoticias.com.br\/se\/wp-json\/wp\/v2\/types\/post"}],"author":[{"embeddable":true,"href":"https:\/\/senoticias.com.br\/se\/wp-json\/wp\/v2\/users\/2"}],"replies":[{"embeddable":true,"href":"https:\/\/senoticias.com.br\/se\/wp-json\/wp\/v2\/comments?post=105612"}],"version-history":[{"count":0,"href":"https:\/\/senoticias.com.br\/se\/wp-json\/wp\/v2\/posts\/105612\/revisions"}],"wp:attachment":[{"href":"https:\/\/senoticias.com.br\/se\/wp-json\/wp\/v2\/media?parent=105612"}],"wp:term":[{"taxonomy":"category","embeddable":true,"href":"https:\/\/senoticias.com.br\/se\/wp-json\/wp\/v2\/categories?post=105612"},{"taxonomy":"post_tag","embeddable":true,"href":"https:\/\/senoticias.com.br\/se\/wp-json\/wp\/v2\/tags?post=105612"}],"curies":[{"name":"wp","href":"https:\/\/api.w.org\/{rel}","templated":true}]}}