{"id":105592,"date":"2017-08-09T17:47:27","date_gmt":"2017-08-09T20:47:27","guid":{"rendered":"http:\/\/senoticias.com.br\/se\/?p=105592"},"modified":"2017-08-10T00:59:21","modified_gmt":"2017-08-10T03:59:21","slug":"mulher-e-atropelada-por-onibus-do-transporte-publico-e-morre","status":"publish","type":"post","link":"https:\/\/senoticias.com.br\/se\/mulher-e-atropelada-por-onibus-do-transporte-publico-e-morre\/","title":{"rendered":"Mulher morre ap\u00f3s ser atropelada por \u00f4nibus do transporte p\u00fablico"},"content":{"rendered":"<p style=\"text-align: justify;\">Na tarde dessa quarta-feira, 9 de agosto, uma mulher foi a \u00f3bito ap\u00f3s ser atropelada por um \u00f4nibus do transporte p\u00fablico coletivo de Aracaju. O acidente aconteceu na rua Serafim Bonfim, pr\u00f3ximo ao Sesi do bairro Santos Dumont. O \u00f4nibus da Via\u00e7\u00e3o Atalaia fazia a linha 020- Piabeta\/DIA e seguia em dire\u00e7\u00e3o ao Terminal da Maracaju.<\/p>\n<div id=\"attachment_105593\" style=\"width: 609px\" class=\"wp-caption aligncenter\"><img loading=\"lazy\" decoding=\"async\" aria-describedby=\"caption-attachment-105593\" class=\"size-full wp-image-105593\" src=\"http:\/\/senoticias.com.br\/se\/wp-content\/uploads\/2017\/08\/acidente-SENOTICIAS-e1502311570460.jpeg\" alt=\"Foto: SMTT\" width=\"599\" height=\"337\" \/><p id=\"caption-attachment-105593\" class=\"wp-caption-text\">Foto: SMTT<\/p><\/div>\n<p style=\"text-align: justify;\">Segundo informa\u00e7\u00f5es do Sindicato das Empresas de Transporte de Passageiros (Setransp), a senhora desequilibrou e caiu na frente do ve\u00edculo. O motorista, que segundo o Sindicato, seguia numa velocidade m\u00e9dia de 29km\/h, n\u00e3o conseguiu evitar a colis\u00e3o.<\/p>\n<p style=\"text-align: justify;\">A Pol\u00edcia Militar foi acionada pela popula\u00e7\u00e3o que presenciou o acidente. Os agentes de tr\u00e2nsito da SMTT isolaram a via at\u00e9 que o corpo da v\u00edtima fosse recolhido pelo Instituto M\u00e9dico Legal (IML).<\/p>\n<p style=\"text-align: justify;\">No in\u00edcio da noite, o Setransp divulgou uma nota lamentando o ocorrido.<\/p>\n<p style=\"text-align: justify;\">\n<p style=\"text-align: justify;\">\n<p style=\"text-align: justify;\"><em><strong>Acompanhe tamb\u00e9m o SE Not\u00edcias no\u00a0<a href=\"https:\/\/twitter.com\/Senoticias\" target=\"_blank\">Twitter<\/a>,\u00a0<a href=\"https:\/\/www.facebook.com\/senoticias1\" target=\"_blank\">Facebook<\/a>\u00a0e no\u00a0<a href=\"https:\/\/www.instagram.com\/senoticias\/\" target=\"_blank\">Instagram<\/a><\/strong><\/em><\/p>\n<p>&nbsp;<\/p>\n","protected":false},"excerpt":{"rendered":"<p>Na tarde dessa quarta-feira, 9 de agosto, uma mulher foi a \u00f3bito ap\u00f3s ser atropelada por um \u00f4nibus do transporte p\u00fablico coletivo de Aracaju. O acidente aconteceu na rua Serafim Bonfim, pr\u00f3ximo ao Sesi do bairro Santos Dumont. O \u00f4nibus da Via\u00e7\u00e3o Atalaia fazia a linha 020- Piabeta\/DIA e seguia em dire\u00e7\u00e3o ao Terminal da [&hellip;]<\/p>\n","protected":false},"author":2,"featured_media":0,"comment_status":"closed","ping_status":"closed","sticky":false,"template":"","format":"standard","meta":{"footnotes":""},"categories":[15,38],"tags":[339,2875,1303,5122],"class_list":{"0":"post-105592","1":"post","2":"type-post","3":"status-publish","4":"format-standard","6":"category-destaques","7":"category-municipios","8":"tag-aracaju","9":"tag-onibus","10":"tag-policia","11":"tag-santos-dumont"},"_links":{"self":[{"href":"https:\/\/senoticias.com.br\/se\/wp-json\/wp\/v2\/posts\/105592"}],"collection":[{"href":"https:\/\/senoticias.com.br\/se\/wp-json\/wp\/v2\/posts"}],"about":[{"href":"https:\/\/senoticias.com.br\/se\/wp-json\/wp\/v2\/types\/post"}],"author":[{"embeddable":true,"href":"https:\/\/senoticias.com.br\/se\/wp-json\/wp\/v2\/users\/2"}],"replies":[{"embeddable":true,"href":"https:\/\/senoticias.com.br\/se\/wp-json\/wp\/v2\/comments?post=105592"}],"version-history":[{"count":0,"href":"https:\/\/senoticias.com.br\/se\/wp-json\/wp\/v2\/posts\/105592\/revisions"}],"wp:attachment":[{"href":"https:\/\/senoticias.com.br\/se\/wp-json\/wp\/v2\/media?parent=105592"}],"wp:term":[{"taxonomy":"category","embeddable":true,"href":"https:\/\/senoticias.com.br\/se\/wp-json\/wp\/v2\/categories?post=105592"},{"taxonomy":"post_tag","embeddable":true,"href":"https:\/\/senoticias.com.br\/se\/wp-json\/wp\/v2\/tags?post=105592"}],"curies":[{"name":"wp","href":"https:\/\/api.w.org\/{rel}","templated":true}]}}