{"id":105567,"date":"2017-08-08T19:57:43","date_gmt":"2017-08-08T22:57:43","guid":{"rendered":"http:\/\/senoticias.com.br\/se\/?p=105567"},"modified":"2017-08-08T19:59:17","modified_gmt":"2017-08-08T22:59:17","slug":"governo-do-estado-divulga-calendario-de-pagamento","status":"publish","type":"post","link":"https:\/\/senoticias.com.br\/se\/governo-do-estado-divulga-calendario-de-pagamento\/","title":{"rendered":"Governo do Estado divulga calend\u00e1rio de pagamento"},"content":{"rendered":"<div class=\"m_-7951862725657473634abstract\" style=\"text-align: justify;\"><\/div>\n<div class=\"m_-7951862725657473634abstract\" style=\"text-align: justify;\"><\/div>\n<div class=\"m_-7951862725657473634abstract\" style=\"text-align: justify;\">\n<p>\u00a0O Governo do Estado d\u00e1 prosseguimento ao pagamento de servidores estaduais nesta quarta-feira, dia 09, quando recebem os celetistas das Funda\u00e7\u00f5es de Sa\u00fade e servidores do Samu.<\/p>\n<div id=\"attachment_104749\" style=\"width: 609px\" class=\"wp-caption aligncenter\"><img loading=\"lazy\" decoding=\"async\" aria-describedby=\"caption-attachment-104749\" class=\"size-full wp-image-104749\" src=\"http:\/\/senoticias.com.br\/se\/wp-content\/uploads\/2017\/07\/Nota-publica-senoticias-e1499781081411.jpg\" alt=\"O calend\u00e1rio dos servidores estaduais, referente ao m\u00eas de julho, iniciou com o pagamento integral dos professores lotados em escolas e servidores do Sergipeprevid\u00eancia, Ipesa\u00fade, Segrase e aposentados do Funprev\" width=\"599\" height=\"599\" \/><p id=\"caption-attachment-104749\" class=\"wp-caption-text\">O calend\u00e1rio dos servidores estaduais, referente ao m\u00eas de julho, iniciou com o pagamento integral dos professores lotados em escolas e servidores do Sergipeprevid\u00eancia, Ipesa\u00fade, Segrase e aposentados do Funprev<\/p><\/div>\n<\/div>\n<div class=\"m_-7951862725657473634abstract\">\n<p style=\"text-align: justify;\">Na sexta-feira, 11, recebem os servidores estatut\u00e1rios da Sa\u00fade e Funda\u00e7\u00f5es, Emdagro, Cohidro, Emgetis, Emsetur, Codise, Cehop, Pronese, DER, Adema, Jucese, Detran, ITPS, Funda\u00e7\u00e3o Aperip\u00ea, Renascer, Fapitec e demais secretarias.<\/p>\n<p style=\"text-align: justify;\">O calend\u00e1rio dos servidores estaduais, referente ao m\u00eas de julho, iniciou no dia 29, com o pagamento integral dos professores lotados em escolas e servidores do Sergipeprevid\u00eancia, Ipesa\u00fade, Segrase e aposentados do Funprev.<\/p>\n<p style=\"text-align: justify;\"><img loading=\"lazy\" decoding=\"async\" class=\"aligncenter size-full wp-image-105411\" src=\"http:\/\/senoticias.com.br\/se\/wp-content\/uploads\/2017\/08\/Logo-fone-1-2-1-2-4-6-1-1.jpg\" alt=\"Logo-fone-1-2-1-2-4-6-1-1\" width=\"599\" height=\"78\" srcset=\"https:\/\/senoticias.com.br\/se\/wp-content\/uploads\/2017\/08\/Logo-fone-1-2-1-2-4-6-1-1.jpg 599w, https:\/\/senoticias.com.br\/se\/wp-content\/uploads\/2017\/08\/Logo-fone-1-2-1-2-4-6-1-1-300x39.jpg 300w\" sizes=\"(max-width: 599px) 100vw, 599px\" \/><\/p>\n<p style=\"text-align: justify;\"><em><strong>Acompanhe tamb\u00e9m o SE Not\u00edcias no\u00a0<a href=\"https:\/\/twitter.com\/Senoticias\" target=\"_blank\">Twitter<\/a>,\u00a0<a href=\"https:\/\/www.facebook.com\/senoticias1\" target=\"_blank\">Facebook<\/a>\u00a0e no\u00a0<a href=\"https:\/\/www.instagram.com\/senoticias\/\" target=\"_blank\">Instagram<\/a><\/strong><\/em><\/p>\n<p style=\"text-align: justify;\"><em>Ag\u00eancia Sergipe de Not\u00edcias<\/em><\/p>\n<p style=\"text-align: justify;\">\n<\/div>\n","protected":false},"excerpt":{"rendered":"<p>\u00a0O Governo do Estado d\u00e1 prosseguimento ao pagamento de servidores estaduais nesta quarta-feira, dia 09, quando recebem os celetistas das Funda\u00e7\u00f5es de Sa\u00fade e servidores do Samu. Na sexta-feira, 11, recebem os servidores estatut\u00e1rios da Sa\u00fade e Funda\u00e7\u00f5es, Emdagro, Cohidro, Emgetis, Emsetur, Codise, Cehop, Pronese, DER, Adema, Jucese, Detran, ITPS, Funda\u00e7\u00e3o Aperip\u00ea, Renascer, Fapitec e [&hellip;]<\/p>\n","protected":false},"author":2,"featured_media":104749,"comment_status":"closed","ping_status":"closed","sticky":false,"template":"","format":"standard","meta":{"footnotes":""},"categories":[6],"tags":[1311,911],"class_list":{"0":"post-105567","1":"post","2":"type-post","3":"status-publish","4":"format-standard","5":"has-post-thumbnail","7":"category-politica","8":"tag-calendario-de-pagamento","9":"tag-governo-do-estado"},"_links":{"self":[{"href":"https:\/\/senoticias.com.br\/se\/wp-json\/wp\/v2\/posts\/105567"}],"collection":[{"href":"https:\/\/senoticias.com.br\/se\/wp-json\/wp\/v2\/posts"}],"about":[{"href":"https:\/\/senoticias.com.br\/se\/wp-json\/wp\/v2\/types\/post"}],"author":[{"embeddable":true,"href":"https:\/\/senoticias.com.br\/se\/wp-json\/wp\/v2\/users\/2"}],"replies":[{"embeddable":true,"href":"https:\/\/senoticias.com.br\/se\/wp-json\/wp\/v2\/comments?post=105567"}],"version-history":[{"count":0,"href":"https:\/\/senoticias.com.br\/se\/wp-json\/wp\/v2\/posts\/105567\/revisions"}],"wp:featuredmedia":[{"embeddable":true,"href":"https:\/\/senoticias.com.br\/se\/wp-json\/wp\/v2\/media\/104749"}],"wp:attachment":[{"href":"https:\/\/senoticias.com.br\/se\/wp-json\/wp\/v2\/media?parent=105567"}],"wp:term":[{"taxonomy":"category","embeddable":true,"href":"https:\/\/senoticias.com.br\/se\/wp-json\/wp\/v2\/categories?post=105567"},{"taxonomy":"post_tag","embeddable":true,"href":"https:\/\/senoticias.com.br\/se\/wp-json\/wp\/v2\/tags?post=105567"}],"curies":[{"name":"wp","href":"https:\/\/api.w.org\/{rel}","templated":true}]}}