{"id":105516,"date":"2017-08-07T16:09:35","date_gmt":"2017-08-07T19:09:35","guid":{"rendered":"http:\/\/senoticias.com.br\/se\/?p=105516"},"modified":"2017-08-07T16:09:35","modified_gmt":"2017-08-07T19:09:35","slug":"empregador-domestico-tem-ate-hoje-para-pagar-esocial","status":"publish","type":"post","link":"https:\/\/senoticias.com.br\/se\/empregador-domestico-tem-ate-hoje-para-pagar-esocial\/","title":{"rendered":"Empregador dom\u00e9stico tem at\u00e9 hoje para pagar eSocial"},"content":{"rendered":"<div id=\"attachment_105517\" style=\"width: 296px\" class=\"wp-caption alignleft\"><img loading=\"lazy\" decoding=\"async\" aria-describedby=\"caption-attachment-105517\" class=\"size-full wp-image-105517\" src=\"http:\/\/senoticias.com.br\/se\/wp-content\/uploads\/2017\/08\/esocial-SENOTICIAS.jpg\" alt=\"Foto: Ag\u00eancia Basil\" width=\"286\" height=\"176\" srcset=\"https:\/\/senoticias.com.br\/se\/wp-content\/uploads\/2017\/08\/esocial-SENOTICIAS.jpg 286w, https:\/\/senoticias.com.br\/se\/wp-content\/uploads\/2017\/08\/esocial-SENOTICIAS-284x176.jpg 284w\" sizes=\"(max-width: 286px) 100vw, 286px\" \/><p id=\"caption-attachment-105517\" class=\"wp-caption-text\">Foto: Ag\u00eancia Basil<\/p><\/div>\n<p style=\"text-align: justify;\">O prazo para os empregadores dom\u00e9sticos pagarem o Documento de Arrecada\u00e7\u00e3o do eSocial (DAE) de julho termina hoje (7). O documento re\u00fane em uma \u00fanica guia as contribui\u00e7\u00f5es fiscais, trabalhistas e previdenci\u00e1rias que devem ser recolhidas pelos empregadores referentes aos trabalhadores dom\u00e9sticos.<\/p>\n<p style=\"text-align: justify;\">Segundo a Receita, documentos gerados depois do prazo ser\u00e3o calculados com multa de 0,33% por dia de atraso. Para a emiss\u00e3o da guia unificada, o empregador deve acessar a p\u00e1gina do eSocial.<\/p>\n<p style=\"text-align: justify;\">\n<p style=\"text-align: justify;\"><strong>Canais de Atendimento<\/strong><\/p>\n<p style=\"text-align: justify;\">A Receita Fedederal lembra que os empregadores dom\u00e9sticos t\u00eam \u00e0 sua disposi\u00e7\u00e3o, al\u00e9m do pagamento em guich\u00ea de caixa banc\u00e1rio, v\u00e1rios canais alternativos \u2013 como lot\u00e9ricas, internet banking e canais eletr\u00f4nicos de autoatendimento \u2013 para fazer o pagamento do DAE.<\/p>\n<p style=\"text-align: justify;\">\u201cOs canais alternativos oferecidos pela rede banc\u00e1ria devem ser priorizados, pela simplicidade e facilidade na sua utiliza\u00e7\u00e3o\u201d, diz a Receita.<\/p>\n<p style=\"text-align: justify;\">\n<p style=\"text-align: justify;\"><img loading=\"lazy\" decoding=\"async\" class=\"aligncenter size-full wp-image-105411\" src=\"http:\/\/senoticias.com.br\/se\/wp-content\/uploads\/2017\/08\/Logo-fone-1-2-1-2-4-6-1-1.jpg\" alt=\"Logo-fone-1-2-1-2-4-6-1-1\" width=\"599\" height=\"78\" srcset=\"https:\/\/senoticias.com.br\/se\/wp-content\/uploads\/2017\/08\/Logo-fone-1-2-1-2-4-6-1-1.jpg 599w, https:\/\/senoticias.com.br\/se\/wp-content\/uploads\/2017\/08\/Logo-fone-1-2-1-2-4-6-1-1-300x39.jpg 300w\" sizes=\"(max-width: 599px) 100vw, 599px\" \/><\/p>\n<p><em><strong>Acompanhe tamb\u00e9m o SE Not\u00edcias no\u00a0<a href=\"https:\/\/twitter.com\/Senoticias\" target=\"_blank\">Twitter<\/a>,\u00a0<a href=\"https:\/\/www.facebook.com\/senoticias1\" target=\"_blank\">Facebook<\/a>\u00a0e no\u00a0<a href=\"https:\/\/www.instagram.com\/senoticias\/\" target=\"_blank\">Instagram<\/a><\/strong><\/em><\/p>\n<p><em>Por Ag\u00eancia Brasil<\/em><\/p>\n","protected":false},"excerpt":{"rendered":"<p>O prazo para os empregadores dom\u00e9sticos pagarem o Documento de Arrecada\u00e7\u00e3o do eSocial (DAE) de julho termina hoje (7). O documento re\u00fane em uma \u00fanica guia as contribui\u00e7\u00f5es fiscais, trabalhistas e previdenci\u00e1rias que devem ser recolhidas pelos empregadores referentes aos trabalhadores dom\u00e9sticos. Segundo a Receita, documentos gerados depois do prazo ser\u00e3o calculados com multa de [&hellip;]<\/p>\n","protected":false},"author":2,"featured_media":0,"comment_status":"closed","ping_status":"closed","sticky":false,"template":"","format":"standard","meta":{"footnotes":""},"categories":[2961],"tags":[5077,5076,3393,3670],"class_list":{"0":"post-105516","1":"post","2":"type-post","3":"status-publish","4":"format-standard","6":"category-nacional","7":"tag-domestico","8":"tag-empregador","9":"tag-esocial","10":"tag-nacional"},"_links":{"self":[{"href":"https:\/\/senoticias.com.br\/se\/wp-json\/wp\/v2\/posts\/105516"}],"collection":[{"href":"https:\/\/senoticias.com.br\/se\/wp-json\/wp\/v2\/posts"}],"about":[{"href":"https:\/\/senoticias.com.br\/se\/wp-json\/wp\/v2\/types\/post"}],"author":[{"embeddable":true,"href":"https:\/\/senoticias.com.br\/se\/wp-json\/wp\/v2\/users\/2"}],"replies":[{"embeddable":true,"href":"https:\/\/senoticias.com.br\/se\/wp-json\/wp\/v2\/comments?post=105516"}],"version-history":[{"count":0,"href":"https:\/\/senoticias.com.br\/se\/wp-json\/wp\/v2\/posts\/105516\/revisions"}],"wp:attachment":[{"href":"https:\/\/senoticias.com.br\/se\/wp-json\/wp\/v2\/media?parent=105516"}],"wp:term":[{"taxonomy":"category","embeddable":true,"href":"https:\/\/senoticias.com.br\/se\/wp-json\/wp\/v2\/categories?post=105516"},{"taxonomy":"post_tag","embeddable":true,"href":"https:\/\/senoticias.com.br\/se\/wp-json\/wp\/v2\/tags?post=105516"}],"curies":[{"name":"wp","href":"https:\/\/api.w.org\/{rel}","templated":true}]}}