{"id":105482,"date":"2017-08-05T15:00:22","date_gmt":"2017-08-05T18:00:22","guid":{"rendered":"http:\/\/senoticias.com.br\/se\/?p=105482"},"modified":"2017-08-05T15:00:22","modified_gmt":"2017-08-05T18:00:22","slug":"justica-derruba-liminar-que-havia-suspendido-aumento-de-precos-de-combustivel","status":"publish","type":"post","link":"https:\/\/senoticias.com.br\/se\/justica-derruba-liminar-que-havia-suspendido-aumento-de-precos-de-combustivel\/","title":{"rendered":"Justi\u00e7a derruba liminar que havia suspendido aumento de pre\u00e7os de combust\u00edvel"},"content":{"rendered":"<div id=\"attachment_105483\" style=\"width: 287px\" class=\"wp-caption alignleft\"><img loading=\"lazy\" decoding=\"async\" aria-describedby=\"caption-attachment-105483\" class=\"size-full wp-image-105483\" src=\"http:\/\/senoticias.com.br\/se\/wp-content\/uploads\/2017\/08\/gasolina-SENOTICIAS.jpg\" alt=\"Foto: Ag\u00eancia Brasil\" width=\"277\" height=\"160\" \/><p id=\"caption-attachment-105483\" class=\"wp-caption-text\">Foto: Ag\u00eancia Brasil<\/p><\/div>\n<p style=\"text-align: justify;\">O vice-presidente do Tribunal Regional Federal da 2\u00aa Regi\u00e3o (TRF2), desembargador Guilherme Couto de Castro, derrubou a liminar concedida ontem (3) pela Justi\u00e7a Federal de Maca\u00e9 que havia suspendido o aumento do pre\u00e7o dos combust\u00edveis. A liminar foi concedida ap\u00f3s uma a\u00e7\u00e3o popular, que pedia a suspens\u00e3o dos efeitos do decreto assinado no dia 20 de julho pelo presidente Michel Temer, que elevou as al\u00edquotas do Programa de Integra\u00e7\u00e3o Social (PIS) e da Contribui\u00e7\u00e3o para o Financiamento da Seguridade Social (Cofins) sobre a comercializa\u00e7\u00e3o de gasolina, \u00f3leo diesel e etanol.<\/p>\n<p style=\"text-align: justify;\">A Advocacia-Geral da Uni\u00e3o (AGU) recorreu da decis\u00e3o de ontem e o pedido foi acolhido pelo TRF2. Em sua decis\u00e3o, o desembargador entendeu que a decis\u00e3o do juiz de primeiro grau \u201cpermite multiplicar, em les\u00e3o \u00e0 ordem administrativa, a\u00e7\u00f5es populares distribu\u00eddas em outros recantos do pa\u00eds, j\u00e1 noticiadas e j\u00e1 suspensas por outros Tribunais Regionais, contra a regra legal pertinente\u201d.<\/p>\n<p style=\"text-align: justify;\">Ainda em sua decis\u00e3o, o vice-presidente do TRF2 lembrou que a medida da primeira inst\u00e2ncia poderia causar preju\u00edzo \u00e0 ordem p\u00fablica, \u201ctendo em vista o evidente impacto na arrecada\u00e7\u00e3o e no equil\u00edbrio nas contas p\u00fablicas\u201d.<\/p>\n<p style=\"text-align: justify;\">Essa foi a terceira liminar que tentou suspender a suspens\u00e3o do aumento dos tributos sobre combust\u00edveis. As duas anteriores, no Distrito Federal e na Para\u00edba, tamb\u00e9m foram suspensas depois que a AGU recorreu das decis\u00f5es.<\/p>\n<p style=\"text-align: justify;\"><strong>Al\u00edquotas<\/strong><\/p>\n<p style=\"text-align: justify;\">O reajuste nas al\u00edquotas do PIS\/Cofins sobre a gasolina, o diesel e o etanol foi determinado por meio de decreto presidencial no dia 20 de julho. A al\u00edquota subiu de R$ 0,3816 para R$ 0,7925 para o litro da gasolina e de R$ 0,2480 para R$ 0,4615 para o diesel nas refinarias. Para o litro do etanol, a al\u00edquota passoude R$ 0,12 para R$ 0,1309 para o produtor. Para o distribuidor, a al\u00edquota, antes zerada, aumentou para R$ 0,1964.<\/p>\n<p style=\"text-align: justify;\">\n<p style=\"text-align: justify;\">\n<p style=\"text-align: justify;\"><img loading=\"lazy\" decoding=\"async\" class=\"aligncenter size-full wp-image-105411\" src=\"http:\/\/senoticias.com.br\/se\/wp-content\/uploads\/2017\/08\/Logo-fone-1-2-1-2-4-6-1-1.jpg\" alt=\"Logo-fone-1-2-1-2-4-6-1-1\" width=\"599\" height=\"78\" srcset=\"https:\/\/senoticias.com.br\/se\/wp-content\/uploads\/2017\/08\/Logo-fone-1-2-1-2-4-6-1-1.jpg 599w, https:\/\/senoticias.com.br\/se\/wp-content\/uploads\/2017\/08\/Logo-fone-1-2-1-2-4-6-1-1-300x39.jpg 300w\" sizes=\"(max-width: 599px) 100vw, 599px\" \/><\/p>\n<p><em><strong>Acompanhe tamb\u00e9m o SE Not\u00edcias no\u00a0<a href=\"https:\/\/twitter.com\/Senoticias\" target=\"_blank\">Twitter<\/a>,\u00a0<a href=\"https:\/\/www.facebook.com\/senoticias1\" target=\"_blank\">Facebook<\/a>\u00a0e no\u00a0<a href=\"https:\/\/www.instagram.com\/senoticias\/\" target=\"_blank\">Instagram<\/a><\/strong><\/em><\/p>\n<p><em>Por Ag\u00eancia Brasil\u00a0<\/em><\/p>\n","protected":false},"excerpt":{"rendered":"<p>O vice-presidente do Tribunal Regional Federal da 2\u00aa Regi\u00e3o (TRF2), desembargador Guilherme Couto de Castro, derrubou a liminar concedida ontem (3) pela Justi\u00e7a Federal de Maca\u00e9 que havia suspendido o aumento do pre\u00e7o dos combust\u00edveis. A liminar foi concedida ap\u00f3s uma a\u00e7\u00e3o popular, que pedia a suspens\u00e3o dos efeitos do decreto assinado no dia 20 [&hellip;]<\/p>\n","protected":false},"author":2,"featured_media":0,"comment_status":"closed","ping_status":"closed","sticky":false,"template":"","format":"standard","meta":{"footnotes":""},"categories":[6],"tags":[5046,2957,3051],"class_list":{"0":"post-105482","1":"post","2":"type-post","3":"status-publish","4":"format-standard","6":"category-politica","7":"tag-agu","8":"tag-aumento","9":"tag-gasolina"},"_links":{"self":[{"href":"https:\/\/senoticias.com.br\/se\/wp-json\/wp\/v2\/posts\/105482"}],"collection":[{"href":"https:\/\/senoticias.com.br\/se\/wp-json\/wp\/v2\/posts"}],"about":[{"href":"https:\/\/senoticias.com.br\/se\/wp-json\/wp\/v2\/types\/post"}],"author":[{"embeddable":true,"href":"https:\/\/senoticias.com.br\/se\/wp-json\/wp\/v2\/users\/2"}],"replies":[{"embeddable":true,"href":"https:\/\/senoticias.com.br\/se\/wp-json\/wp\/v2\/comments?post=105482"}],"version-history":[{"count":0,"href":"https:\/\/senoticias.com.br\/se\/wp-json\/wp\/v2\/posts\/105482\/revisions"}],"wp:attachment":[{"href":"https:\/\/senoticias.com.br\/se\/wp-json\/wp\/v2\/media?parent=105482"}],"wp:term":[{"taxonomy":"category","embeddable":true,"href":"https:\/\/senoticias.com.br\/se\/wp-json\/wp\/v2\/categories?post=105482"},{"taxonomy":"post_tag","embeddable":true,"href":"https:\/\/senoticias.com.br\/se\/wp-json\/wp\/v2\/tags?post=105482"}],"curies":[{"name":"wp","href":"https:\/\/api.w.org\/{rel}","templated":true}]}}