{"id":105473,"date":"2017-08-05T14:33:45","date_gmt":"2017-08-05T17:33:45","guid":{"rendered":"http:\/\/senoticias.com.br\/se\/?p=105473"},"modified":"2017-08-06T07:14:51","modified_gmt":"2017-08-06T10:14:51","slug":"petrobras-anuncia-reajuste-medio-de-69-do-gas-de-cozinha","status":"publish","type":"post","link":"https:\/\/senoticias.com.br\/se\/petrobras-anuncia-reajuste-medio-de-69-do-gas-de-cozinha\/","title":{"rendered":"Petrobras anuncia reajuste m\u00e9dio de 6,9% do g\u00e1s de cozinha"},"content":{"rendered":"<p style=\"text-align: justify;\">A Petrobras reajustou em 6,9%, em m\u00e9dia, os pre\u00e7os do g\u00e1s liquefeito de petr\u00f3leo para uso residencial, envasado pelas distribuidoras em botij\u00f5es de at\u00e9 13 quilos (GLP P-13). O reajuste do g\u00e1s de cozinha entra em vigor \u00e0 0h deste s\u00e1bado (5) e, de acordo com a estatal, acompanha a pol\u00edtica de pre\u00e7os divulgada no dia 7 de junho deste ano. O ajuste anunciado foi aplicado sobre os pre\u00e7os praticados sem incid\u00eancia de tributos.<\/p>\n<p style=\"text-align: justify;\">A companhia destacou que a lei brasileira garante liberdade de pre\u00e7os no mercado de combust\u00edveis e derivados e que as revis\u00f5es feitas nas refinarias podem ou n\u00e3o se refletir no pre\u00e7o final ao consumidor. A Petrobras calculou que, se os repasses feitos especialmente por distribuidoras e revendedores forem levados, integralmente, aos pre\u00e7os ao consumidor, o pre\u00e7o do botij\u00e3o de GLP P-13 pode ser reajustado, em m\u00e9dia, em 2,2% ou cerca de R$ 1,29. O valor vai depender da manuten\u00e7\u00e3o das margens de distribui\u00e7\u00e3o e de revenda e das al\u00edquotas de tributos.<\/p>\n<div id=\"attachment_105474\" style=\"width: 609px\" class=\"wp-caption aligncenter\"><img loading=\"lazy\" decoding=\"async\" aria-describedby=\"caption-attachment-105474\" class=\"size-full wp-image-105474\" src=\"http:\/\/senoticias.com.br\/se\/wp-content\/uploads\/2017\/08\/gas-SENOTICIAS-e1501954413134.jpg\" alt=\"Foto: G1\" width=\"599\" height=\"449\" \/><p id=\"caption-attachment-105474\" class=\"wp-caption-text\">Foto: G1<\/p><\/div>\n<p style=\"text-align: justify;\">A estatal ressaltou que o \u00faltimo reajuste ocorreu em 5 de julho deste ano e que a altera\u00e7\u00e3o atual n\u00e3o se aplica ao GLP destinado a uso industrial ou comercial.<\/p>\n<p style=\"text-align: justify;\">Em nota, o Sindicato das Empresas Distribuidoras de G\u00e1s Liquefeito de Petr\u00f3leo (Sindig\u00e1s) informa que as empresas distribuidoras associadas \u00e0 entidade foram comunicadas na tarde de hoje pela Petrobras que o GLP para embalagens de at\u00e9 de 13kg ficar\u00e1 mais caro a partir da 0h. Segundo o sindicato, o reajuste oscilar\u00e1 entre 6,4% e 7,5%, de acordo com o polo de suprimento.<\/p>\n<p style=\"text-align: justify;\"><img loading=\"lazy\" decoding=\"async\" class=\"aligncenter size-full wp-image-105411\" src=\"http:\/\/senoticias.com.br\/se\/wp-content\/uploads\/2017\/08\/Logo-fone-1-2-1-2-4-6-1-1.jpg\" alt=\"Logo-fone-1-2-1-2-4-6-1-1\" width=\"599\" height=\"78\" srcset=\"https:\/\/senoticias.com.br\/se\/wp-content\/uploads\/2017\/08\/Logo-fone-1-2-1-2-4-6-1-1.jpg 599w, https:\/\/senoticias.com.br\/se\/wp-content\/uploads\/2017\/08\/Logo-fone-1-2-1-2-4-6-1-1-300x39.jpg 300w\" sizes=\"(max-width: 599px) 100vw, 599px\" \/><\/p>\n<p><em><strong>Acompanhe tamb\u00e9m o SE Not\u00edcias no\u00a0<a href=\"https:\/\/twitter.com\/Senoticias\" target=\"_blank\">Twitter<\/a>,\u00a0<a href=\"https:\/\/www.facebook.com\/senoticias1\" target=\"_blank\">Facebook<\/a>\u00a0e no\u00a0<a href=\"https:\/\/www.instagram.com\/senoticias\/\" target=\"_blank\">Instagram<\/a><\/strong><\/em><\/p>\n<p><em>Por Ag\u00eancia Brasil\u00a0<\/em><\/p>\n","protected":false},"excerpt":{"rendered":"<p>A Petrobras reajustou em 6,9%, em m\u00e9dia, os pre\u00e7os do g\u00e1s liquefeito de petr\u00f3leo para uso residencial, envasado pelas distribuidoras em botij\u00f5es de at\u00e9 13 quilos (GLP P-13). O reajuste do g\u00e1s de cozinha entra em vigor \u00e0 0h deste s\u00e1bado (5) e, de acordo com a estatal, acompanha a pol\u00edtica de pre\u00e7os divulgada no [&hellip;]<\/p>\n","protected":false},"author":2,"featured_media":0,"comment_status":"closed","ping_status":"closed","sticky":false,"template":"","format":"standard","meta":{"footnotes":""},"categories":[15,2961],"tags":[2957,5068,370,3513,629,2003],"class_list":{"0":"post-105473","1":"post","2":"type-post","3":"status-publish","4":"format-standard","6":"category-destaques","7":"category-nacional","8":"tag-aumento","9":"tag-aumento-do-glp","10":"tag-brasil","11":"tag-gas","12":"tag-petrobras","13":"tag-reajuste"},"_links":{"self":[{"href":"https:\/\/senoticias.com.br\/se\/wp-json\/wp\/v2\/posts\/105473"}],"collection":[{"href":"https:\/\/senoticias.com.br\/se\/wp-json\/wp\/v2\/posts"}],"about":[{"href":"https:\/\/senoticias.com.br\/se\/wp-json\/wp\/v2\/types\/post"}],"author":[{"embeddable":true,"href":"https:\/\/senoticias.com.br\/se\/wp-json\/wp\/v2\/users\/2"}],"replies":[{"embeddable":true,"href":"https:\/\/senoticias.com.br\/se\/wp-json\/wp\/v2\/comments?post=105473"}],"version-history":[{"count":0,"href":"https:\/\/senoticias.com.br\/se\/wp-json\/wp\/v2\/posts\/105473\/revisions"}],"wp:attachment":[{"href":"https:\/\/senoticias.com.br\/se\/wp-json\/wp\/v2\/media?parent=105473"}],"wp:term":[{"taxonomy":"category","embeddable":true,"href":"https:\/\/senoticias.com.br\/se\/wp-json\/wp\/v2\/categories?post=105473"},{"taxonomy":"post_tag","embeddable":true,"href":"https:\/\/senoticias.com.br\/se\/wp-json\/wp\/v2\/tags?post=105473"}],"curies":[{"name":"wp","href":"https:\/\/api.w.org\/{rel}","templated":true}]}}