{"id":105472,"date":"2017-08-05T19:23:21","date_gmt":"2017-08-05T22:23:21","guid":{"rendered":"http:\/\/senoticias.com.br\/se\/?p=105472"},"modified":"2017-08-05T19:26:26","modified_gmt":"2017-08-05T22:26:26","slug":"adir-machado-pede-anulacao-de-eleicao-no-amazonas","status":"publish","type":"post","link":"https:\/\/senoticias.com.br\/se\/adir-machado-pede-anulacao-de-eleicao-no-amazonas\/","title":{"rendered":"Adir Machado pede anula\u00e7\u00e3o de elei\u00e7\u00e3o suplementar no Amazonas"},"content":{"rendered":"<p style=\"text-align: justify;\">O advogado sergipano, Adir Machado, membro do escrit\u00f3rio do renomado jurista e ex-ministro da Justi\u00e7a, Eduardo Cardoso, foi designado pelo ex-ministro para atuar em favor do governador Jos\u00e9 Melo e do vice, Henrique Oliveira, que foram cassados no Amazonas. Adir atua em parceria com o advogado sergipano, Fabiano Feitosa.<\/p>\n<div id=\"attachment_105487\" style=\"width: 609px\" class=\"wp-caption aligncenter\"><img loading=\"lazy\" decoding=\"async\" aria-describedby=\"caption-attachment-105487\" class=\"size-full wp-image-105487\" src=\"http:\/\/senoticias.com.br\/se\/wp-content\/uploads\/2017\/08\/ADIR-MACHADO-SENOTICIAS-e1501971612857.jpg\" alt=\"Adir atua em parceria com o advogado sergipano, Fabiano Feitosa\" width=\"599\" height=\"400\" \/><p id=\"caption-attachment-105487\" class=\"wp-caption-text\">Adir atua em parceria com o advogado sergipano, Fabiano Feitosa (foto: Cleverton Ribeiro\/TCE)<\/p><\/div>\n<p style=\"text-align: justify;\">Desde a decis\u00e3o pela cassa\u00e7\u00e3o, uma intensa batalha judicial no plano estadual e nos tribunais superiores foi travada, por\u00e9m, o STF manteve as elei\u00e7\u00f5es suplementares para este domingo. Desde quinta-feira que especialistas no direito eleitoral e a m\u00eddia nacional comentam sobre um mandado de seguran\u00e7a pedindo a anula\u00e7\u00e3o da elei\u00e7\u00e3o.<br \/>\nO mandado foi elaborado pelos advogados sergipanos.<\/p>\n<p><strong>Bastidores<\/strong><\/p>\n<p style=\"text-align: justify;\">Comenta-se nos bastidores que um Ministro do STF recebeu Adir Machado para despacho ontem e ficou impressionado com a qualidade t\u00e9cnica do trabalho dos sergipanos.<\/p>\n<p style=\"text-align: justify;\"><img loading=\"lazy\" decoding=\"async\" class=\"aligncenter size-full wp-image-105411\" src=\"http:\/\/senoticias.com.br\/se\/wp-content\/uploads\/2017\/08\/Logo-fone-1-2-1-2-4-6-1-1.jpg\" alt=\"Logo-fone-1-2-1-2-4-6-1-1\" width=\"599\" height=\"78\" srcset=\"https:\/\/senoticias.com.br\/se\/wp-content\/uploads\/2017\/08\/Logo-fone-1-2-1-2-4-6-1-1.jpg 599w, https:\/\/senoticias.com.br\/se\/wp-content\/uploads\/2017\/08\/Logo-fone-1-2-1-2-4-6-1-1-300x39.jpg 300w\" sizes=\"(max-width: 599px) 100vw, 599px\" \/><\/p>\n<p style=\"text-align: justify;\"><em><strong>Acompanhe tamb\u00e9m o SE Not\u00edcias no\u00a0<a href=\"https:\/\/twitter.com\/Senoticias\" target=\"_blank\">Twitter<\/a>,\u00a0<a href=\"https:\/\/www.facebook.com\/senoticias1\" target=\"_blank\">Facebook<\/a>\u00a0e no\u00a0<a href=\"https:\/\/www.instagram.com\/senoticias\/\" target=\"_blank\">Instagram<\/a><\/strong><\/em><\/p>\n<p style=\"text-align: justify;\"><em>Da Assessoria de Imprensa<\/em><\/p>\n","protected":false},"excerpt":{"rendered":"<p>O advogado sergipano, Adir Machado, membro do escrit\u00f3rio do renomado jurista e ex-ministro da Justi\u00e7a, Eduardo Cardoso, foi designado pelo ex-ministro para atuar em favor do governador Jos\u00e9 Melo e do vice, Henrique Oliveira, que foram cassados no Amazonas. Adir atua em parceria com o advogado sergipano, Fabiano Feitosa. Desde a decis\u00e3o pela cassa\u00e7\u00e3o, uma [&hellip;]<\/p>\n","protected":false},"author":2,"featured_media":105487,"comment_status":"closed","ping_status":"closed","sticky":false,"template":"","format":"standard","meta":{"footnotes":""},"categories":[6],"tags":[5063,4816,5064,4372,2716],"class_list":{"0":"post-105472","1":"post","2":"type-post","3":"status-publish","4":"format-standard","5":"has-post-thumbnail","7":"category-politica","8":"tag-adir-machado","9":"tag-amazonas","10":"tag-anulacao","11":"tag-eleicao","12":"tag-eleicao-suplementar"},"_links":{"self":[{"href":"https:\/\/senoticias.com.br\/se\/wp-json\/wp\/v2\/posts\/105472"}],"collection":[{"href":"https:\/\/senoticias.com.br\/se\/wp-json\/wp\/v2\/posts"}],"about":[{"href":"https:\/\/senoticias.com.br\/se\/wp-json\/wp\/v2\/types\/post"}],"author":[{"embeddable":true,"href":"https:\/\/senoticias.com.br\/se\/wp-json\/wp\/v2\/users\/2"}],"replies":[{"embeddable":true,"href":"https:\/\/senoticias.com.br\/se\/wp-json\/wp\/v2\/comments?post=105472"}],"version-history":[{"count":0,"href":"https:\/\/senoticias.com.br\/se\/wp-json\/wp\/v2\/posts\/105472\/revisions"}],"wp:featuredmedia":[{"embeddable":true,"href":"https:\/\/senoticias.com.br\/se\/wp-json\/wp\/v2\/media\/105487"}],"wp:attachment":[{"href":"https:\/\/senoticias.com.br\/se\/wp-json\/wp\/v2\/media?parent=105472"}],"wp:term":[{"taxonomy":"category","embeddable":true,"href":"https:\/\/senoticias.com.br\/se\/wp-json\/wp\/v2\/categories?post=105472"},{"taxonomy":"post_tag","embeddable":true,"href":"https:\/\/senoticias.com.br\/se\/wp-json\/wp\/v2\/tags?post=105472"}],"curies":[{"name":"wp","href":"https:\/\/api.w.org\/{rel}","templated":true}]}}