{"id":105433,"date":"2017-08-04T15:13:28","date_gmt":"2017-08-04T18:13:28","guid":{"rendered":"http:\/\/senoticias.com.br\/se\/?p=105433"},"modified":"2017-08-04T15:18:42","modified_gmt":"2017-08-04T18:18:42","slug":"multas-aplicadas-a-gestores-agora-serao-inscritas-pelo-tce-na-divida-ativa","status":"publish","type":"post","link":"https:\/\/senoticias.com.br\/se\/multas-aplicadas-a-gestores-agora-serao-inscritas-pelo-tce-na-divida-ativa\/","title":{"rendered":"Multas aplicadas a gestores agora ser\u00e3o inscritas pelo TCE na d\u00edvida ativa"},"content":{"rendered":"<div dir=\"ltr\" style=\"text-align: justify;\">\n<p>O Tribunal de Contas do Estado (TCE\/SE) dar\u00e1 maior agilidade \u00e0 cobran\u00e7a de multas aplicadas aos gestores que praticam atos irregulares ou descumprem decis\u00f5es. Isso porque, a partir da pr\u00f3xima semana, a Coordenadoria Jur\u00eddica (Cojur) da Corte de Contas passar\u00e1 a inscrever os t\u00edtulos de suas decis\u00f5es na d\u00edvida ativa, j\u00e1 encaminhando a respectiva certid\u00e3o para cobran\u00e7a judicial.<\/p>\n<div id=\"attachment_105434\" style=\"width: 609px\" class=\"wp-caption aligncenter\"><img loading=\"lazy\" decoding=\"async\" aria-describedby=\"caption-attachment-105434\" class=\"size-full wp-image-105434\" src=\"http:\/\/senoticias.com.br\/se\/wp-content\/uploads\/2017\/08\/MG_1996-e1501870467245.jpg\" alt=\"Multas aplicadas a gestores agora ser\u00e3o inscritas pelo TCE na d\u00edvida ativa\" width=\"599\" height=\"400\" \/><p id=\"caption-attachment-105434\" class=\"wp-caption-text\">Multas aplicadas a gestores agora ser\u00e3o inscritas pelo TCE na d\u00edvida ativa (foto: Cleverton Ribeiro)<\/p><\/div>\n<\/div>\n<div dir=\"ltr\"><\/div>\n<div dir=\"ltr\" style=\"text-align: justify;\">Pela din\u00e2mica anterior esse controle era feito pela Procuradoria Geral do Estado (PGE), mas um conv\u00eanio firmado com a Secretaria de Estado da Fazenda (Sefaz) permitiu a nova metodologia.<\/div>\n<div dir=\"ltr\" style=\"text-align: justify;\"><\/div>\n<div dir=\"ltr\" style=\"text-align: justify;\">&#8220;Para que haja cobran\u00e7a judicial, \u00e9 necess\u00e1rio que a decis\u00e3o do Tribunal seja inscrita em d\u00edvida ativa. Essa inscri\u00e7\u00e3o \u00e9 o \u00faltimo ato de controle de legalidade da administra\u00e7\u00e3o p\u00fablica; ap\u00f3s isso, s\u00f3 quem pode verificar se o ato \u00e9 v\u00e1lido ou inv\u00e1lido \u00e9 o poder judici\u00e1rio&#8221;, explica o coordenador jur\u00eddico do TCE, Luiz Carlos Santana.<\/div>\n<div dir=\"ltr\" style=\"text-align: justify;\"><\/div>\n<div dir=\"ltr\" style=\"text-align: justify;\">Segundo ele, com o Tribunal inscrevendo suas pr\u00f3prias decis\u00f5es, o efeito imediato ser\u00e1 a celeridade, \u201cpois o processo j\u00e1 sai daqui sendo inscrito na d\u00edvida ativa, apto a promo\u00e7\u00e3o da execu\u00e7\u00e3o judicial\u201d.<\/div>\n<div dir=\"ltr\" style=\"text-align: justify;\"><\/div>\n<div dir=\"ltr\" style=\"text-align: justify;\">O coordenador jur\u00eddico comenta ainda que tem sido comum o pedido de parcelamento das multas aplicadas, uma vez que o Tribunal vem informando aos gestores a possibilidade de cobran\u00e7a judicial caso o devido pagamento n\u00e3o seja efetuado no prazo estabelecido. &#8220;Houve um aumento consider\u00e1vel no n\u00famero de parcelamentos e de d\u00e9bitos pagos sem que seja preciso o socorro judicial&#8221;, afirmou.<\/div>\n<div dir=\"ltr\" style=\"text-align: justify;\"><\/div>\n<div dir=\"ltr\" style=\"text-align: justify;\"><em><strong>Acompanhe tamb\u00e9m o SE Not\u00edcias no\u00a0<a href=\"https:\/\/twitter.com\/Senoticias\" target=\"_blank\">Twitter<\/a>,\u00a0<a href=\"https:\/\/www.facebook.com\/senoticias1\" target=\"_blank\">Facebook<\/a>\u00a0e no\u00a0<a href=\"https:\/\/www.instagram.com\/senoticias\/\" target=\"_blank\">Instagram<\/a><\/strong><\/em><\/div>\n<div dir=\"ltr\" style=\"text-align: justify;\"><\/div>\n<div dir=\"ltr\" style=\"text-align: justify;\"><img loading=\"lazy\" decoding=\"async\" class=\"aligncenter size-full wp-image-105411\" src=\"http:\/\/senoticias.com.br\/se\/wp-content\/uploads\/2017\/08\/Logo-fone-1-2-1-2-4-6-1-1.jpg\" alt=\"Logo-fone-1-2-1-2-4-6-1-1\" width=\"599\" height=\"78\" srcset=\"https:\/\/senoticias.com.br\/se\/wp-content\/uploads\/2017\/08\/Logo-fone-1-2-1-2-4-6-1-1.jpg 599w, https:\/\/senoticias.com.br\/se\/wp-content\/uploads\/2017\/08\/Logo-fone-1-2-1-2-4-6-1-1-300x39.jpg 300w\" sizes=\"(max-width: 599px) 100vw, 599px\" \/><\/div>\n<div dir=\"ltr\" style=\"text-align: justify;\"><\/div>\n<div dir=\"ltr\" style=\"text-align: justify;\"><em>Ascom\/TCE<\/em><\/div>\n","protected":false},"excerpt":{"rendered":"<p>O Tribunal de Contas do Estado (TCE\/SE) dar\u00e1 maior agilidade \u00e0 cobran\u00e7a de multas aplicadas aos gestores que praticam atos irregulares ou descumprem decis\u00f5es. Isso porque, a partir da pr\u00f3xima semana, a Coordenadoria Jur\u00eddica (Cojur) da Corte de Contas passar\u00e1 a inscrever os t\u00edtulos de suas decis\u00f5es na d\u00edvida ativa, j\u00e1 encaminhando a respectiva certid\u00e3o [&hellip;]<\/p>\n","protected":false},"author":2,"featured_media":105434,"comment_status":"closed","ping_status":"closed","sticky":false,"template":"","format":"standard","meta":{"footnotes":""},"categories":[15],"tags":[5045,5044,4080,529],"class_list":{"0":"post-105433","1":"post","2":"type-post","3":"status-publish","4":"format-standard","5":"has-post-thumbnail","7":"category-destaques","8":"tag-aplicadas","9":"tag-divida-ativa","10":"tag-multas","11":"tag-tce"},"_links":{"self":[{"href":"https:\/\/senoticias.com.br\/se\/wp-json\/wp\/v2\/posts\/105433"}],"collection":[{"href":"https:\/\/senoticias.com.br\/se\/wp-json\/wp\/v2\/posts"}],"about":[{"href":"https:\/\/senoticias.com.br\/se\/wp-json\/wp\/v2\/types\/post"}],"author":[{"embeddable":true,"href":"https:\/\/senoticias.com.br\/se\/wp-json\/wp\/v2\/users\/2"}],"replies":[{"embeddable":true,"href":"https:\/\/senoticias.com.br\/se\/wp-json\/wp\/v2\/comments?post=105433"}],"version-history":[{"count":0,"href":"https:\/\/senoticias.com.br\/se\/wp-json\/wp\/v2\/posts\/105433\/revisions"}],"wp:featuredmedia":[{"embeddable":true,"href":"https:\/\/senoticias.com.br\/se\/wp-json\/wp\/v2\/media\/105434"}],"wp:attachment":[{"href":"https:\/\/senoticias.com.br\/se\/wp-json\/wp\/v2\/media?parent=105433"}],"wp:term":[{"taxonomy":"category","embeddable":true,"href":"https:\/\/senoticias.com.br\/se\/wp-json\/wp\/v2\/categories?post=105433"},{"taxonomy":"post_tag","embeddable":true,"href":"https:\/\/senoticias.com.br\/se\/wp-json\/wp\/v2\/tags?post=105433"}],"curies":[{"name":"wp","href":"https:\/\/api.w.org\/{rel}","templated":true}]}}