{"id":105402,"date":"2017-08-03T12:28:51","date_gmt":"2017-08-03T15:28:51","guid":{"rendered":"http:\/\/senoticias.com.br\/se\/?p=105402"},"modified":"2017-08-03T12:28:51","modified_gmt":"2017-08-03T15:28:51","slug":"cobrador-da-linha-parque-dos-farois-e-baleado","status":"publish","type":"post","link":"https:\/\/senoticias.com.br\/se\/cobrador-da-linha-parque-dos-farois-e-baleado\/","title":{"rendered":"Cobrador da linha Parque dos Far\u00f3is \u00e9 baleado"},"content":{"rendered":"<p style=\"text-align: justify;\">O cobrador de \u00f4nibus da linha Parque dos Far\u00f3is\/Osvaldo Aranha foi baleado numa tentativa de assalto na noite desta quarta-feira, 2 de agosto. O funcion\u00e1rio da Via\u00e7\u00e3o Atalaia foi levado a Unidade de Pronto Atendimento (UPA) Nestor Piva e, segundo informa\u00e7\u00f5es dos m\u00e9dicos, passa bem.<\/p>\n<p style=\"text-align: justify;\">Segundo informa\u00e7\u00f5es da Pol\u00edcia Militar, tr\u00eas homens\u00a0embarcaram e anunciaram o assalto numa regi\u00e3o pouco iluminada e movimentada. Insatisfeitos com a renda, os assaltantes\u00a0atiraram no cobrador, que foi atingido no bra\u00e7o.<\/p>\n<div id=\"attachment_105403\" style=\"width: 609px\" class=\"wp-caption aligncenter\"><img loading=\"lazy\" decoding=\"async\" aria-describedby=\"caption-attachment-105403\" class=\"size-full wp-image-105403\" src=\"http:\/\/senoticias.com.br\/se\/wp-content\/uploads\/2017\/08\/onibus-SENOTICIAS-e1501774085119.jpg\" alt=\"Foto: Bus\u00f3logos de Sergipe.\" width=\"599\" height=\"399\" \/><p id=\"caption-attachment-105403\" class=\"wp-caption-text\">Foto: Bus\u00f3logos de Sergipe.<\/p><\/div>\n<p style=\"text-align: justify;\">Na manh\u00e3 desta quinta-feira, 3, por meio de nota, o Sindicato das Empresas de Transporte de Passageiros de Aracaju (Setransp) lamentou o caso. \u201cO funcion\u00e1rio assistido pela empresa passou por atendimento m\u00e9dico, recebeu alta e, felizmente, passa bem em sua resid\u00eancia. A pol\u00edcia est\u00e1 tomando as provid\u00eancias cab\u00edveis e o setor do transporte mantendo total apoio ao combate aos assaltos nos \u00f4nibus\u201d.<\/p>\n<p style=\"text-align: justify;\">\n<p style=\"text-align: justify;\"><img loading=\"lazy\" decoding=\"async\" class=\"aligncenter size-full wp-image-105165\" src=\"http:\/\/senoticias.com.br\/se\/wp-content\/uploads\/2017\/07\/Logo-fone-1-2-1-2-4-6-1-1.jpg\" alt=\"Logo-fone-1-2-1-2-4-6-1\" width=\"599\" height=\"78\" srcset=\"https:\/\/senoticias.com.br\/se\/wp-content\/uploads\/2017\/07\/Logo-fone-1-2-1-2-4-6-1-1.jpg 599w, https:\/\/senoticias.com.br\/se\/wp-content\/uploads\/2017\/07\/Logo-fone-1-2-1-2-4-6-1-1-300x39.jpg 300w\" sizes=\"(max-width: 599px) 100vw, 599px\" \/><\/p>\n<p style=\"text-align: justify;\">\n<p><em><strong>Acompanhe tamb\u00e9m o SE Not\u00edcias no\u00a0<a href=\"https:\/\/twitter.com\/Senoticias\" target=\"_blank\">Twitter<\/a>,\u00a0<a href=\"https:\/\/www.facebook.com\/senoticias1\" target=\"_blank\">Facebook<\/a>\u00a0e no\u00a0<a href=\"https:\/\/www.instagram.com\/senoticias\/\" target=\"_blank\">Instagram<\/a><\/strong><\/em><\/p>\n<p>Por Reda\u00e7\u00e3o do SE Not\u00edcias<\/p>\n","protected":false},"excerpt":{"rendered":"<p>O cobrador de \u00f4nibus da linha Parque dos Far\u00f3is\/Osvaldo Aranha foi baleado numa tentativa de assalto na noite desta quarta-feira, 2 de agosto. O funcion\u00e1rio da Via\u00e7\u00e3o Atalaia foi levado a Unidade de Pronto Atendimento (UPA) Nestor Piva e, segundo informa\u00e7\u00f5es dos m\u00e9dicos, passa bem. Segundo informa\u00e7\u00f5es da Pol\u00edcia Militar, tr\u00eas homens\u00a0embarcaram e anunciaram o [&hellip;]<\/p>\n","protected":false},"author":2,"featured_media":0,"comment_status":"closed","ping_status":"closed","sticky":false,"template":"","format":"standard","meta":{"footnotes":""},"categories":[15,38],"tags":[5035,2875,5034,5033,3246],"class_list":{"0":"post-105402","1":"post","2":"type-post","3":"status-publish","4":"format-standard","6":"category-destaques","7":"category-municipios","8":"tag-aracajus","9":"tag-onibus","10":"tag-osvaldoaranha","11":"tag-parquedosfarois","12":"tag-setransp"},"_links":{"self":[{"href":"https:\/\/senoticias.com.br\/se\/wp-json\/wp\/v2\/posts\/105402"}],"collection":[{"href":"https:\/\/senoticias.com.br\/se\/wp-json\/wp\/v2\/posts"}],"about":[{"href":"https:\/\/senoticias.com.br\/se\/wp-json\/wp\/v2\/types\/post"}],"author":[{"embeddable":true,"href":"https:\/\/senoticias.com.br\/se\/wp-json\/wp\/v2\/users\/2"}],"replies":[{"embeddable":true,"href":"https:\/\/senoticias.com.br\/se\/wp-json\/wp\/v2\/comments?post=105402"}],"version-history":[{"count":0,"href":"https:\/\/senoticias.com.br\/se\/wp-json\/wp\/v2\/posts\/105402\/revisions"}],"wp:attachment":[{"href":"https:\/\/senoticias.com.br\/se\/wp-json\/wp\/v2\/media?parent=105402"}],"wp:term":[{"taxonomy":"category","embeddable":true,"href":"https:\/\/senoticias.com.br\/se\/wp-json\/wp\/v2\/categories?post=105402"},{"taxonomy":"post_tag","embeddable":true,"href":"https:\/\/senoticias.com.br\/se\/wp-json\/wp\/v2\/tags?post=105402"}],"curies":[{"name":"wp","href":"https:\/\/api.w.org\/{rel}","templated":true}]}}