{"id":105397,"date":"2017-08-03T13:55:58","date_gmt":"2017-08-03T16:55:58","guid":{"rendered":"http:\/\/senoticias.com.br\/se\/?p=105397"},"modified":"2017-08-03T14:00:56","modified_gmt":"2017-08-03T17:00:56","slug":"governo-do-estado-inicia-pagamento-de-caches-do-arraia-do-povo","status":"publish","type":"post","link":"https:\/\/senoticias.com.br\/se\/governo-do-estado-inicia-pagamento-de-caches-do-arraia-do-povo\/","title":{"rendered":"Governo do Estado inicia pagamento de cach\u00eas do Arrai\u00e1 do Povo"},"content":{"rendered":"<p style=\"text-align: justify;\"><span style=\"font-size: large;\">O Governo de Sergipe, atrav\u00e9s da Secretaria de Estado da Cultura, iniciou nesta quinta-feira, 03, o pagamento dos cach\u00eas dos artistas que se apresentaram no Encontro Nordestino de Cultura \u2013 Arrai\u00e1 do Povo 2017. O evento, que aconteceu entre os dias 22 de junho a 01 de julho, na Pra\u00e7a de Eventos da Orla de Atalaia, \u00e9 considerado um dos maiores e mais tradicionais festejos juninos do pa\u00eds, com cerca de 50 atra\u00e7\u00f5es, sendo a maioria de artistas sergipanos.<\/span><\/p>\n<div id=\"attachment_103229\" style=\"width: 609px\" class=\"wp-caption aligncenter\"><img loading=\"lazy\" decoding=\"async\" aria-describedby=\"caption-attachment-103229\" class=\"size-full wp-image-103229\" src=\"http:\/\/senoticias.com.br\/se\/wp-content\/uploads\/2017\/05\/17ea60625a6cf1e6b8a6b4ff152fc7d6-e1494953930905.jpg\" alt=\"Cerca de 50 atra\u00e7\u00f5es art\u00edsticas se apresentaram durante dez dias de evento Foto: Arquivo\/Secult\" width=\"599\" height=\"399\" \/><p id=\"caption-attachment-103229\" class=\"wp-caption-text\">Cerca de 50 atra\u00e7\u00f5es art\u00edsticas se apresentaram durante dez dias de evento Foto: Arquivo\/Secult<\/p><\/div>\n<p style=\"text-align: justify;\"><span style=\"font-size: large;\">\u201cEste ano, contamos com grandes parceiros que entenderam a import\u00e2ncia da valoriza\u00e7\u00e3o cultural sergipana e a necessidade de um evento do porte do Arrai\u00e1 do Povo para economia e o turismo no nosso Estado\u201d, ressaltou o secret\u00e1rio de Estado da Cultura, Jo\u00e3o Augusto Gama, referindo-se ao patroc\u00ednio do Banese Corretora de Seguros, Caixa Econ\u00f4mica Federal e apoio da Unit, Marat\u00e1, Sebrae, Funda\u00e7\u00e3o Aperip\u00ea e Assembleia Legislativa.<\/span><\/p>\n<p style=\"text-align: justify;\"><span style=\"font-size: large;\">Para os organizadores do evento o reconhecimento da popula\u00e7\u00e3o foi motivo de grande alegria, principalmente pelo esfor\u00e7o em realizar o Arrai\u00e1 do Povo em um ano de parcos recursos. \u201cRealizamos esta d\u00e9cima edi\u00e7\u00e3o com grande sucesso comprovado pela satisfa\u00e7\u00e3o do p\u00fablico e dos artistas. Agora estamos efetivando o pagamento daqueles que contribu\u00edram para este grande evento, em um curto espa\u00e7o de tempo ap\u00f3s seu encerramento, o que refor\u00e7a o comprometimento do Governo do Estado com a cultura sergipana\u201d, acrescentou o secret\u00e1rio.<\/span><\/p>\n<p style=\"text-align: justify;\"><span style=\"font-size: large;\">O Encontro Nordestino de Cultura tamb\u00e9m contou com o apoio da superintend\u00eancia Municipal de Transporte e Tr\u00e2nsito (SMTT), a Pol\u00edcia Militar, Vigil\u00e2ncia Sanit\u00e1ria Estadual e Municipal, Defesa Civil, Secretaria de Estado da Sa\u00fade, Secretaria Municipal de Meio Ambiente, Secretaria de Inclus\u00e3o Social, Secretaria de Comunica\u00e7\u00e3o e Emsetur.<\/span><\/p>\n<p style=\"text-align: justify;\"><span style=\"font-size: large;\">Os pagamentos das quadrilhas juninas que participaram dos concursos do Espa\u00e7o Cultural Gonzag\u00e3o e do Arrai\u00e1 do Arranca Unha, no Centro de Criatividade, tamb\u00e9m foram efetivados, assim como as despesas referentes \u00e0 contrata\u00e7\u00e3o de estrutura e servi\u00e7os terceirizados nesses festejos. Pelo terceiro ano consecutivo, todas as atra\u00e7\u00f5es do evento foram contratadas atrav\u00e9s de Edital de Sele\u00e7\u00e3o, processo transparente e democr\u00e1tico.\u00a0<\/span><\/p>\n<p style=\"text-align: justify;\"><img loading=\"lazy\" decoding=\"async\" class=\"aligncenter size-full wp-image-105165\" src=\"http:\/\/senoticias.com.br\/se\/wp-content\/uploads\/2017\/07\/Logo-fone-1-2-1-2-4-6-1-1.jpg\" alt=\"Logo-fone-1-2-1-2-4-6-1\" width=\"599\" height=\"78\" srcset=\"https:\/\/senoticias.com.br\/se\/wp-content\/uploads\/2017\/07\/Logo-fone-1-2-1-2-4-6-1-1.jpg 599w, https:\/\/senoticias.com.br\/se\/wp-content\/uploads\/2017\/07\/Logo-fone-1-2-1-2-4-6-1-1-300x39.jpg 300w\" sizes=\"(max-width: 599px) 100vw, 599px\" \/><\/p>\n<p style=\"text-align: justify;\"><em><strong>Acompanhe tamb\u00e9m o SE Not\u00edcias no\u00a0<a href=\"https:\/\/twitter.com\/Senoticias\" target=\"_blank\">Twitter<\/a>,\u00a0<a href=\"https:\/\/www.facebook.com\/senoticias1\" target=\"_blank\">Facebook<\/a>\u00a0e no\u00a0<a href=\"https:\/\/www.instagram.com\/senoticias\/\" target=\"_blank\">Instagram<\/a><\/strong><\/em><\/p>\n<p style=\"text-align: justify;\"><em>por Ascom Secult<\/em><\/p>\n","protected":false},"excerpt":{"rendered":"<p>O Governo de Sergipe, atrav\u00e9s da Secretaria de Estado da Cultura, iniciou nesta quinta-feira, 03, o pagamento dos cach\u00eas dos artistas que se apresentaram no Encontro Nordestino de Cultura \u2013 Arrai\u00e1 do Povo 2017. O evento, que aconteceu entre os dias 22 de junho a 01 de julho, na Pra\u00e7a de Eventos da Orla de [&hellip;]<\/p>\n","protected":false},"author":2,"featured_media":103229,"comment_status":"closed","ping_status":"closed","sticky":false,"template":"","format":"standard","meta":{"footnotes":""},"categories":[15],"tags":[616,911,3104],"class_list":{"0":"post-105397","1":"post","2":"type-post","3":"status-publish","4":"format-standard","5":"has-post-thumbnail","7":"category-destaques","8":"tag-arraia-do-povo","9":"tag-governo-do-estado","10":"tag-pagamento"},"_links":{"self":[{"href":"https:\/\/senoticias.com.br\/se\/wp-json\/wp\/v2\/posts\/105397"}],"collection":[{"href":"https:\/\/senoticias.com.br\/se\/wp-json\/wp\/v2\/posts"}],"about":[{"href":"https:\/\/senoticias.com.br\/se\/wp-json\/wp\/v2\/types\/post"}],"author":[{"embeddable":true,"href":"https:\/\/senoticias.com.br\/se\/wp-json\/wp\/v2\/users\/2"}],"replies":[{"embeddable":true,"href":"https:\/\/senoticias.com.br\/se\/wp-json\/wp\/v2\/comments?post=105397"}],"version-history":[{"count":0,"href":"https:\/\/senoticias.com.br\/se\/wp-json\/wp\/v2\/posts\/105397\/revisions"}],"wp:featuredmedia":[{"embeddable":true,"href":"https:\/\/senoticias.com.br\/se\/wp-json\/wp\/v2\/media\/103229"}],"wp:attachment":[{"href":"https:\/\/senoticias.com.br\/se\/wp-json\/wp\/v2\/media?parent=105397"}],"wp:term":[{"taxonomy":"category","embeddable":true,"href":"https:\/\/senoticias.com.br\/se\/wp-json\/wp\/v2\/categories?post=105397"},{"taxonomy":"post_tag","embeddable":true,"href":"https:\/\/senoticias.com.br\/se\/wp-json\/wp\/v2\/tags?post=105397"}],"curies":[{"name":"wp","href":"https:\/\/api.w.org\/{rel}","templated":true}]}}