{"id":105375,"date":"2017-08-02T15:33:04","date_gmt":"2017-08-02T18:33:04","guid":{"rendered":"http:\/\/senoticias.com.br\/se\/?p=105375"},"modified":"2017-08-02T18:36:29","modified_gmt":"2017-08-02T21:36:29","slug":"gilmar-carvalho-propoe-sessao-e-comissao-suprapartidaria-para-discutir-crise-na-ufs","status":"publish","type":"post","link":"https:\/\/senoticias.com.br\/se\/gilmar-carvalho-propoe-sessao-e-comissao-suprapartidaria-para-discutir-crise-na-ufs\/","title":{"rendered":"Gilmar Carvalho prop\u00f5e sess\u00e3o e comiss\u00e3o suprapartid\u00e1ria para discutir crise na UFS"},"content":{"rendered":"<div style=\"text-align: justify;\">\n<p>O deputado Gilmar Carvalho, em uso da tribuna na Assembleia Legislativa, na manh\u00e3 desta quarta-feira, 02, disse que \u00e9 urgente a forma\u00e7\u00e3o de uma comiss\u00e3o suprapartid\u00e1ria, para discutir a quest\u00e3o de recursos governamentais para a Universidade Federal de Sergipe (UFS).<\/p>\n<div id=\"attachment_105376\" style=\"width: 609px\" class=\"wp-caption aligncenter\"><img loading=\"lazy\" decoding=\"async\" aria-describedby=\"caption-attachment-105376\" class=\"size-full wp-image-105376\" src=\"http:\/\/senoticias.com.br\/se\/wp-content\/uploads\/2017\/08\/Gilmar-Carvalho-Foto-Jadilson-Sim\u00f5es-e1501698576472.jpg\" alt=\"Deputado Gilmar Carvalho quer discutir crise na UFS\" width=\"599\" height=\"398\" \/><p id=\"caption-attachment-105376\" class=\"wp-caption-text\">Deputado Gilmar Carvalho quer discutir crise na UFS (foto: C\u00e9sar Oliveira\/Alese)<\/p><\/div>\n<\/div>\n<div style=\"text-align: justify;\"><\/div>\n<div style=\"text-align: justify;\">Gilmar explicou que devido a pol\u00edtica econ\u00f4mica do governo federal, a UFS s\u00f3 ter\u00e1 recursos at\u00e9 setembro deste ano. O parlamentar enfatizou que essa situa\u00e7\u00e3o n\u00e3o pode ser aceita, porque muitos ser\u00e3o prejudicados e a universidade \u00e9 prioridade.<\/div>\n<div style=\"text-align: justify;\"><\/div>\n<div style=\"text-align: justify;\">\u201cPrecisamos, sim, realizar uma sess\u00e3o especial, inclusive com a presen\u00e7a da bancada federal. N\u00e3o podemos adiar o problema. O reitor Angelo Antoniolli apresentou contas a UFS e exp\u00f4s a gravidade do problema\u201d, ressaltou o deputado.<\/div>\n<div style=\"text-align: justify;\"><\/div>\n<div style=\"text-align: justify;\"><img loading=\"lazy\" decoding=\"async\" class=\"aligncenter size-full wp-image-105165\" src=\"http:\/\/senoticias.com.br\/se\/wp-content\/uploads\/2017\/07\/Logo-fone-1-2-1-2-4-6-1-1.jpg\" alt=\"Logo-fone-1-2-1-2-4-6-1\" width=\"599\" height=\"78\" srcset=\"https:\/\/senoticias.com.br\/se\/wp-content\/uploads\/2017\/07\/Logo-fone-1-2-1-2-4-6-1-1.jpg 599w, https:\/\/senoticias.com.br\/se\/wp-content\/uploads\/2017\/07\/Logo-fone-1-2-1-2-4-6-1-1-300x39.jpg 300w\" sizes=\"(max-width: 599px) 100vw, 599px\" \/><\/div>\n<div style=\"text-align: justify;\"><\/div>\n<div style=\"text-align: justify;\"><em><strong>Acompanhe tamb\u00e9m o SE Not\u00edcias no\u00a0<a href=\"https:\/\/twitter.com\/Senoticias\" target=\"_blank\">Twitter<\/a>,\u00a0<a href=\"https:\/\/www.facebook.com\/senoticias1\" target=\"_blank\">Facebook<\/a>\u00a0e no\u00a0<a href=\"https:\/\/www.instagram.com\/senoticias\/\" target=\"_blank\">Instagram<\/a><\/strong><\/em><\/div>\n<div style=\"text-align: justify;\"><\/div>\n<div style=\"text-align: justify;\"><strong><em>Da Empauta Comunica\u00e7\u00e3o<\/em><\/strong><\/div>\n","protected":false},"excerpt":{"rendered":"<p>O deputado Gilmar Carvalho, em uso da tribuna na Assembleia Legislativa, na manh\u00e3 desta quarta-feira, 02, disse que \u00e9 urgente a forma\u00e7\u00e3o de uma comiss\u00e3o suprapartid\u00e1ria, para discutir a quest\u00e3o de recursos governamentais para a Universidade Federal de Sergipe (UFS). Gilmar explicou que devido a pol\u00edtica econ\u00f4mica do governo federal, a UFS s\u00f3 ter\u00e1 recursos [&hellip;]<\/p>\n","protected":false},"author":2,"featured_media":105376,"comment_status":"closed","ping_status":"closed","sticky":false,"template":"","format":"standard","meta":{"footnotes":""},"categories":[6],"tags":[5020,3780,5019,5021,82],"class_list":{"0":"post-105375","1":"post","2":"type-post","3":"status-publish","4":"format-standard","5":"has-post-thumbnail","7":"category-politica","8":"tag-assembleia-legislatica","9":"tag-comissao","10":"tag-crise-na-ufs","11":"tag-deputado-gilmar-carvalho","12":"tag-gilmar-carvalho"},"_links":{"self":[{"href":"https:\/\/senoticias.com.br\/se\/wp-json\/wp\/v2\/posts\/105375"}],"collection":[{"href":"https:\/\/senoticias.com.br\/se\/wp-json\/wp\/v2\/posts"}],"about":[{"href":"https:\/\/senoticias.com.br\/se\/wp-json\/wp\/v2\/types\/post"}],"author":[{"embeddable":true,"href":"https:\/\/senoticias.com.br\/se\/wp-json\/wp\/v2\/users\/2"}],"replies":[{"embeddable":true,"href":"https:\/\/senoticias.com.br\/se\/wp-json\/wp\/v2\/comments?post=105375"}],"version-history":[{"count":0,"href":"https:\/\/senoticias.com.br\/se\/wp-json\/wp\/v2\/posts\/105375\/revisions"}],"wp:featuredmedia":[{"embeddable":true,"href":"https:\/\/senoticias.com.br\/se\/wp-json\/wp\/v2\/media\/105376"}],"wp:attachment":[{"href":"https:\/\/senoticias.com.br\/se\/wp-json\/wp\/v2\/media?parent=105375"}],"wp:term":[{"taxonomy":"category","embeddable":true,"href":"https:\/\/senoticias.com.br\/se\/wp-json\/wp\/v2\/categories?post=105375"},{"taxonomy":"post_tag","embeddable":true,"href":"https:\/\/senoticias.com.br\/se\/wp-json\/wp\/v2\/tags?post=105375"}],"curies":[{"name":"wp","href":"https:\/\/api.w.org\/{rel}","templated":true}]}}