{"id":105337,"date":"2017-08-01T20:33:04","date_gmt":"2017-08-01T23:33:04","guid":{"rendered":"http:\/\/senoticias.com.br\/se\/?p=105337"},"modified":"2017-08-01T20:33:04","modified_gmt":"2017-08-01T23:33:04","slug":"moro-aceita-nova-denuncia-contra-lula-sobre-caso-do-sitio-de-atibaia","status":"publish","type":"post","link":"https:\/\/senoticias.com.br\/se\/moro-aceita-nova-denuncia-contra-lula-sobre-caso-do-sitio-de-atibaia\/","title":{"rendered":"Moro aceita nova den\u00fancia contra Lula sobre caso do s\u00edtio de Atibaia"},"content":{"rendered":"<p style=\"text-align: justify;\">O juiz federal S\u00e9rgio Moro aceitou hoje (1\u00b0) mais uma den\u00fancia contra o ex-presidente Luiz In\u00e1cio Lula da Silva no \u00e2mbito da Opera\u00e7\u00e3o Lava Jato, desta vez no caso do s\u00edtio de Atibaia (SP). Al\u00e9m de Lula, tamb\u00e9m viraram r\u00e9us na a\u00e7\u00e3o penal o ex-presidente da OAS, L\u00e9o Pinheiro, o pecuaristas Jos\u00e9 Carlos Bumlai e mais dez pessoas.<\/p>\n<div id=\"attachment_104816\" style=\"width: 609px\" class=\"wp-caption aligncenter\"><img loading=\"lazy\" decoding=\"async\" aria-describedby=\"caption-attachment-104816\" class=\"size-full wp-image-104816\" src=\"http:\/\/senoticias.com.br\/se\/wp-content\/uploads\/2017\/07\/lula-SENOTICIA-e1499968417611.jpg\" alt=\"Foto: Exame\" width=\"599\" height=\"399\" \/><p id=\"caption-attachment-104816\" class=\"wp-caption-text\">Foto: Exame<\/p><\/div>\n<p style=\"text-align: justify;\">Com isso, o ex-presidente passa a ser r\u00e9u em cinco a\u00e7\u00f5es penais: tr\u00eas na Lava Jato, uma na Zelotes e outra na Opera\u00e7\u00e3o Janus. Al\u00e9m disso, h\u00e1 duas semanas, o petista foi condenado a nove anos e seis meses de pris\u00e3o no caso do triplex em Guaruj\u00e1 (SP). Lula nega que tenha participado de qualquer esquema criminoso.<\/p>\n<p style=\"text-align: justify;\">Segundo a den\u00fancia apresentada pelo Minist\u00e9rio P\u00fablico Federal (MPF), a Odebrecht e a OAS pagaram reformas feitas no s\u00edtio de Atibaia, utilizado por Lula e pela fam\u00edlia dele, com recursos desviados de contratos superfaturados da Petrobras.<\/p>\n<p style=\"text-align: justify;\">\u201cParte dos valores de vantagem indevida acertados nos referidos contratos teria sido destinada a agentes da Petrobras e parte a &#8220;caixas gerais de propinas&#8221; mantidas entre os grupos empresariais e agentes do Partido dos Trabalhadores. Parte dos valores foram utilizados em reformas do aludido S\u00edtio de Atibaia\u201d, diz trecho da den\u00fancia.<\/p>\n<p style=\"text-align: justify;\">Na den\u00fancia, o MPF calcula que percentual de 1% a 3% de propinas pagas em v\u00e1rios contratos assinados entre a Petrobras e as construtoras seriam destinados a Lula e ao PT. Em seu despacho, Moro afirma que a den\u00fancia apresenta \u201cind\u00edcios suficientes\u201d de autoria e materialidade e, por isso, \u00e9 \u201cinevit\u00e1vel\u201d \u201calgum aprofundamento na valora\u00e7\u00e3o e descri\u00e7\u00e3o das provas\u201d.<\/p>\n<p style=\"text-align: justify;\">O juiz determinou prazo de 10 dias para que os r\u00e9us apresentem respostas \u00e0s acusa\u00e7\u00f5es.<\/p>\n<p style=\"text-align: justify;\">\n<p style=\"text-align: justify;\"><img loading=\"lazy\" decoding=\"async\" class=\"aligncenter size-full wp-image-105165\" src=\"http:\/\/senoticias.com.br\/se\/wp-content\/uploads\/2017\/07\/Logo-fone-1-2-1-2-4-6-1-1.jpg\" alt=\"Logo-fone-1-2-1-2-4-6-1\" width=\"599\" height=\"78\" srcset=\"https:\/\/senoticias.com.br\/se\/wp-content\/uploads\/2017\/07\/Logo-fone-1-2-1-2-4-6-1-1.jpg 599w, https:\/\/senoticias.com.br\/se\/wp-content\/uploads\/2017\/07\/Logo-fone-1-2-1-2-4-6-1-1-300x39.jpg 300w\" sizes=\"(max-width: 599px) 100vw, 599px\" \/><\/p>\n<p style=\"text-align: justify;\">\n<p><em><strong>Acompanhe tamb\u00e9m o SE Not\u00edcias no\u00a0<a href=\"https:\/\/twitter.com\/Senoticias\" target=\"_blank\">Twitter<\/a>,\u00a0<a href=\"https:\/\/www.facebook.com\/senoticias1\" target=\"_blank\">Facebook<\/a>\u00a0e no\u00a0<a href=\"https:\/\/www.instagram.com\/senoticias\/\" target=\"_blank\">Instagram<\/a><\/strong><\/em><\/p>\n<p>Por Ag\u00eancia Brasil<\/p>\n","protected":false},"excerpt":{"rendered":"<p>O juiz federal S\u00e9rgio Moro aceitou hoje (1\u00b0) mais uma den\u00fancia contra o ex-presidente Luiz In\u00e1cio Lula da Silva no \u00e2mbito da Opera\u00e7\u00e3o Lava Jato, desta vez no caso do s\u00edtio de Atibaia (SP). Al\u00e9m de Lula, tamb\u00e9m viraram r\u00e9us na a\u00e7\u00e3o penal o ex-presidente da OAS, L\u00e9o Pinheiro, o pecuaristas Jos\u00e9 Carlos Bumlai e [&hellip;]<\/p>\n","protected":false},"author":2,"featured_media":0,"comment_status":"closed","ping_status":"closed","sticky":false,"template":"","format":"standard","meta":{"footnotes":""},"categories":[6],"tags":[4621,90,391,2168,5006],"class_list":{"0":"post-105337","1":"post","2":"type-post","3":"status-publish","4":"format-standard","6":"category-politica","7":"tag-denuncia","8":"tag-lula","9":"tag-moro","10":"tag-politica","11":"tag-sitio"},"_links":{"self":[{"href":"https:\/\/senoticias.com.br\/se\/wp-json\/wp\/v2\/posts\/105337"}],"collection":[{"href":"https:\/\/senoticias.com.br\/se\/wp-json\/wp\/v2\/posts"}],"about":[{"href":"https:\/\/senoticias.com.br\/se\/wp-json\/wp\/v2\/types\/post"}],"author":[{"embeddable":true,"href":"https:\/\/senoticias.com.br\/se\/wp-json\/wp\/v2\/users\/2"}],"replies":[{"embeddable":true,"href":"https:\/\/senoticias.com.br\/se\/wp-json\/wp\/v2\/comments?post=105337"}],"version-history":[{"count":0,"href":"https:\/\/senoticias.com.br\/se\/wp-json\/wp\/v2\/posts\/105337\/revisions"}],"wp:attachment":[{"href":"https:\/\/senoticias.com.br\/se\/wp-json\/wp\/v2\/media?parent=105337"}],"wp:term":[{"taxonomy":"category","embeddable":true,"href":"https:\/\/senoticias.com.br\/se\/wp-json\/wp\/v2\/categories?post=105337"},{"taxonomy":"post_tag","embeddable":true,"href":"https:\/\/senoticias.com.br\/se\/wp-json\/wp\/v2\/tags?post=105337"}],"curies":[{"name":"wp","href":"https:\/\/api.w.org\/{rel}","templated":true}]}}