{"id":105326,"date":"2017-08-01T11:22:37","date_gmt":"2017-08-01T14:22:37","guid":{"rendered":"http:\/\/senoticias.com.br\/se\/?p=105326"},"modified":"2017-08-02T13:31:37","modified_gmt":"2017-08-02T16:31:37","slug":"cresce-numero-de-roubos-e-furtos-de-veiculos-em-sergipe-diz-sindicato-dos-corretores-de-seguros","status":"publish","type":"post","link":"https:\/\/senoticias.com.br\/se\/cresce-numero-de-roubos-e-furtos-de-veiculos-em-sergipe-diz-sindicato-dos-corretores-de-seguros\/","title":{"rendered":"Cresce n\u00famero de roubos e furtos de ve\u00edculos em Sergipe, alerta Sindicato dos Corretores de Seguros"},"content":{"rendered":"<p style=\"text-align: justify;\">O motorista tem que ficar de olho no tr\u00e2nsito. Isso todo mundo sabe. Mas tem outro perigo que tamb\u00e9m preocupa e deve manter os condutores em alerta: os roubos e furtos de ve\u00edculos. Em todo o pa\u00eds, os n\u00fameros s\u00e3o alarmantes. Aqui em Sergipe, s\u00f3 no primeiro semestre do ano, dados da Confedera\u00e7\u00e3o Nacional das Seguradoras (CNseg) mostram que 1753 ve\u00edculos foram roubados e furtados. Um aumento de 6,3% em compara\u00e7\u00e3o ao ano passado. J\u00e1 de 2015 pra c\u00e1, o aumento \u00e9 de mais de 60%.<\/p>\n<div id=\"attachment_105327\" style=\"width: 598px\" class=\"wp-caption aligncenter\"><img loading=\"lazy\" decoding=\"async\" aria-describedby=\"caption-attachment-105327\" class=\"size-full wp-image-105327\" src=\"http:\/\/senoticias.com.br\/se\/wp-content\/uploads\/2017\/08\/\u00c9ricoMelo-pres.-do-SINCOR-SE.jpg\" alt=\"nem metade dos ve\u00edculos \u00e9 recuperada, alerta \u00c9rico Melo \" width=\"588\" height=\"392\" srcset=\"https:\/\/senoticias.com.br\/se\/wp-content\/uploads\/2017\/08\/\u00c9ricoMelo-pres.-do-SINCOR-SE.jpg 588w, https:\/\/senoticias.com.br\/se\/wp-content\/uploads\/2017\/08\/\u00c9ricoMelo-pres.-do-SINCOR-SE-300x200.jpg 300w, https:\/\/senoticias.com.br\/se\/wp-content\/uploads\/2017\/08\/\u00c9ricoMelo-pres.-do-SINCOR-SE-90x60.jpg 90w, https:\/\/senoticias.com.br\/se\/wp-content\/uploads\/2017\/08\/\u00c9ricoMelo-pres.-do-SINCOR-SE-180x120.jpg 180w, https:\/\/senoticias.com.br\/se\/wp-content\/uploads\/2017\/08\/\u00c9ricoMelo-pres.-do-SINCOR-SE-95x64.jpg 95w\" sizes=\"(max-width: 588px) 100vw, 588px\" \/><p id=\"caption-attachment-105327\" class=\"wp-caption-text\">Nem metade dos ve\u00edculos \u00e9 recuperada, alerta \u00c9rico Melo (foto: arquivo pessoal)<\/p><\/div>\n<p style=\"text-align: justify;\">Desses ve\u00edculos roubados e furtados no primeiro semestre, 724 foram recuperados, o que corresponde a 41,30%, o quarto pior \u00edndice do pa\u00eds. O comerciante Jo\u00e3o Bosco Barreto n\u00e3o teve a mesma sorte. Ele teve o carro roubado e o ve\u00edculo n\u00e3o foi recuperado.<\/p>\n<p style=\"text-align: justify;\">\u201cFoi tudo r\u00e1pido. Eu estava estacionando, quando, de repente, um homem armado me abordou e levou o carro\u201d, conta Bosco, que logo depois registrou um boletim de ocorr\u00eancia em uma delegacia e, ao mesmo tempo, acionou a seguradora. Como o ve\u00edculo n\u00e3o foi recuperado, em menos de um m\u00eas, ele recebeu o pagamento do seguro. Comprou outro carro e n\u00e3o pensou duas vezes: contratou o seguro novamente.\u00a0\u201cJ\u00e1 imaginou se eu n\u00e3o tivesse o seguro? Teria perdido cerca de R$ 32 mil, que foi o valor que recebi. Por isso que, quando comprei o\u00a0carro novo, contratei logo. Se acontecer alguma coisa, eu sei que tenho a quem recorrer\u201d, afirma o comerciante.<\/p>\n<p style=\"text-align: justify;\">O presidente do Sindicato dos Corretores de Seguros de Sergipe (Sincor-SE), \u00c9rico Melo, afirma que a contrata\u00e7\u00e3o do seguro \u00e9 fundamental para a tranquilidade do cliente, em caso de roubos, furtos e colis\u00f5es, por exemplo. \u201cOs seguros s\u00e3o um alento nesse momento, pois ressarcem os preju\u00edzos, que muitas das vezes s\u00e3o o fruto das economias de muitos e muitos anos\u201d, destaca.<\/p>\n<p style=\"text-align: justify;\"><strong>Qual a melhor op\u00e7\u00e3o?<\/strong><\/p>\n<p style=\"text-align: justify;\">Com um mercado cada vez mais amplo, o setor de seguros oferece diversos servi\u00e7os, que v\u00e3o al\u00e9m da assist\u00eancia imediata, em caso de algum sinistro. Para escolher a melhor op\u00e7\u00e3o, o consumidor precisa avaliar o que realmente precisa. \u201cO mais importante \u00e9 a consultoria do corretor de seguros, que, diante das necessidades do segurado, vai oferecer a melhor op\u00e7\u00e3o baseada no seu perfil. A tend\u00eancia atual \u00e9 que os produtos massificados tenham um vi\u00e9s individualizado e esse olhar personalizado somente o corretor de seguros oferece\u201d, explica o presidente do Sincor-SE, \u00c9rico Melo.<\/p>\n<p style=\"text-align: justify;\"><img loading=\"lazy\" decoding=\"async\" class=\"aligncenter size-full wp-image-105165\" src=\"http:\/\/senoticias.com.br\/se\/wp-content\/uploads\/2017\/07\/Logo-fone-1-2-1-2-4-6-1-1.jpg\" alt=\"Logo-fone-1-2-1-2-4-6-1\" width=\"599\" height=\"78\" srcset=\"https:\/\/senoticias.com.br\/se\/wp-content\/uploads\/2017\/07\/Logo-fone-1-2-1-2-4-6-1-1.jpg 599w, https:\/\/senoticias.com.br\/se\/wp-content\/uploads\/2017\/07\/Logo-fone-1-2-1-2-4-6-1-1-300x39.jpg 300w\" sizes=\"(max-width: 599px) 100vw, 599px\" \/><\/p>\n<p style=\"text-align: justify;\"><em><strong>Acompanhe tamb\u00e9m o SE Not\u00edcias no\u00a0<a href=\"https:\/\/twitter.com\/Senoticias\" target=\"_blank\">Twitter<\/a>,\u00a0<a href=\"https:\/\/www.facebook.com\/senoticias1\" target=\"_blank\">Facebook<\/a>\u00a0e no\u00a0<a href=\"https:\/\/www.instagram.com\/senoticias\/\" target=\"_blank\">Instagram<\/a><\/strong><\/em><\/p>\n<p style=\"text-align: justify;\"><em>Da Assessoria de Imprensa<\/em><\/p>\n","protected":false},"excerpt":{"rendered":"<p>O motorista tem que ficar de olho no tr\u00e2nsito. Isso todo mundo sabe. Mas tem outro perigo que tamb\u00e9m preocupa e deve manter os condutores em alerta: os roubos e furtos de ve\u00edculos. Em todo o pa\u00eds, os n\u00fameros s\u00e3o alarmantes. Aqui em Sergipe, s\u00f3 no primeiro semestre do ano, dados da Confedera\u00e7\u00e3o Nacional das [&hellip;]<\/p>\n","protected":false},"author":2,"featured_media":105327,"comment_status":"closed","ping_status":"closed","sticky":false,"template":"","format":"standard","meta":{"footnotes":""},"categories":[15,6],"tags":[5001,4999,594,5002,223,5000,2940],"class_list":{"0":"post-105326","1":"post","2":"type-post","3":"status-publish","4":"format-standard","5":"has-post-thumbnail","7":"category-destaques","8":"category-politica","9":"tag-corretores","10":"tag-furtos","11":"tag-roubos","12":"tag-seguros","13":"tag-sergipe","14":"tag-sindicato","15":"tag-veiculos"},"_links":{"self":[{"href":"https:\/\/senoticias.com.br\/se\/wp-json\/wp\/v2\/posts\/105326"}],"collection":[{"href":"https:\/\/senoticias.com.br\/se\/wp-json\/wp\/v2\/posts"}],"about":[{"href":"https:\/\/senoticias.com.br\/se\/wp-json\/wp\/v2\/types\/post"}],"author":[{"embeddable":true,"href":"https:\/\/senoticias.com.br\/se\/wp-json\/wp\/v2\/users\/2"}],"replies":[{"embeddable":true,"href":"https:\/\/senoticias.com.br\/se\/wp-json\/wp\/v2\/comments?post=105326"}],"version-history":[{"count":0,"href":"https:\/\/senoticias.com.br\/se\/wp-json\/wp\/v2\/posts\/105326\/revisions"}],"wp:featuredmedia":[{"embeddable":true,"href":"https:\/\/senoticias.com.br\/se\/wp-json\/wp\/v2\/media\/105327"}],"wp:attachment":[{"href":"https:\/\/senoticias.com.br\/se\/wp-json\/wp\/v2\/media?parent=105326"}],"wp:term":[{"taxonomy":"category","embeddable":true,"href":"https:\/\/senoticias.com.br\/se\/wp-json\/wp\/v2\/categories?post=105326"},{"taxonomy":"post_tag","embeddable":true,"href":"https:\/\/senoticias.com.br\/se\/wp-json\/wp\/v2\/tags?post=105326"}],"curies":[{"name":"wp","href":"https:\/\/api.w.org\/{rel}","templated":true}]}}