{"id":105324,"date":"2017-08-01T11:07:04","date_gmt":"2017-08-01T14:07:04","guid":{"rendered":"http:\/\/senoticias.com.br\/se\/?p=105324"},"modified":"2017-08-01T11:07:04","modified_gmt":"2017-08-01T14:07:04","slug":"policia-federal-apreende-cerca-de-1-tonelada-de-drogas-em-sergipe","status":"publish","type":"post","link":"https:\/\/senoticias.com.br\/se\/policia-federal-apreende-cerca-de-1-tonelada-de-drogas-em-sergipe\/","title":{"rendered":"Pol\u00edcia Federal apreende cerca de 1 tonelada de drogas em Sergipe"},"content":{"rendered":"<p style=\"text-align: justify;\">A Pol\u00edcia Federal em Sergipe, desenvolvendo investiga\u00e7\u00f5es sobre uma organiza\u00e7\u00e3o criminosa especializada em tr\u00e1fico interestadual de drogas, realizou diversas opera\u00e7\u00f5es e apreens\u00f5es durante o m\u00eas de julho.<\/p>\n<p style=\"text-align: justify;\">As dilig\u00eancias iniciaram em mar\u00e7o de 2016, na cidade de Lagarto\/SE, quando a PF\/SE apreendeu cerca de 366 kg de coca\u00edna que estavam escondidas no fundo falso da carroceria de um caminh\u00e3o carreta. Na ocasi\u00e3o, 4 pessoas foram presas.<\/p>\n<div id=\"attachment_94051\" style=\"width: 609px\" class=\"wp-caption aligncenter\"><img loading=\"lazy\" decoding=\"async\" aria-describedby=\"caption-attachment-94051\" class=\"size-full wp-image-94051\" src=\"http:\/\/senoticias.com.br\/se\/wp-content\/uploads\/2016\/07\/Pol\u00edcia-federal-apreende-uma-tonelada-maconha-SE-Noticias-e1468249927432.jpg\" alt=\"cerca de uma tonelada de drogas foi apreendida em julho em Sergipe (foto: arquivo\/PF\/SE)\" width=\"599\" height=\"337\" \/><p id=\"caption-attachment-94051\" class=\"wp-caption-text\">Cerca de uma tonelada de drogas foi apreendida em julho em Sergipe (foto: arquivo\/PF\/SE)<\/p><\/div>\n<p style=\"text-align: justify;\">Do citado grupo criminoso, foram apreendidas, aproximadamente, 150 kg de drogas (coca\u00edna\/maconha) que seriam destinadas aos Estados de Sergipe, Bahia, Alagoas, Cear\u00e1 e outros Estados da Regi\u00e3o Nordeste do pa\u00eds.<\/p>\n<p style=\"text-align: justify;\">No dia 2 de julho, em barreira policial, uma mulher que estava transportando cerca de 2 kg de coca\u00edna em um \u00f4nibus interestadual, na cidade de Ribeira do Pombal\/BA, foi presa. As dilig\u00eancias apontaram que parte do entorpecente seria destinada ao Estado de Sergipe.<\/p>\n<p style=\"text-align: justify;\">No dia 11 de julho, um homem transportando cerca de 122 kg de maconha, em um \u00f4nibus interestadual, na cidade de Crato\/CE, foi detido. A droga tinha como destino os Estados de Sergipe, Alagoas e Cear\u00e1.<\/p>\n<p style=\"text-align: justify;\">Ainda em julho, no dia 31, em cumprimento ao Mandado de Busca e Apreens\u00e3o, expedido pelo Ju\u00edzo da Comarca da Cidade de Lagarto\/SE, cerca de 26 kg de coca\u00edna, que estavam escondidos no fundo falso da carroceria de uma caminhonete, foram localizados e apreendidos. A droga seria distribu\u00edda em v\u00e1rios Estados do Nordeste, inclusive, Sergipe.<\/p>\n<p style=\"text-align: justify;\">Investiga\u00e7\u00f5es d\u00e3o conta que o bando em tela \u00e9 respons\u00e1vel pelo fornecimento, transporte e venda de carregamentos de maconha, coca\u00edna e crack para a Regi\u00e3o Nordeste do pa\u00eds.<\/p>\n<p style=\"text-align: justify;\"><strong>Estat\u00edstica:<\/strong><\/p>\n<p style=\"text-align: justify;\">Em 2017, at\u00e9 a presente data, cerca de 1 tonelada de maconha foi apreendida, al\u00e9m de 60 kg de coca\u00edna\/pasta base\/crack, 10 ve\u00edculos e 2 armas.<\/p>\n<p style=\"text-align: justify;\">\n<p style=\"text-align: justify;\"><img loading=\"lazy\" decoding=\"async\" class=\"aligncenter size-full wp-image-105165\" src=\"http:\/\/senoticias.com.br\/se\/wp-content\/uploads\/2017\/07\/Logo-fone-1-2-1-2-4-6-1-1.jpg\" alt=\"Logo-fone-1-2-1-2-4-6-1\" width=\"599\" height=\"78\" srcset=\"https:\/\/senoticias.com.br\/se\/wp-content\/uploads\/2017\/07\/Logo-fone-1-2-1-2-4-6-1-1.jpg 599w, https:\/\/senoticias.com.br\/se\/wp-content\/uploads\/2017\/07\/Logo-fone-1-2-1-2-4-6-1-1-300x39.jpg 300w\" sizes=\"(max-width: 599px) 100vw, 599px\" \/><\/p>\n<p style=\"text-align: justify;\">\n<p style=\"text-align: justify;\"><em><strong>Acompanhe tamb\u00e9m o SE Not\u00edcias no\u00a0<a href=\"https:\/\/twitter.com\/Senoticias\" target=\"_blank\">Twitter<\/a>,\u00a0<a href=\"https:\/\/www.facebook.com\/senoticias1\" target=\"_blank\">Facebook<\/a>\u00a0e no\u00a0<a href=\"https:\/\/www.instagram.com\/senoticias\/\" target=\"_blank\">Instagram<\/a><\/strong><\/em><\/p>\n<p style=\"text-align: justify;\"><em>por ascom\/Pol\u00edcia Federal\/Sergipe<\/em><\/p>\n","protected":false},"excerpt":{"rendered":"<p>A Pol\u00edcia Federal em Sergipe, desenvolvendo investiga\u00e7\u00f5es sobre uma organiza\u00e7\u00e3o criminosa especializada em tr\u00e1fico interestadual de drogas, realizou diversas opera\u00e7\u00f5es e apreens\u00f5es durante o m\u00eas de julho. As dilig\u00eancias iniciaram em mar\u00e7o de 2016, na cidade de Lagarto\/SE, quando a PF\/SE apreendeu cerca de 366 kg de coca\u00edna que estavam escondidas no fundo falso da [&hellip;]<\/p>\n","protected":false},"author":2,"featured_media":41350,"comment_status":"closed","ping_status":"closed","sticky":false,"template":"","format":"standard","meta":{"footnotes":""},"categories":[15,7],"tags":[4998,2497,1947,223],"class_list":{"0":"post-105324","1":"post","2":"type-post","3":"status-publish","4":"format-standard","5":"has-post-thumbnail","7":"category-destaques","8":"category-policia","9":"tag-1-tonelada","10":"tag-drogas","11":"tag-policia-federal","12":"tag-sergipe"},"_links":{"self":[{"href":"https:\/\/senoticias.com.br\/se\/wp-json\/wp\/v2\/posts\/105324"}],"collection":[{"href":"https:\/\/senoticias.com.br\/se\/wp-json\/wp\/v2\/posts"}],"about":[{"href":"https:\/\/senoticias.com.br\/se\/wp-json\/wp\/v2\/types\/post"}],"author":[{"embeddable":true,"href":"https:\/\/senoticias.com.br\/se\/wp-json\/wp\/v2\/users\/2"}],"replies":[{"embeddable":true,"href":"https:\/\/senoticias.com.br\/se\/wp-json\/wp\/v2\/comments?post=105324"}],"version-history":[{"count":0,"href":"https:\/\/senoticias.com.br\/se\/wp-json\/wp\/v2\/posts\/105324\/revisions"}],"wp:featuredmedia":[{"embeddable":true,"href":"https:\/\/senoticias.com.br\/se\/wp-json\/wp\/v2\/media\/41350"}],"wp:attachment":[{"href":"https:\/\/senoticias.com.br\/se\/wp-json\/wp\/v2\/media?parent=105324"}],"wp:term":[{"taxonomy":"category","embeddable":true,"href":"https:\/\/senoticias.com.br\/se\/wp-json\/wp\/v2\/categories?post=105324"},{"taxonomy":"post_tag","embeddable":true,"href":"https:\/\/senoticias.com.br\/se\/wp-json\/wp\/v2\/tags?post=105324"}],"curies":[{"name":"wp","href":"https:\/\/api.w.org\/{rel}","templated":true}]}}