{"id":105284,"date":"2017-07-30T20:10:34","date_gmt":"2017-07-30T23:10:34","guid":{"rendered":"http:\/\/senoticias.com.br\/se\/?p=105284"},"modified":"2017-07-30T20:37:22","modified_gmt":"2017-07-30T23:37:22","slug":"prefeitura-realiza-audiencia-publica-para-acoes-prioritarias-no-jardim-universitario","status":"publish","type":"post","link":"https:\/\/senoticias.com.br\/se\/prefeitura-realiza-audiencia-publica-para-acoes-prioritarias-no-jardim-universitario\/","title":{"rendered":"Prefeitura realiza Audi\u00eancia P\u00fablica para discutir a\u00e7\u00f5es priorit\u00e1rias no Jardim Universit\u00e1rio"},"content":{"rendered":"<p style=\"text-align: justify;\">Na manh\u00e3 deste domingo (30), na Escola Municipal de Ensino Fundamental Ruth Dulce de Almeida, no Jardim Universit\u00e1rio (Rosa Elze), aconteceu a segunda audi\u00eancia p\u00fablica do \u201cParticipa S\u00e3o Crist\u00f3v\u00e3o \u2013 elabora\u00e7\u00e3o do Plano Plurianual (PPA) 2018-2021\u201d. O objetivo dos encontros com a popula\u00e7\u00e3o \u00e9 a constru\u00e7\u00e3o democr\u00e1tica das pol\u00edticas p\u00fablicas do munic\u00edpio para os pr\u00f3ximos quatros anos. Integrando todos os participantes, uma roda de ora\u00e7\u00e3o foi montada pelos pr\u00f3prios moradores abrindo os trabalhos. O PPA tamb\u00e9m marca a parceria com a Universidade Federal de Sergipe, no tocante aos projetos que ser\u00e3o desenvolvidos ao longo da gest\u00e3o, atrav\u00e9s do N\u00facleo de Empreendedorismo (Empresas Juniores).<\/p>\n<div id=\"attachment_105288\" style=\"width: 609px\" class=\"wp-caption aligncenter\"><img loading=\"lazy\" decoding=\"async\" aria-describedby=\"caption-attachment-105288\" class=\"size-full wp-image-105288\" src=\"http:\/\/senoticias.com.br\/se\/wp-content\/uploads\/2017\/07\/7-e1501456652832.jpeg\" alt=\"Segunda Audi\u00eancia aconteceu no Jardim Universit\u00e1rio\" width=\"599\" height=\"397\" \/><p id=\"caption-attachment-105288\" class=\"wp-caption-text\">Segunda Audi\u00eancia aconteceu no Jardim Universit\u00e1rio (foto: Daniele Pereira\/Ascom\/PMSC)<\/p><\/div>\n<p style=\"text-align: justify;\">O prefeito Marcos Santana, acompanhado do vice-prefeito, Adilson J\u00fanior, e de todo o secretariado sancristovense e vereadores do munic\u00edpio, falou da import\u00e2ncia do PPA acontecer dentro da regi\u00e3o do Grande Rosa Elze. \u201c\u00c9 preciso acabar com esse apartheid entre os moradores do Grande Rosa Elze e S\u00e3o Crist\u00f3v\u00e3o sede, somos todos uma mesma cidade. Temos que despertar nos moradores daqui o sentimento de pertencimento e \u00e9 justamente esta tarefa que estamos cumprindo. A participa\u00e7\u00e3o popular \u00e9 uma das colunas principais de nossa gest\u00e3o, pois est\u00e1 em nosso plano de governo. Compreendemos que com a participa\u00e7\u00e3o do povo erramos menos e se erramos, erramos juntos. Essa diretriz (PPA) \u00e9 importante para que a popula\u00e7\u00e3o discuta os caminhos que queremos para a nossa cidade e neste processo, a fala dos moradores (relatando suas necessidades) nortear\u00e3o nossas a\u00e7\u00f5es. \u00c9 importante tra\u00e7armos as prioridades, pois os recursos financeiros n\u00e3o est\u00e3o em abund\u00e2ncia. O dinheiro \u00e9 curto e em momentos de crise, a prioridade de cada setor ser\u00e1 o foco de nossas a\u00e7\u00f5es. Estamos chamamos a popula\u00e7\u00e3o para juntos constru\u00edmos a cidade que queremos morar\u201d, explicou o prefeito.<\/p>\n<p style=\"text-align: justify;\">Os secret\u00e1rios de Infraestrutura (Thiago Souza), Educa\u00e7\u00e3o (Andr\u00e9a Herm\u00ednia de Aguiar Oliveira, Sa\u00fade (J\u00f3elia Silva Santos) e Assist\u00eancia Social e do Trabalho (Fernanda Rodrigues), conversaram com a popula\u00e7\u00e3o sobre suas respectivas \u00e1reas, buscando entender melhor os problemas e relatando as possibilidades de resolu\u00e7\u00e3o.<\/p>\n<div id=\"attachment_105287\" style=\"width: 609px\" class=\"wp-caption aligncenter\"><img loading=\"lazy\" decoding=\"async\" aria-describedby=\"caption-attachment-105287\" class=\"size-full wp-image-105287\" src=\"http:\/\/senoticias.com.br\/se\/wp-content\/uploads\/2017\/07\/12-e1501456609761.jpeg\" alt=\"Prefeito se re\u00fane com secret\u00e1rios e comunidade para discutir a\u00e7\u00f5es priorit\u00e1rias para defini\u00e7\u00e3o do PPA 2018\/2021 em S\u00e3o Crist\u00f3v\u00e3o\" width=\"599\" height=\"397\" \/><p id=\"caption-attachment-105287\" class=\"wp-caption-text\">Prefeito se re\u00fane com secret\u00e1rios e comunidade para discutir a\u00e7\u00f5es priorit\u00e1rias para defini\u00e7\u00e3o do PPA 2018\/2021 em S\u00e3o Crist\u00f3v\u00e3o<\/p><\/div>\n<p style=\"text-align: justify;\">A secret\u00e1ria de Assist\u00eancia Social e do Trabalho, Fernanda Rodrigues, apresentou as atribui\u00e7\u00f5es da pasta, mostrando quest\u00f5es ligadas \u00e0 assist\u00eancia social, \u00e0 diretoria do trabalho e ao programa de seguran\u00e7a alimentar. T\u00f3picos como: cria\u00e7\u00e3o de concurso p\u00fablico, capacita\u00e7\u00f5es, plano de cargos e carreiras, cria\u00e7\u00e3o da lei do Sistema \u00danico de Assist\u00eancia Social (SUAS), implanta\u00e7\u00e3o da Vigil\u00e2ncia Socioassistencial, amplia\u00e7\u00e3o das quest\u00f5es sobre viol\u00eancia (desmistificando o assunto), assist\u00eancia funeral, trabalho infantil, entre outros itens tamb\u00e9m foram abordados. \u201c\u00c9 preciso colocar para a popula\u00e7\u00e3o sancristovense quem s\u00e3o os usu\u00e1rios que precisam dessa assist\u00eancia. Em S\u00e3o Crist\u00f3v\u00e3o, temos 30% da popula\u00e7\u00e3o necessitando de servi\u00e7os sociais, ent\u00e3o precisamos fortalecer e ofertar conhecimento sobre as pr\u00f3prias pol\u00edticas de assist\u00eancia social\u201d, observou Fernanda.<\/p>\n<p style=\"text-align: justify;\">J\u00e1 Thiago Souza trouxe detalhes sobre os programas priorit\u00e1rios da Secretaria Municipal de Infraestrutura, apresentando o mote: \u201cS\u00e3o Crist\u00f3v\u00e3o com qualidade de vida para todos, em todos os cantos\u201d, ele abordou quest\u00f5es sobre: plano diretor da cidade, mobilidade urbana, acessibilidade das estradas, situa\u00e7\u00e3o de falta de infraestrutura em algumas ruas e avenidas. Thiago tamb\u00e9m apontou projetos ligados \u00e0 melhoria da cidade, e sinalizou os trabalhos que a Prefeitura de S\u00e3o Crist\u00f3v\u00e3o j\u00e1 vem realizando, no tocante \u00e0 constru\u00e7\u00e3o de rua e manuten\u00e7\u00f5es em locais antes abandonados. \u201cEsse encontro \u00e9 muito importante, por toda essa inteira\u00e7\u00e3o com a popula\u00e7\u00e3o, na constru\u00e7\u00e3o de um diagn\u00f3stico sobre o munic\u00edpio. Estamos desenvolvendo estudos e projetos que trar\u00e3o melhorias para a parte de drenagem do Jardim Universit\u00e1rio, por exemplo, e em outras \u00e1reas, por\u00e9m, alguns projetos demandam muito tempo, demandam recursos amplos e estamos buscando parcerias, apoio do governo do estado, federal para conseguirmos solucionar esses problemas. Sem di\u00e1logo n\u00e3o teremos resolu\u00e7\u00e3o, mas estamos \u00e0 disposi\u00e7\u00e3o para quaisquer mudan\u00e7as ou acr\u00e9scimos dentro do PPA da nossa pasta\u201d, informou.<\/p>\n<p style=\"text-align: justify;\">Apresentando o diagn\u00f3stico situacional da educa\u00e7\u00e3o, atrav\u00e9s do plano: Educa\u00e7\u00e3o, Diversidade e Cidadania, a secret\u00e1ria municipal de educa\u00e7\u00e3o, Andr\u00e9a Herm\u00ednia de Aguiar Oliveira, iniciou seu di\u00e1logo enfatizando se tratar de um grande desafio reestruturar a educa\u00e7\u00e3o, n\u00e3o s\u00f3 do ponto de vista f\u00edsico, mas tamb\u00e9m aumento do n\u00edvel educacional dos alunos. Assuntos como: concurso p\u00fablico, inclus\u00e3o social e educa\u00e7\u00e3o (acessibilidade dos alunos com defici\u00eancia), cria\u00e7\u00e3o de n\u00facleo de atendimento educacional, forma\u00e7\u00e3o continuada dos professores, pol\u00edtica de uniformes escolares, regulariza\u00e7\u00e3o do transporte escolar, n\u00facleo de alimento, campanhas dos direitos das crian\u00e7as e adolescentes, reestrutura\u00e7\u00e3o do quadro pedag\u00f3gico (transformar cada sala num laborat\u00f3rio de ensino), entre outros pontos foram abordados pela secret\u00e1ria. \u201cParabenizo a popula\u00e7\u00e3o pela participa\u00e7\u00e3o. Alegro-me pela participa\u00e7\u00e3o dos moradores nos encontros do PPA. A comunidade n\u00e3o est\u00e1 apenas apontando problemas, mas ajudando na responsabilidade social de reconstruirmos nossa cidade. \u00c9 um trabalho conjunto de uma reconstru\u00e7\u00e3o coletiva para fazermos de S\u00e3o Crist\u00f3v\u00e3o uma refer\u00eancia na educa\u00e7\u00e3o do nosso estado qui\u00e7\u00e1 do Brasil\u201d, enfatizou.<\/p>\n<p style=\"text-align: justify;\">A secret\u00e1ria municipal de sa\u00fade, Jo\u00e9lia Silva Santos, explicou que o ano de 2017 cumpre o \u00faltimo ano do PPA desenvolvido pela antiga gest\u00e3o, e que a constru\u00e7\u00e3o do PPA de 2018-2021, que vem sendo realizada pela atual gest\u00e3o, precisa ser bem elaborada para suprir as demandas da comunidade para os pr\u00f3ximos quatros anos. Jo\u00e9lia lembrou tamb\u00e9m que todas as unidades de sa\u00fade do munic\u00edpio foram encontradas sem estrutura de trabalho, nem para os profissionais, nem para atender aos moradores. A secret\u00e1ria apontou, por exemplo, o cemit\u00e9rio de ve\u00edculos (ambul\u00e2ncias) encontrado quando a gest\u00e3o iniciou. Jo\u00e9lia tamb\u00e9m informou que ir\u00e1 implantar a\u00e7\u00f5es dentro de algumas regi\u00f5es desassistidas para amenizar a falta de profissionais, e conversou tamb\u00e9m sobre a reabertura da unidade 24h no Eduardo Gomes, al\u00e9m de outras quest\u00f5es ligadas \u00e0 promo\u00e7\u00e3o \u00e0 sa\u00fade da popula\u00e7\u00e3o.<\/p>\n<p style=\"text-align: justify;\">\u201cAlguns pontos, como a aquisi\u00e7\u00e3o de duas ambul\u00e2ncias nesta semana, mutir\u00f5es de sa\u00fade dentro das comunidades, e outros pontos positivos j\u00e1 estamos realizando, mas, \u00e9 um processo longo, que precisa ser pensado e planejado com calma, para termos uma cobertura total. \u00c9 preciso ampliar o mapeamento da popula\u00e7\u00e3o que cresceu muito nos \u00faltimos anos. A cidade tem necessidades do ponto de vista das quest\u00f5es b\u00e1sicas e estamos planejando a resolu\u00e7\u00e3o disso tudo. N\u00e3o se faz um governo isolado. O governo \u00e9 composto e \u00e9 intersetorial. A sa\u00fade n\u00e3o \u00e9 constitu\u00edda s\u00f3 dos servi\u00e7os b\u00e1sicos, comp\u00f5e algo mais abrangente. Nossa proposta \u00e9 uma sa\u00fade acolhedora, dentro do Programa Final\u00edstico (Estruturador): Sa\u00fade, Acolhedora e Inclusiva\u201d, enfatizou Jo\u00e9lia.<\/p>\n<p style=\"text-align: justify;\"><b>Presen\u00e7as<\/b><\/p>\n<p style=\"text-align: justify;\">Al\u00e9m das dezenas\u00a0de moradores e lideran\u00e7as comunit\u00e1rias, estiveram presentes \u00e0 Audi\u00eancia P\u00fablica, o\u00a0prefeito Marcos Santana, o vice-prefeito Adilson J\u00fanior\u00a0e os secret\u00e1rios municipais: Ademar Ribeiro (Planejamento), Eldro Fran\u00e7a (Fazenda), Jo\u00e9lia Silva (Sa\u00fade), Fernanda Rodrigues (Assist\u00eancia Social e Trabalho), Paola Santana (Governo), Thiago Sousa (Infraestrutura), \u00a0Andr\u00e9a Herm\u00ednia de Aguiar Oliveira (Educa\u00e7\u00e3o) e Genilvado Silva (Servi\u00e7os Urbanos).<\/p>\n<p style=\"text-align: justify;\">Tamb\u00e9m prestigiaram o evento os vereadores: Rege do Rosa Maria (PSDB), Djalma Santana (PRP), Vanderlan Nego (PRP), Edson Pereira (SD) e Vanderlan Correia (PMDB), presidente da C\u00e2mara Municipal.<\/p>\n<p><strong>Como funciona o PPA?<\/strong><\/p>\n<p style=\"text-align: justify;\">O Plano Plurianual \u00e9 um instrumento de planejamento previsto na Constitui\u00e7\u00e3o de 1988, que estabelece as prioridades da administra\u00e7\u00e3o p\u00fablica para quatro anos, iniciando sempre no segundo ano do governo e terminando no primeiro ano do governo seguinte. Permite estabelecer prioridades e definir como melhor aplicar os recursos p\u00fablicos. O \u201cParticipa S\u00e3o Crist\u00f3v\u00e3o \u2013 elabora\u00e7\u00e3o do Plano Plurianual (PPA)\u201d estipula as metas para 2018 com validade at\u00e9 2021. Ao todos ser\u00e3o quatros encontros (audi\u00eancias p\u00fablicas), realizados na sede do munic\u00edpio e no Grande Rosa Elze. Vale ressaltar que a metodologia aplicada nas audi\u00eancias p\u00fablicas contempla a amostragem de propostas por parte da gest\u00e3o (cada secretaria municipal), com interven\u00e7\u00f5es da comunidade sinalizando as demandas e recebendo explica\u00e7\u00f5es sobre cada item apresentado. Todas as discuss\u00f5es e apontamentos levantados durante as audi\u00eancias do PPA ser\u00e3o apresentado \u00e0 C\u00e2mara de Vereadores do Munic\u00edpio no final de agosto.<\/p>\n<p style=\"text-align: justify;\"><strong>Participa\u00e7\u00e3o coletiva<\/strong><\/p>\n<p style=\"text-align: justify;\">Os moradores compreenderam a din\u00e2mica do PPA e no decorrer de cada apresenta\u00e7\u00e3o (do secretariado municipal), discursava sobre as demandas de sua regi\u00e3o, recebendo as devidas respostas e orienta\u00e7\u00f5es sobre cada assunto. Segundo Jorge Valdisson Pereira, o PPA foi uma sinaliza\u00e7\u00e3o de di\u00e1logo v\u00e1lida entre a gest\u00e3o p\u00fablica e o cidad\u00e3o. \u201cTemos o direito de cobrar a\u00e7\u00f5es, explica\u00e7\u00f5es e conversar diretamente com o prefeito e a sua gest\u00e3o. Esse encontro \u00e9 importante justamente por proporcionar isto. \u00c9 uma discuss\u00e3o iniciante, mas certeira para todos n\u00f3s moradores\u201d avaliou.<\/p>\n<p style=\"text-align: justify;\">A mesma opini\u00e3o foi compartilhada pelo componente da lideran\u00e7a comunit\u00e1ria da V\u00e1rzea Grande e Loteamento Santo In\u00e1cio, Manoel Lima Rodrigues. \u201cAcredito nesta administra\u00e7\u00e3o, pois vejo que vem trabalhando para solucionar nossos problemas. Sabemos que nada ser\u00e1 resolvido agora, mas estamos confiantes no que Marcos Santana vem apresentando j\u00e1 neste in\u00edcio de sua administra\u00e7\u00e3o\u201d, enfatizou.<\/p>\n<p style=\"text-align: justify;\">J\u00e1 Ros\u00e2ngela Lima Silva (Ros\u00e2ngela Enfermeira), lideran\u00e7a do Jardim Universit\u00e1rio, enalteceu a liga\u00e7\u00e3o transparente que a administra\u00e7\u00e3o municipal vem mantendo com a popula\u00e7\u00e3o. \u201cEsse contato \u00e9 importante, porque as melhorias que estamos precisamos vir\u00e1 para todos, independentemente de quest\u00f5es pol\u00edticas. Estamos passando necessidades, principalmente, nas \u00e1reas de infraestrutura e sa\u00fade, e esta audi\u00eancia onde podemos expressar nossa situa\u00e7\u00e3o \u00e9 fundamental para apontarmos causas e ouvirmos as solu\u00e7\u00f5es. Fa\u00e7o quest\u00e3o de participar do PPA com a esperan\u00e7a de reconstruirmos um processo de confian\u00e7a entre moradores e Prefeitura de S\u00e3o Crist\u00f3v\u00e3o\u201d, frisou.<\/p>\n<p><strong>Parceria UFS<\/strong><\/p>\n<p style=\"text-align: justify;\">A UFS, que est\u00e1 contribuindo na formata\u00e7\u00e3o da metodologia empregada durante audi\u00eancias p\u00fablicas e na sistematiza\u00e7\u00e3o das demandas apresentadas, vem realizando a pesquisa de valida\u00e7\u00e3o do PPA junto aos moradores. De acordo com a pr\u00f3-reitora de Extens\u00e3o da UFS, Ala\u00edde Herm\u00ednia de Aguiar Oliveira, os encontros do PPA servir\u00e3o de base para a constru\u00e7\u00e3o de projetos elaborados pelas empresas juniores da UFS e a gest\u00e3o municipal. \u201c\u00c9 uma constru\u00e7\u00e3o, numa parceria in\u00e9dita com a gest\u00e3o municipal, onde estamos ouvindo e conversando com os moradores, para sabermos suas demandas e elaborarmos projetos diretamente ligados \u00e0 popula\u00e7\u00e3o\u201d, explicou.<\/p>\n<p style=\"text-align: justify;\">Alunos do curso de Fonoaudiologia da UFS, atrav\u00e9s do projeto Casa de Farinha, tamb\u00e9m integraram o PPA durante este domingo, realizando exames de audi\u00e7\u00e3o. De acordo com a coordenadora do projeto, Tereza Raquel Sena, o convite surgiu da pr\u00f3-reitora de Extens\u00e3o e foi prontamente atendido. \u201cNosso projeto foi pensado para os trabalhadores das casas de farinhas (que sofrem com a surdez decorrente do ru\u00eddo e do veneno agr\u00edcola), mas estendemos nosso atendimento at\u00e9 esse evento no intuito de avaliarmos os trabalhadores rurais que participaram do PPA. Realizamos uma frente de trabalho com seis subdivis\u00f5es avaliativas, examinando todo o ouvido (em seus seis nichos). A surdez n\u00e3o tem cura, mas podemos tratar o problema para que n\u00e3o se agrave mais. Toda oportunidade de realizarmos esses exames \u00e9 de extrema import\u00e2ncia\u201d, finalizou. A equipe do Casa de Farinha examinou 38 pacientes.<\/p>\n<p><strong>Confira os locais das pr\u00f3ximas audi\u00eancias p\u00fablicas:<\/strong><\/p>\n<p style=\"text-align: justify;\"><strong>Dia 03\/08:<\/strong> Escola Estadual Gl\u00f3rita Portugal, rua 62 s\/n, Eduardo Gomes, \u00e0s 19h;<br \/>\n<strong>Dia 06\/08:<\/strong> Escola Estadual Gaspar Louren\u00e7o, rua A, no Apicum (sede do munic\u00edpio), \u00e0s 9h.<\/p>\n<p style=\"text-align: justify;\"><img loading=\"lazy\" decoding=\"async\" class=\"aligncenter size-full wp-image-105165\" src=\"http:\/\/senoticias.com.br\/se\/wp-content\/uploads\/2017\/07\/Logo-fone-1-2-1-2-4-6-1-1.jpg\" alt=\"Logo-fone-1-2-1-2-4-6-1\" width=\"599\" height=\"78\" srcset=\"https:\/\/senoticias.com.br\/se\/wp-content\/uploads\/2017\/07\/Logo-fone-1-2-1-2-4-6-1-1.jpg 599w, https:\/\/senoticias.com.br\/se\/wp-content\/uploads\/2017\/07\/Logo-fone-1-2-1-2-4-6-1-1-300x39.jpg 300w\" sizes=\"(max-width: 599px) 100vw, 599px\" \/><\/p>\n<p style=\"text-align: justify;\"><em><strong>Acompanhe tamb\u00e9m o SE Not\u00edcias no\u00a0<a href=\"https:\/\/twitter.com\/Senoticias\" target=\"_blank\">Twitter<\/a>,\u00a0<a href=\"https:\/\/www.facebook.com\/senoticias1\" target=\"_blank\">Facebook<\/a>\u00a0e no\u00a0<a href=\"https:\/\/www.instagram.com\/senoticias\/\" target=\"_blank\">Instagram<\/a><\/strong><\/em><\/p>\n<p style=\"text-align: justify;\"><em>Com informa\u00e7\u00f5es da Ascom\/PMSC<\/em><\/p>\n","protected":false},"excerpt":{"rendered":"<p>Na manh\u00e3 deste domingo (30), na Escola Municipal de Ensino Fundamental Ruth Dulce de Almeida, no Jardim Universit\u00e1rio (Rosa Elze), aconteceu a segunda audi\u00eancia p\u00fablica do \u201cParticipa S\u00e3o Crist\u00f3v\u00e3o \u2013 elabora\u00e7\u00e3o do Plano Plurianual (PPA) 2018-2021\u201d. O objetivo dos encontros com a popula\u00e7\u00e3o \u00e9 a constru\u00e7\u00e3o democr\u00e1tica das pol\u00edticas p\u00fablicas do munic\u00edpio para os pr\u00f3ximos [&hellip;]<\/p>\n","protected":false},"author":2,"featured_media":105286,"comment_status":"closed","ping_status":"closed","sticky":false,"template":"","format":"standard","meta":{"footnotes":""},"categories":[15,38],"tags":[4978,3756,4069,2884,81],"class_list":{"0":"post-105284","1":"post","2":"type-post","3":"status-publish","4":"format-standard","5":"has-post-thumbnail","7":"category-destaques","8":"category-municipios","9":"tag-acoes-prioritarias","10":"tag-audiencia-publica","11":"tag-jardim-universitario","12":"tag-prefeitura","13":"tag-prefeitura-de-sao-cristovao"},"_links":{"self":[{"href":"https:\/\/senoticias.com.br\/se\/wp-json\/wp\/v2\/posts\/105284"}],"collection":[{"href":"https:\/\/senoticias.com.br\/se\/wp-json\/wp\/v2\/posts"}],"about":[{"href":"https:\/\/senoticias.com.br\/se\/wp-json\/wp\/v2\/types\/post"}],"author":[{"embeddable":true,"href":"https:\/\/senoticias.com.br\/se\/wp-json\/wp\/v2\/users\/2"}],"replies":[{"embeddable":true,"href":"https:\/\/senoticias.com.br\/se\/wp-json\/wp\/v2\/comments?post=105284"}],"version-history":[{"count":0,"href":"https:\/\/senoticias.com.br\/se\/wp-json\/wp\/v2\/posts\/105284\/revisions"}],"wp:featuredmedia":[{"embeddable":true,"href":"https:\/\/senoticias.com.br\/se\/wp-json\/wp\/v2\/media\/105286"}],"wp:attachment":[{"href":"https:\/\/senoticias.com.br\/se\/wp-json\/wp\/v2\/media?parent=105284"}],"wp:term":[{"taxonomy":"category","embeddable":true,"href":"https:\/\/senoticias.com.br\/se\/wp-json\/wp\/v2\/categories?post=105284"},{"taxonomy":"post_tag","embeddable":true,"href":"https:\/\/senoticias.com.br\/se\/wp-json\/wp\/v2\/tags?post=105284"}],"curies":[{"name":"wp","href":"https:\/\/api.w.org\/{rel}","templated":true}]}}