{"id":105277,"date":"2017-07-30T15:51:19","date_gmt":"2017-07-30T18:51:19","guid":{"rendered":"http:\/\/senoticias.com.br\/se\/?p=105277"},"modified":"2017-08-02T13:36:01","modified_gmt":"2017-08-02T16:36:01","slug":"mpe-busca-esclarecimentos-sobre-falta-de-delegados-no-interior-do-estado","status":"publish","type":"post","link":"https:\/\/senoticias.com.br\/se\/mpe-busca-esclarecimentos-sobre-falta-de-delegados-no-interior-do-estado\/","title":{"rendered":"MPE busca esclarecimentos sobre falta de Delegados no interior do Estado"},"content":{"rendered":"<div style=\"text-align: justify;\">\n<p><span style=\"color: #000000;\"><span style=\"color: #000000;\"><span lang=\"pt-BR\">A Procuradoria-Geral de Justi\u00e7a, atrav\u00e9s da Coordenadoria Geral, do Centro de Apoio Operacional da Seguran\u00e7a P\u00fablica e da Promotoria do Controle Externo da Atividade Policial, se reuniu com a Secretaria de Estado da Seguran\u00e7a P\u00fablica \u2013 SSP\/SE.<\/span><\/span><\/span><\/p>\n<div id=\"attachment_105278\" style=\"width: 609px\" class=\"wp-caption aligncenter\"><img loading=\"lazy\" decoding=\"async\" aria-describedby=\"caption-attachment-105278\" class=\"size-full wp-image-105278\" src=\"http:\/\/senoticias.com.br\/se\/wp-content\/uploads\/2017\/07\/MPE-SENOTICIAS--e1501440600602.jpg\" alt=\"MP se re\u00fane com SSP para buscar alternativas para minimizar os impactos causados pela falta de Delegados no interior do Estado \" width=\"599\" height=\"384\" \/><p id=\"caption-attachment-105278\" class=\"wp-caption-text\">MP se re\u00fane com SSP para buscar alternativas para minimizar os impactos causados pela falta de Delegados no interior do Estado (foto: SSP\/SE)<\/p><\/div>\n<\/div>\n<p class=\"western\" style=\"text-align: justify;\"><span style=\"color: #000000;\"><span lang=\"pt-BR\">O objetivo do encontro foi debater o estabelecimento de estrat\u00e9gias de atua\u00e7\u00e3o institucionais do MPSE e da SSP\/SE, voltadas \u00e0 busca de alternativas para minimiza\u00e7\u00e3o dos impactos decorrentes da aus\u00eancia de Delegados nas Delegacias do interior do Estado, e, consequentemente, da falta de repostas \u00e0s requisi\u00e7\u00f5es ministeriais, dentre outros assuntos relevantes.<\/span><\/span><\/p>\n<p class=\"western\" style=\"text-align: justify;\"><span style=\"color: #000000;\"><span lang=\"pt-BR\">A reuni\u00e3o contou com a participa\u00e7\u00e3o da Procuradora de Justi\u00e7a e Coordenadora-Geral do MPSE, Dra. Ana Christina Souza Brandi; do Promotor de Justi\u00e7a e Assessor da Coordenadoria Geral, Dr. Et\u00e9lio de Carvalho Prado J\u00fanior; do Promotor de Justi\u00e7a e Diretor do CAOP da Seguran\u00e7a P\u00fablica, Dr. Jo\u00e3o Rodrigues Neto; do Promotor do Controle Externo da Atividade Policial, Dr. Augusto C\u00e9sar Lob\u00e3o; e da Delegada-Geral e representante da SSP\/SE, Dra. Katarina Feitoza.<\/span><\/span><\/p>\n<p class=\"western\" style=\"text-align: justify;\"><span style=\"color: #000000;\"><span lang=\"pt-BR\">A Delegada-Geral apresentou um levantamento detalhado das a\u00e7\u00f5es que est\u00e3o sendo desenvolvidas pela SSP\/SE, com o intuito de resolver as quest\u00f5es apresentadas, inclusive, com a implementa\u00e7\u00e3o de sistemas informatizados, dentre outras.<\/span><\/span><\/p>\n<p class=\"western\" style=\"text-align: justify;\"><span style=\"color: #000000;\"><span lang=\"pt-BR\">Durante a reuni\u00e3o ficou acordado o prazo de 30 (trinta) dias para que a SSP\/SE informe ao MP o que est\u00e1 sendo realizado e qual o plano de atua\u00e7\u00e3o para solucionar os pontos tratados.<\/span><\/span><\/p>\n<p class=\"western\" style=\"text-align: justify;\"><span style=\"color: #000000;\"><span lang=\"pt-BR\">O Minist\u00e9rio P\u00fablico de Sergipe se colocou, mais uma vez, \u00e0 disposi\u00e7\u00e3o para somar esfor\u00e7os, a fim de que sejam solucionados ou minimizados os problemas enfrentados pela SSP\/SE no combate \u00e0 viol\u00eancia em nosso Estado.<\/span><\/span><\/p>\n<p class=\"western\" style=\"text-align: justify;\"><img loading=\"lazy\" decoding=\"async\" class=\"aligncenter size-full wp-image-105165\" src=\"http:\/\/senoticias.com.br\/se\/wp-content\/uploads\/2017\/07\/Logo-fone-1-2-1-2-4-6-1-1.jpg\" alt=\"Logo-fone-1-2-1-2-4-6-1\" width=\"599\" height=\"78\" srcset=\"https:\/\/senoticias.com.br\/se\/wp-content\/uploads\/2017\/07\/Logo-fone-1-2-1-2-4-6-1-1.jpg 599w, https:\/\/senoticias.com.br\/se\/wp-content\/uploads\/2017\/07\/Logo-fone-1-2-1-2-4-6-1-1-300x39.jpg 300w\" sizes=\"(max-width: 599px) 100vw, 599px\" \/><\/p>\n<p class=\"western\" style=\"text-align: justify;\"><em><strong>Acompanhe tamb\u00e9m o SE Not\u00edcias no\u00a0<a href=\"https:\/\/twitter.com\/Senoticias\" target=\"_blank\">Twitter<\/a>,\u00a0<a href=\"https:\/\/www.facebook.com\/senoticias1\" target=\"_blank\">Facebook<\/a>\u00a0e no\u00a0<a href=\"https:\/\/www.instagram.com\/senoticias\/\" target=\"_blank\">Instagram<\/a><\/strong><\/em><\/p>\n<p class=\"western\"><em><b>Com informa\u00e7\u00f5es e foto<\/b><b>s<\/b><b>\u00a0da Coordenadoria Geral do MPSE<\/b><\/em><\/p>\n","protected":false},"excerpt":{"rendered":"<p>A Procuradoria-Geral de Justi\u00e7a, atrav\u00e9s da Coordenadoria Geral, do Centro de Apoio Operacional da Seguran\u00e7a P\u00fablica e da Promotoria do Controle Externo da Atividade Policial, se reuniu com a Secretaria de Estado da Seguran\u00e7a P\u00fablica \u2013 SSP\/SE. O objetivo do encontro foi debater o estabelecimento de estrat\u00e9gias de atua\u00e7\u00e3o institucionais do MPSE e da SSP\/SE, [&hellip;]<\/p>\n","protected":false},"author":2,"featured_media":105278,"comment_status":"closed","ping_status":"closed","sticky":false,"template":"","format":"standard","meta":{"footnotes":""},"categories":[15,7],"tags":[2794,3227,4809,2910],"class_list":{"0":"post-105277","1":"post","2":"type-post","3":"status-publish","4":"format-standard","5":"has-post-thumbnail","7":"category-destaques","8":"category-policia","9":"tag-delegados","10":"tag-estado","11":"tag-interior","12":"tag-mpe"},"_links":{"self":[{"href":"https:\/\/senoticias.com.br\/se\/wp-json\/wp\/v2\/posts\/105277"}],"collection":[{"href":"https:\/\/senoticias.com.br\/se\/wp-json\/wp\/v2\/posts"}],"about":[{"href":"https:\/\/senoticias.com.br\/se\/wp-json\/wp\/v2\/types\/post"}],"author":[{"embeddable":true,"href":"https:\/\/senoticias.com.br\/se\/wp-json\/wp\/v2\/users\/2"}],"replies":[{"embeddable":true,"href":"https:\/\/senoticias.com.br\/se\/wp-json\/wp\/v2\/comments?post=105277"}],"version-history":[{"count":0,"href":"https:\/\/senoticias.com.br\/se\/wp-json\/wp\/v2\/posts\/105277\/revisions"}],"wp:featuredmedia":[{"embeddable":true,"href":"https:\/\/senoticias.com.br\/se\/wp-json\/wp\/v2\/media\/105278"}],"wp:attachment":[{"href":"https:\/\/senoticias.com.br\/se\/wp-json\/wp\/v2\/media?parent=105277"}],"wp:term":[{"taxonomy":"category","embeddable":true,"href":"https:\/\/senoticias.com.br\/se\/wp-json\/wp\/v2\/categories?post=105277"},{"taxonomy":"post_tag","embeddable":true,"href":"https:\/\/senoticias.com.br\/se\/wp-json\/wp\/v2\/tags?post=105277"}],"curies":[{"name":"wp","href":"https:\/\/api.w.org\/{rel}","templated":true}]}}