{"id":105236,"date":"2017-07-27T15:23:39","date_gmt":"2017-07-27T18:23:39","guid":{"rendered":"http:\/\/senoticias.com.br\/se\/?p=105236"},"modified":"2017-07-30T15:57:04","modified_gmt":"2017-07-30T18:57:04","slug":"prefeito-de-aracaju-anuncia-pagamento-de-salario-para-o-dia-31","status":"publish","type":"post","link":"https:\/\/senoticias.com.br\/se\/prefeito-de-aracaju-anuncia-pagamento-de-salario-para-o-dia-31\/","title":{"rendered":"Prefeito de Aracaju anuncia pagamento de sal\u00e1rio para o dia 31"},"content":{"rendered":"<p style=\"text-align: justify;\">Nesta quinta-feira, 27, o prefeito Edvaldo Nogueira comunicou, atrav\u00e9s das redes sociais da Prefeitura Municipal de Aracaju (PMA), que o pagamento integral dos sal\u00e1rios de todos os servidores municipais, incluindo aposentados e pensionistas, ser\u00e1 realizado na pr\u00f3xima segunda-feira, 31.<\/p>\n<div id=\"attachment_105237\" style=\"width: 609px\" class=\"wp-caption aligncenter\"><img loading=\"lazy\" decoding=\"async\" aria-describedby=\"caption-attachment-105237\" class=\"size-full wp-image-105237\" src=\"http:\/\/senoticias.com.br\/se\/wp-content\/uploads\/2017\/07\/edvaldo_anunciojanaina_santos-e1501179769776.jpg\" alt=\"Foto: Jana\u00edna Santos\" width=\"599\" height=\"428\" \/><p id=\"caption-attachment-105237\" class=\"wp-caption-text\">Foto: Jana\u00edna Santos<\/p><\/div>\n<p style=\"text-align: justify;\">Desde que a nova gest\u00e3o assumiu, os sal\u00e1rios est\u00e3o sendo pagos sem atrasos dentro do m\u00eas trabalhado, tendo inclusive sido antecipado em meses anteriores. Mesmo com as dificuldades financeiras encontradas e a crise econ\u00f4mica nacional, o esfor\u00e7o relativo \u00e0 administra\u00e7\u00e3o financeira municipal permite que os trabalhadores fiquem seguros sobre o recebimento de suas remunera\u00e7\u00f5es. \u00a0&#8220;O resultado \u00e9 reflexo da \u00e9tica na administra\u00e7\u00e3o do dinheiro p\u00fablico. N\u00f3s cortamos gastos, conseguindo uma economia de 30% dos custeios. Desta maneira, conseguimos pagar os servidores em dia e retomar os investimentos na cidade&#8221;, explica o prefeito.<\/p>\n<p style=\"text-align: justify;\">A gest\u00e3o respons\u00e1vel das finan\u00e7as p\u00fablicas est\u00e1 permitindo que Aracaju retome o posto de capital da qualidade de vida. &#8220;Esse equil\u00edbrio vai nos permitir realizar obras, limpar a cidade, e colocar a sa\u00fade e educa\u00e7\u00e3o para funcionar. Com muito trabalho, muita dedica\u00e7\u00e3o e muita luta, n\u00f3s haveremos de vencer as dificuldades&#8221;, garante Edvaldo Nogueira.<\/p>\n<p style=\"text-align: justify;\"><img loading=\"lazy\" decoding=\"async\" class=\"aligncenter size-full wp-image-105165\" src=\"http:\/\/senoticias.com.br\/se\/wp-content\/uploads\/2017\/07\/Logo-fone-1-2-1-2-4-6-1-1.jpg\" alt=\"Logo-fone-1-2-1-2-4-6-1\" width=\"599\" height=\"78\" srcset=\"https:\/\/senoticias.com.br\/se\/wp-content\/uploads\/2017\/07\/Logo-fone-1-2-1-2-4-6-1-1.jpg 599w, https:\/\/senoticias.com.br\/se\/wp-content\/uploads\/2017\/07\/Logo-fone-1-2-1-2-4-6-1-1-300x39.jpg 300w\" sizes=\"(max-width: 599px) 100vw, 599px\" \/><\/p>\n<p style=\"text-align: justify;\"><em><strong>Acompanhe tamb\u00e9m o SE Not\u00edcias no\u00a0<a href=\"https:\/\/twitter.com\/Senoticias\" target=\"_blank\">Twitter<\/a>,\u00a0<a href=\"https:\/\/www.facebook.com\/senoticias1\" target=\"_blank\">Facebook<\/a>\u00a0e no\u00a0<a href=\"https:\/\/www.instagram.com\/senoticias\/\" target=\"_blank\">Instagram<\/a><\/strong><\/em><\/p>\n<p style=\"text-align: justify;\">Por AAN<\/p>\n<p style=\"text-align: justify;\">\n","protected":false},"excerpt":{"rendered":"<p>Nesta quinta-feira, 27, o prefeito Edvaldo Nogueira comunicou, atrav\u00e9s das redes sociais da Prefeitura Municipal de Aracaju (PMA), que o pagamento integral dos sal\u00e1rios de todos os servidores municipais, incluindo aposentados e pensionistas, ser\u00e1 realizado na pr\u00f3xima segunda-feira, 31. Desde que a nova gest\u00e3o assumiu, os sal\u00e1rios est\u00e3o sendo pagos sem atrasos dentro do m\u00eas [&hellip;]<\/p>\n","protected":false},"author":2,"featured_media":0,"comment_status":"closed","ping_status":"closed","sticky":false,"template":"","format":"standard","meta":{"footnotes":""},"categories":[6],"tags":[],"class_list":{"0":"post-105236","1":"post","2":"type-post","3":"status-publish","4":"format-standard","6":"category-politica"},"_links":{"self":[{"href":"https:\/\/senoticias.com.br\/se\/wp-json\/wp\/v2\/posts\/105236"}],"collection":[{"href":"https:\/\/senoticias.com.br\/se\/wp-json\/wp\/v2\/posts"}],"about":[{"href":"https:\/\/senoticias.com.br\/se\/wp-json\/wp\/v2\/types\/post"}],"author":[{"embeddable":true,"href":"https:\/\/senoticias.com.br\/se\/wp-json\/wp\/v2\/users\/2"}],"replies":[{"embeddable":true,"href":"https:\/\/senoticias.com.br\/se\/wp-json\/wp\/v2\/comments?post=105236"}],"version-history":[{"count":0,"href":"https:\/\/senoticias.com.br\/se\/wp-json\/wp\/v2\/posts\/105236\/revisions"}],"wp:attachment":[{"href":"https:\/\/senoticias.com.br\/se\/wp-json\/wp\/v2\/media?parent=105236"}],"wp:term":[{"taxonomy":"category","embeddable":true,"href":"https:\/\/senoticias.com.br\/se\/wp-json\/wp\/v2\/categories?post=105236"},{"taxonomy":"post_tag","embeddable":true,"href":"https:\/\/senoticias.com.br\/se\/wp-json\/wp\/v2\/tags?post=105236"}],"curies":[{"name":"wp","href":"https:\/\/api.w.org\/{rel}","templated":true}]}}