{"id":105234,"date":"2017-07-27T15:04:29","date_gmt":"2017-07-27T18:04:29","guid":{"rendered":"http:\/\/senoticias.com.br\/se\/?p=105234"},"modified":"2017-07-27T15:04:29","modified_gmt":"2017-07-27T18:04:29","slug":"termina-amanha-prazo-para-inscricao-no-fies","status":"publish","type":"post","link":"https:\/\/senoticias.com.br\/se\/termina-amanha-prazo-para-inscricao-no-fies\/","title":{"rendered":"Termina amanh\u00e3 prazo para inscri\u00e7\u00e3o no Fies"},"content":{"rendered":"<div id=\"attachment_104625\" style=\"width: 281px\" class=\"wp-caption alignleft\"><img loading=\"lazy\" decoding=\"async\" aria-describedby=\"caption-attachment-104625\" class=\"size-full wp-image-104625\" src=\"http:\/\/senoticias.com.br\/se\/wp-content\/uploads\/2017\/07\/fies-SENOTICIAS.png\" alt=\"Foto: divulga\u00e7\u00e3o\" width=\"271\" height=\"186\" srcset=\"https:\/\/senoticias.com.br\/se\/wp-content\/uploads\/2017\/07\/fies-SENOTICIAS.png 271w, https:\/\/senoticias.com.br\/se\/wp-content\/uploads\/2017\/07\/fies-SENOTICIAS-95x64.png 95w\" sizes=\"(max-width: 271px) 100vw, 271px\" \/><p id=\"caption-attachment-104625\" class=\"wp-caption-text\">Foto: divulga\u00e7\u00e3o<\/p><\/div>\n<p style=\"text-align: justify;\">Amanh\u00e3 (28) \u00e9 o \u00faltimo dia para estudantes se inscreverem para o Fundo de Financiamento Estudantil (Fies), referente ao segundo semestre de 2017. Elas podem ser feitas no site.<\/p>\n<p style=\"text-align: justify;\">\n<p style=\"text-align: justify;\">No total, 75 mil novas vagas est\u00e3o dispon\u00edveis aos estudantes que buscam financiamento em institui\u00e7\u00f5es privadas de educa\u00e7\u00e3o superior. Podem se inscrever aqueles que tenham participado do Exame Nacional do Ensino M\u00e9dio (Enem) a partir de 2010, com m\u00e9dia das notas igual ou superior a 450 pontos e nota na reda\u00e7\u00e3o superior a zero. O candidato tamb\u00e9m precisa ter renda familiar mensal bruta per capita de at\u00e9 tr\u00eas sal\u00e1rios m\u00ednimos.<\/p>\n<p style=\"text-align: justify;\">\n<p style=\"text-align: justify;\">Os estudantes pr\u00e9-selecionados dever\u00e3o concluir a inscri\u00e7\u00e3o pelo Sistema Informatizado do Fies (SisFies), entre 1\u00ba de agosto e 8 de setembro.<\/p>\n<p style=\"text-align: justify;\">\n<p style=\"text-align: justify;\"><img loading=\"lazy\" decoding=\"async\" class=\"aligncenter size-full wp-image-105165\" src=\"http:\/\/senoticias.com.br\/se\/wp-content\/uploads\/2017\/07\/Logo-fone-1-2-1-2-4-6-1-1.jpg\" alt=\"Logo-fone-1-2-1-2-4-6-1\" width=\"599\" height=\"78\" srcset=\"https:\/\/senoticias.com.br\/se\/wp-content\/uploads\/2017\/07\/Logo-fone-1-2-1-2-4-6-1-1.jpg 599w, https:\/\/senoticias.com.br\/se\/wp-content\/uploads\/2017\/07\/Logo-fone-1-2-1-2-4-6-1-1-300x39.jpg 300w\" sizes=\"(max-width: 599px) 100vw, 599px\" \/><\/p>\n<p style=\"text-align: justify;\">\n<p><em><strong>Acompanhe tamb\u00e9m o SE Not\u00edcias no\u00a0<a href=\"https:\/\/twitter.com\/Senoticias\" target=\"_blank\">Twitter<\/a>,\u00a0<a href=\"https:\/\/www.facebook.com\/senoticias1\" target=\"_blank\">Facebook<\/a>\u00a0e no\u00a0<a href=\"https:\/\/www.instagram.com\/senoticias\/\" target=\"_blank\">Instagram<\/a><\/strong><\/em><\/p>\n<p>Por Ag\u00eancia Brasil<\/p>\n","protected":false},"excerpt":{"rendered":"<p>Amanh\u00e3 (28) \u00e9 o \u00faltimo dia para estudantes se inscreverem para o Fundo de Financiamento Estudantil (Fies), referente ao segundo semestre de 2017. Elas podem ser feitas no site. No total, 75 mil novas vagas est\u00e3o dispon\u00edveis aos estudantes que buscam financiamento em institui\u00e7\u00f5es privadas de educa\u00e7\u00e3o superior. Podem se inscrever aqueles que tenham participado [&hellip;]<\/p>\n","protected":false},"author":2,"featured_media":0,"comment_status":"closed","ping_status":"closed","sticky":false,"template":"","format":"standard","meta":{"footnotes":""},"categories":[8],"tags":[370,1306,764,844],"class_list":{"0":"post-105234","1":"post","2":"type-post","3":"status-publish","4":"format-standard","6":"category-esporte-e-cultura","7":"tag-brasil","8":"tag-educacao","9":"tag-enem","10":"tag-fies"},"_links":{"self":[{"href":"https:\/\/senoticias.com.br\/se\/wp-json\/wp\/v2\/posts\/105234"}],"collection":[{"href":"https:\/\/senoticias.com.br\/se\/wp-json\/wp\/v2\/posts"}],"about":[{"href":"https:\/\/senoticias.com.br\/se\/wp-json\/wp\/v2\/types\/post"}],"author":[{"embeddable":true,"href":"https:\/\/senoticias.com.br\/se\/wp-json\/wp\/v2\/users\/2"}],"replies":[{"embeddable":true,"href":"https:\/\/senoticias.com.br\/se\/wp-json\/wp\/v2\/comments?post=105234"}],"version-history":[{"count":0,"href":"https:\/\/senoticias.com.br\/se\/wp-json\/wp\/v2\/posts\/105234\/revisions"}],"wp:attachment":[{"href":"https:\/\/senoticias.com.br\/se\/wp-json\/wp\/v2\/media?parent=105234"}],"wp:term":[{"taxonomy":"category","embeddable":true,"href":"https:\/\/senoticias.com.br\/se\/wp-json\/wp\/v2\/categories?post=105234"},{"taxonomy":"post_tag","embeddable":true,"href":"https:\/\/senoticias.com.br\/se\/wp-json\/wp\/v2\/tags?post=105234"}],"curies":[{"name":"wp","href":"https:\/\/api.w.org\/{rel}","templated":true}]}}