{"id":105232,"date":"2017-07-27T14:12:53","date_gmt":"2017-07-27T17:12:53","guid":{"rendered":"http:\/\/senoticias.com.br\/se\/?p=105232"},"modified":"2017-07-27T15:19:21","modified_gmt":"2017-07-27T18:19:21","slug":"caixa-economica-comeca-a-pagar-hoje-abono-do-pispasep","status":"publish","type":"post","link":"https:\/\/senoticias.com.br\/se\/caixa-economica-comeca-a-pagar-hoje-abono-do-pispasep\/","title":{"rendered":"Caixa Econ\u00f4mica come\u00e7a a pagar hoje abono do PIS\/Pasep"},"content":{"rendered":"<p style=\"text-align: justify;\">A Caixa Econ\u00f4mica Federal inicia hoje (27) o pagamento do Abono Salarial calend\u00e1rio 2017\/2018, ano-base 2016. Os pagamentos ser\u00e3o efetuados conforme o m\u00eas de nascimento do trabalhador, come\u00e7ando com os nascidos em julho. Os benefici\u00e1rios deste m\u00eas, titulares de conta individual na Caixa com saldo acima de R$ 1,00 e movimenta\u00e7\u00e3o, ter\u00e3o cr\u00e9dito autom\u00e1tico no dia 25 de julho.<\/p>\n<p style=\"text-align: justify;\">Os valores do benef\u00edcio variam de R$ 79 a R$ 937, de acordo com o tempo de trabalho durante o ano de 2016. Os recursos ficar\u00e3o dispon\u00edveis ao trabalhador at\u00e9 29 de junho de 2018.<\/p>\n<div id=\"attachment_105233\" style=\"width: 590px\" class=\"wp-caption aligncenter\"><img loading=\"lazy\" decoding=\"async\" aria-describedby=\"caption-attachment-105233\" class=\"size-full wp-image-105233\" src=\"http:\/\/senoticias.com.br\/se\/wp-content\/uploads\/2017\/07\/caixa-SENOTICIAS.jpg\" alt=\"Em todo o pa\u00eds, ag\u00eancias da Caixa Econ\u00f4mica Federal far\u00e3o o pagamento do PIS\/Pasep a milhares de trabalhadoresJos\u00e9 Cruz\/Ag\u00eancia Brasil\" width=\"580\" height=\"388\" srcset=\"https:\/\/senoticias.com.br\/se\/wp-content\/uploads\/2017\/07\/caixa-SENOTICIAS.jpg 580w, https:\/\/senoticias.com.br\/se\/wp-content\/uploads\/2017\/07\/caixa-SENOTICIAS-300x201.jpg 300w, https:\/\/senoticias.com.br\/se\/wp-content\/uploads\/2017\/07\/caixa-SENOTICIAS-90x60.jpg 90w, https:\/\/senoticias.com.br\/se\/wp-content\/uploads\/2017\/07\/caixa-SENOTICIAS-180x120.jpg 180w, https:\/\/senoticias.com.br\/se\/wp-content\/uploads\/2017\/07\/caixa-SENOTICIAS-95x64.jpg 95w\" sizes=\"(max-width: 580px) 100vw, 580px\" \/><p id=\"caption-attachment-105233\" class=\"wp-caption-text\">Em todo o pa\u00eds, ag\u00eancias da Caixa Econ\u00f4mica Federal far\u00e3o o pagamento do PIS\/Pasep a milhares de trabalhadoresJos\u00e9 Cruz\/Ag\u00eancia Brasil<\/p><\/div>\n<p style=\"text-align: justify;\">Tem direito ao benef\u00edcio quem est\u00e1 inscrito no Programa de Integra\u00e7\u00e3o Social (PIS) ou no Programa de Forma\u00e7\u00e3o do Patrim\u00f4nio do Servidor P\u00fablico (Pasep) h\u00e1 pelo menos cinco anos, que trabalhou formalmente por pelo menos 30 dias em 2016, com remunera\u00e7\u00e3o mensal m\u00e9dia de at\u00e9 dois sal\u00e1rios m\u00ednimos.<\/p>\n<p style=\"text-align: justify;\">Os trabalhadores que n\u00e3o sacaram at\u00e9 dia 30 de junho o Abono Salarial calend\u00e1rio 2016\/2017, ano-base 2015, tamb\u00e9m ter\u00e3o nova oportunidade para receber o benef\u00edcio. Para eles, o valor estar\u00e1 dispon\u00edvel para saque de 27 de julho a 28 de dezembro de 2017.<\/p>\n<p style=\"text-align: justify;\">O trabalhador interessado em saber se tem direito ao abono salarial ano base 2015 pode acessar:\u00a0<a href=\"http:\/\/verificasd.mtb.gov.br\/abono\/\">http:\/\/verificasd.mtb.gov.br\/abono\/<\/a>. Informa\u00e7\u00f5es tamb\u00e9m podem ser obtidas pelo telefone 158 da Central de Atendimento Al\u00f4 Trabalho do Minist\u00e9rio do Trabalho.<\/p>\n<p style=\"text-align: justify;\">\n<p style=\"text-align: justify;\"><img loading=\"lazy\" decoding=\"async\" class=\"aligncenter size-full wp-image-105165\" src=\"http:\/\/senoticias.com.br\/se\/wp-content\/uploads\/2017\/07\/Logo-fone-1-2-1-2-4-6-1-1.jpg\" alt=\"Logo-fone-1-2-1-2-4-6-1\" width=\"599\" height=\"78\" srcset=\"https:\/\/senoticias.com.br\/se\/wp-content\/uploads\/2017\/07\/Logo-fone-1-2-1-2-4-6-1-1.jpg 599w, https:\/\/senoticias.com.br\/se\/wp-content\/uploads\/2017\/07\/Logo-fone-1-2-1-2-4-6-1-1-300x39.jpg 300w\" sizes=\"(max-width: 599px) 100vw, 599px\" \/><\/p>\n<p style=\"text-align: justify;\">\n<p><em><strong>Acompanhe tamb\u00e9m o SE Not\u00edcias no\u00a0<a href=\"https:\/\/twitter.com\/Senoticias\" target=\"_blank\">Twitter<\/a>,\u00a0<a href=\"https:\/\/www.facebook.com\/senoticias1\" target=\"_blank\">Facebook<\/a>\u00a0e no\u00a0<a href=\"https:\/\/www.instagram.com\/senoticias\/\" target=\"_blank\">Instagram<\/a><\/strong><\/em><\/p>\n<p>Por Ag\u00eancia Brasil<\/p>\n","protected":false},"excerpt":{"rendered":"<p>A Caixa Econ\u00f4mica Federal inicia hoje (27) o pagamento do Abono Salarial calend\u00e1rio 2017\/2018, ano-base 2016. Os pagamentos ser\u00e3o efetuados conforme o m\u00eas de nascimento do trabalhador, come\u00e7ando com os nascidos em julho. Os benefici\u00e1rios deste m\u00eas, titulares de conta individual na Caixa com saldo acima de R$ 1,00 e movimenta\u00e7\u00e3o, ter\u00e3o cr\u00e9dito autom\u00e1tico no [&hellip;]<\/p>\n","protected":false},"author":2,"featured_media":0,"comment_status":"closed","ping_status":"closed","sticky":false,"template":"","format":"standard","meta":{"footnotes":""},"categories":[15,2961],"tags":[1609,3670,4316],"class_list":{"0":"post-105232","1":"post","2":"type-post","3":"status-publish","4":"format-standard","6":"category-destaques","7":"category-nacional","8":"tag-caixa","9":"tag-nacional","10":"tag-pispasep"},"_links":{"self":[{"href":"https:\/\/senoticias.com.br\/se\/wp-json\/wp\/v2\/posts\/105232"}],"collection":[{"href":"https:\/\/senoticias.com.br\/se\/wp-json\/wp\/v2\/posts"}],"about":[{"href":"https:\/\/senoticias.com.br\/se\/wp-json\/wp\/v2\/types\/post"}],"author":[{"embeddable":true,"href":"https:\/\/senoticias.com.br\/se\/wp-json\/wp\/v2\/users\/2"}],"replies":[{"embeddable":true,"href":"https:\/\/senoticias.com.br\/se\/wp-json\/wp\/v2\/comments?post=105232"}],"version-history":[{"count":0,"href":"https:\/\/senoticias.com.br\/se\/wp-json\/wp\/v2\/posts\/105232\/revisions"}],"wp:attachment":[{"href":"https:\/\/senoticias.com.br\/se\/wp-json\/wp\/v2\/media?parent=105232"}],"wp:term":[{"taxonomy":"category","embeddable":true,"href":"https:\/\/senoticias.com.br\/se\/wp-json\/wp\/v2\/categories?post=105232"},{"taxonomy":"post_tag","embeddable":true,"href":"https:\/\/senoticias.com.br\/se\/wp-json\/wp\/v2\/tags?post=105232"}],"curies":[{"name":"wp","href":"https:\/\/api.w.org\/{rel}","templated":true}]}}