{"id":105230,"date":"2017-07-27T14:08:09","date_gmt":"2017-07-27T17:08:09","guid":{"rendered":"http:\/\/senoticias.com.br\/se\/?p=105230"},"modified":"2017-07-30T15:55:44","modified_gmt":"2017-07-30T18:55:44","slug":"calcados-e-suco-de-laranja-representam-614-das-exportacoes-de-sergipe","status":"publish","type":"post","link":"https:\/\/senoticias.com.br\/se\/calcados-e-suco-de-laranja-representam-614-das-exportacoes-de-sergipe\/","title":{"rendered":"Cal\u00e7ados e suco de laranja representam 61,4% das exporta\u00e7\u00f5es de Sergipe"},"content":{"rendered":"<p style=\"text-align: justify;\">As ind\u00fastrias de cal\u00e7ados e de produ\u00e7\u00e3o de suco de laranja ocupam posi\u00e7\u00e3o de lideran\u00e7a na balan\u00e7a comercial de Sergipe. Juntos, os dois setores respondem por 61,4% das exporta\u00e7\u00f5es do estado, com rendimento de US$ 31,2 milh\u00f5es no primeiro semestre do ano.<\/p>\n<p>No per\u00edodo de janeiro a junho, a economia sergipana movimentou US$ 51 milh\u00f5es em produtos exportados. O valor representa varia\u00e7\u00e3o positiva de 36,4% em rela\u00e7\u00e3o aos primeiros seis meses do ano anterior.<\/p>\n<div id=\"attachment_105231\" style=\"width: 609px\" class=\"wp-caption aligncenter\"><img loading=\"lazy\" decoding=\"async\" aria-describedby=\"caption-attachment-105231\" class=\"size-full wp-image-105231\" src=\"http:\/\/senoticias.com.br\/se\/wp-content\/uploads\/2017\/07\/laranja-SENOTICIAS-e1501175242753.jpg\" alt=\"Imagem ilustrativa. Foto: ASN\" width=\"599\" height=\"375\" \/><p id=\"caption-attachment-105231\" class=\"wp-caption-text\">Imagem ilustrativa. Foto: ASN<\/p><\/div>\n<p style=\"text-align: justify;\"><strong>Nordeste<\/strong><\/p>\n<p>Em toda a regi\u00e3o Nordeste, as vendas para o exterior totalizaram US$ 8 bilh\u00f5es. O montante indica crescimento de 30,8% em rela\u00e7\u00e3o ao primeiro semestre de 2016, e equivale a 7,4% do total das exporta\u00e7\u00f5es brasileiras. Apesar do incremento, a balan\u00e7a comercial nordestina ainda acumula d\u00e9ficit de US$ 1,5 bilh\u00e3o, quase a metade do valor computado no mesmo per\u00edodo do ano anterior (- US$ 3,1 bilh\u00f5es).<\/p>\n<p>Entre os produtos, destacam-se as exporta\u00e7\u00f5es de placas de a\u00e7o, no Cear\u00e1; de alumina calcinada, no Maranh\u00e3o; e de combust\u00edveis e autom\u00f3veis, em Pernambuco e na Bahia.<\/p>\n<p>Quanto aos pa\u00edses de destino das exporta\u00e7\u00f5es nordestinas, China (20,5%), Estados Unidos (15,3%), Argentina (11,6%) e Holanda (5,4%) foram respons\u00e1veis por 52,8% do total exportado. Desses, apenas a Holanda reduziu suas compras (-1,8%) de janeiro a junho de 2017 frente ao mesmo per\u00edodo de 2016. As vendas externas para os demais pa\u00edses registraram expressivas taxas de crescimento: China (+36,7%), Estados Unidos (+33,7%) e Argentina (+34,0%).<\/p>\n<p>As informa\u00e7\u00f5es integram pesquisa do Escrit\u00f3rio T\u00e9cnico de Estudos Econ\u00f4micos do Nordeste (Etene), que analisa dados do Minist\u00e9rio de Desenvolvimento, Ind\u00fastria e Com\u00e9rcio Exterior (MDIC), e est\u00e1 dispon\u00edvel para consulta no endere\u00e7o\u00a0<a href=\"https:\/\/www.bnb.gov.br\/diario-economico-2017\">www.bnb.gov.br\/diario-economico-2017<\/a>. O Etene \u00e9 o \u00f3rg\u00e3o de pesquisas do Banco do Nordeste.<\/p>\n<p style=\"text-align: justify;\"><img loading=\"lazy\" decoding=\"async\" class=\"aligncenter size-full wp-image-105165\" src=\"http:\/\/senoticias.com.br\/se\/wp-content\/uploads\/2017\/07\/Logo-fone-1-2-1-2-4-6-1-1.jpg\" alt=\"Logo-fone-1-2-1-2-4-6-1\" width=\"599\" height=\"78\" srcset=\"https:\/\/senoticias.com.br\/se\/wp-content\/uploads\/2017\/07\/Logo-fone-1-2-1-2-4-6-1-1.jpg 599w, https:\/\/senoticias.com.br\/se\/wp-content\/uploads\/2017\/07\/Logo-fone-1-2-1-2-4-6-1-1-300x39.jpg 300w\" sizes=\"(max-width: 599px) 100vw, 599px\" \/><\/p>\n<p style=\"text-align: justify;\"><em><strong>Acompanhe tamb\u00e9m o SE Not\u00edcias no\u00a0<a href=\"https:\/\/twitter.com\/Senoticias\" target=\"_blank\">Twitter<\/a>,\u00a0<a href=\"https:\/\/www.facebook.com\/senoticias1\" target=\"_blank\">Facebook<\/a>\u00a0e no\u00a0<a href=\"https:\/\/www.instagram.com\/senoticias\/\" target=\"_blank\">Instagram<\/a><\/strong><\/em><\/p>\n<p style=\"text-align: justify;\">Por ASN<\/p>\n","protected":false},"excerpt":{"rendered":"<p>As ind\u00fastrias de cal\u00e7ados e de produ\u00e7\u00e3o de suco de laranja ocupam posi\u00e7\u00e3o de lideran\u00e7a na balan\u00e7a comercial de Sergipe. Juntos, os dois setores respondem por 61,4% das exporta\u00e7\u00f5es do estado, com rendimento de US$ 31,2 milh\u00f5es no primeiro semestre do ano. No per\u00edodo de janeiro a junho, a economia sergipana movimentou US$ 51 milh\u00f5es [&hellip;]<\/p>\n","protected":false},"author":2,"featured_media":0,"comment_status":"closed","ping_status":"closed","sticky":false,"template":"","format":"standard","meta":{"footnotes":""},"categories":[15,6],"tags":[4957,4955,4954,2002,4956],"class_list":{"0":"post-105230","1":"post","2":"type-post","3":"status-publish","4":"format-standard","6":"category-destaques","7":"category-politica","8":"tag-calcado","9":"tag-ergipe","10":"tag-exportacaos","11":"tag-governo","12":"tag-laranja"},"_links":{"self":[{"href":"https:\/\/senoticias.com.br\/se\/wp-json\/wp\/v2\/posts\/105230"}],"collection":[{"href":"https:\/\/senoticias.com.br\/se\/wp-json\/wp\/v2\/posts"}],"about":[{"href":"https:\/\/senoticias.com.br\/se\/wp-json\/wp\/v2\/types\/post"}],"author":[{"embeddable":true,"href":"https:\/\/senoticias.com.br\/se\/wp-json\/wp\/v2\/users\/2"}],"replies":[{"embeddable":true,"href":"https:\/\/senoticias.com.br\/se\/wp-json\/wp\/v2\/comments?post=105230"}],"version-history":[{"count":0,"href":"https:\/\/senoticias.com.br\/se\/wp-json\/wp\/v2\/posts\/105230\/revisions"}],"wp:attachment":[{"href":"https:\/\/senoticias.com.br\/se\/wp-json\/wp\/v2\/media?parent=105230"}],"wp:term":[{"taxonomy":"category","embeddable":true,"href":"https:\/\/senoticias.com.br\/se\/wp-json\/wp\/v2\/categories?post=105230"},{"taxonomy":"post_tag","embeddable":true,"href":"https:\/\/senoticias.com.br\/se\/wp-json\/wp\/v2\/tags?post=105230"}],"curies":[{"name":"wp","href":"https:\/\/api.w.org\/{rel}","templated":true}]}}