{"id":105219,"date":"2017-07-27T08:31:43","date_gmt":"2017-07-27T11:31:43","guid":{"rendered":"http:\/\/senoticias.com.br\/se\/?p=105219"},"modified":"2017-07-28T09:34:17","modified_gmt":"2017-07-28T12:34:17","slug":"pf-prende-ex-presidente-da-petrobras-e-do-banco-do-brasil-em-nova-fase-da-lava-jato","status":"publish","type":"post","link":"https:\/\/senoticias.com.br\/se\/pf-prende-ex-presidente-da-petrobras-e-do-banco-do-brasil-em-nova-fase-da-lava-jato\/","title":{"rendered":"PF prende ex-presidente da Petrobras e do Banco do Brasil em nova fase da Lava Jato"},"content":{"rendered":"<p style=\"text-align: justify;\">O ex-presidente do Banco do Brasil e da Petrobras Aldemir Bendine foi preso na 42\u00aa fase da Opera\u00e7\u00e3o Lava Jato deflagrada pela Pol\u00edcia Federal (PF) na manh\u00e3 desta quinta-feira (27) no Distrito Federal, Pernambuco, Rio de Janeiro e S\u00e3o Paulo. Bendine foi preso em Sorocaba. A a\u00e7\u00e3o foi batizada de Cobra.<\/p>\n<p style=\"text-align: justify;\">O publicit\u00e1rio Andr\u00e9 Gustavo Vieira da Silva, que \u00e9 representante de Bendine, e Ant\u00f4nio Carlos Vieira da Silva J\u00fanior tamb\u00e9m foram presos.<\/p>\n<div id=\"attachment_105220\" style=\"width: 609px\" class=\"wp-caption aligncenter\"><img loading=\"lazy\" decoding=\"async\" aria-describedby=\"caption-attachment-105220\" class=\"size-full wp-image-105220\" src=\"http:\/\/senoticias.com.br\/se\/wp-content\/uploads\/2017\/07\/preso-e1501155325320.jpg\" alt=\"Aldemir Bendine \u00e9 investigado por corrup\u00e7\u00e3o e lavagem de dinheiro\" width=\"599\" height=\"254\" \/><p id=\"caption-attachment-105220\" class=\"wp-caption-text\">Aldemir Bendine \u00e9 investigado por corrup\u00e7\u00e3o e lavagem de dinheiro (Foto: Ag\u00eancia Brasil)<\/p><\/div>\n<p>Bendine deve chegar \u00e0 Superintend\u00eancia da PF, em Curitiba, no per\u00edodo da tarde. Os demais presos tamb\u00e9m ser\u00e3o levados para o Paran\u00e1.<\/p>\n<p style=\"text-align: justify;\">O advogado de Bendine, Pierpaolo Bottini, afirmou, em nota, que desde o in\u00edcio das investiga\u00e7\u00f5es Bendine se colocou \u00e0 disposi\u00e7\u00e3o para esclarecer os fatos e juntou seus dados fiscais e banc\u00e1rios ao inqu\u00e9rito, demonstrando a regularidade de suas atividades. &#8220;A cautelar \u00e9 desnecess\u00e1ria. Eh arbitr\u00e1rio prender para depoimento algu\u00e9m que manifestou sua disposi\u00e7\u00e3o de colaborar com a justi\u00e7a desde o in\u00edcio&#8221;, declarou o advogado.<\/p>\n<p style=\"text-align: justify;\">Os tr\u00eas foram presos temporariamente. A pris\u00e3o tem prazo de cinco dias e pode ser prorrogada pelo mesmo ou convertida para preventiva, que \u00e9 quando o investigado n\u00e3o tem prazo para deixar a cadeia. A opera\u00e7\u00e3o tamb\u00e9m cumpre 11 mandados de busca e apreens\u00e3o.<\/p>\n<p style=\"text-align: justify;\">Segundo depoimento de dela\u00e7\u00e3o feito por Marcelo Odebrecht e Fernando Reis, Bendine solicitou e recebeu R$ 3 milh\u00f5es para auxiliar a empreiteira em neg\u00f3cios com a Petrobras. Conforme os delatores, o dinheiro foi pago em esp\u00e9cie atrav\u00e9s de um intermedi\u00e1rio. Aparentemente, de acordo com a PF, estes pagamentos somente foram interrompidos com a pris\u00e3o de Marcelo Odebrecht.<\/p>\n<p style=\"text-align: justify;\">Em 2015, Bendine era bra\u00e7o direito da ent\u00e3o presidente Dilma Rousseff. E deixou o banco com a miss\u00e3o de acabar com a corrup\u00e7\u00e3o na petroleira, alvo da Lava Jato. Mas, segundo os delatores, ele j\u00e1 cobrava propina no Banco do Brasil, e continuou cobrando na Petrobras.<\/p>\n<p style=\"text-align: justify;\"><strong>Investiga\u00e7\u00f5es<\/strong><\/p>\n<p style=\"text-align: justify;\">Segundo o Minist\u00e9rio P\u00fablico Federal (MPF), h\u00e1 evid\u00eancias indicando que, numa primeira oportunidade, um pedido de propina no valor de R$ 17 milh\u00f5es foi realizado por Aldemir Bedine \u00e0 \u00e9poca em que era presidente do Banco do Brasil, em 2014, para viabilizar a rolagem de d\u00edvida de um financiamento da Odebrecht AgroIndustrial.<br \/>\nNo entanto, Marcelo Odebrecht e Fernando Reis teriam negado o pedido de solicita\u00e7\u00e3o de propina porque entenderam que Bendine n\u00e3o tinha capacidade de influenciar no contrato de financiamento do Banco do Brasil, segundo o MPF.<\/p>\n<p style=\"text-align: justify;\">Na v\u00e9spera de assumir a presid\u00eancia da Petrobras, o que ocorreu em 6 de fevereiro de 2015, Aldemir Bendine e um de seus operadores financeiros novamente solicitaram propina a Marcelo Odebrecht e Fernando Reis. O pedido foi feito para que a Odebrecht n\u00e3o fosse prejudicada na Petrobras, inclusive em rela\u00e7\u00e3o \u00e0s consequ\u00eancias da Opera\u00e7\u00e3o Lava Jato, apontam os procuradores do MPF.<\/p>\n<p style=\"text-align: justify;\">Em decorr\u00eancia do novo pedido e com receio de ser prejudicada na estatal petrol\u00edfera, a Odebrecht, conforme depoimentos de colaboradores, optou por pagar a propina de R$ 3 milh\u00f5es atrav\u00e9s do Setor de Opera\u00e7\u00f5es Estruturadas. O valor foi repassado em tr\u00eas entregas em esp\u00e9cie, no valor de R$ 1 milh\u00e3o cada, em S\u00e3o Paulo.<br \/>\nAinda de acordo com o MPF, em 2017, um dos operadores financeiros que atuavam junto a Bendine, confirmou que recebeu a quantia de R$ 3 milh\u00f5es da Odebrecht, mas tentou atribuir o pagamento a uma suposta consultoria que teria prestado \u00e0 empreiteira para facilitar o financiamento junto ao Banco do Brasil. Todavia, a investiga\u00e7\u00e3o revelou que a empresa utilizada pelo operador financeiro era de fachada, destaca o MPF.<\/p>\n<p style=\"text-align: justify;\">&#8220;Buscando dar apar\u00eancia l\u00edcita para os recursos, o operador financeiro, ap\u00f3s tomar ci\u00eancia das investiga\u00e7\u00f5es, efetuou o recolhimento dos tributos relacionados \u00e0 suposta consultoria, cerca de dois anos ap\u00f3s os pagamentos, com o objetivo de dissimular a origem criminosa dos valores. H\u00e1 ind\u00edcios que a documenta\u00e7\u00e3o tamb\u00e9m foi produzida com intuito de ludibriar e obstruir as investiga\u00e7\u00f5es&#8221;, afirmaram os procuradores.<\/p>\n<p style=\"text-align: justify;\">Em junho deste ano, o juiz S\u00e9rgio Moro, que \u00e9 respons\u00e1vel pelos processos da Lava Jato, autorizou abertura de inqu\u00e9rito para investigar Bendine.<\/p>\n<p style=\"text-align: justify;\"><strong>O nome da opera\u00e7\u00e3o<br \/>\n<\/strong><br \/>\nO nome da opera\u00e7\u00e3o \u00e9 uma refer\u00eancia ao codinome dado ao principal investigado nas tabelas de pagamentos de propinas apreendidas no chamado Setor de Opera\u00e7\u00f5es Estruturadas da Odrebrecht durante a 23\u00aa fase da opera\u00e7\u00e3o.<\/p>\n<p style=\"text-align: justify;\"><em>Por Adriana Justi e Fernando Castro,<a href=\"http:\/\/g1.globo.com\/pr\/parana\/noticia\/pf-cumpre-mandados-da-42-fase-da-operacao-lava-jato.ghtml\"><strong> G1 PR e RPC<\/strong><\/a>, Curitiba<\/em><\/p>\n<p style=\"text-align: justify;\"><em><strong>Acompanhe tamb\u00e9m o SE Not\u00edcias no\u00a0<a href=\"https:\/\/twitter.com\/Senoticias\" target=\"_blank\">Twitter<\/a>,\u00a0<a href=\"https:\/\/www.facebook.com\/senoticias1\" target=\"_blank\">Facebook<\/a>\u00a0e no\u00a0<a href=\"https:\/\/www.instagram.com\/senoticias\/\" target=\"_blank\">Instagram<\/a><\/strong><\/em><\/p>\n<p style=\"text-align: justify;\"><img loading=\"lazy\" decoding=\"async\" class=\"aligncenter size-full wp-image-105165\" src=\"http:\/\/senoticias.com.br\/se\/wp-content\/uploads\/2017\/07\/Logo-fone-1-2-1-2-4-6-1-1.jpg\" alt=\"Logo-fone-1-2-1-2-4-6-1\" width=\"599\" height=\"78\" srcset=\"https:\/\/senoticias.com.br\/se\/wp-content\/uploads\/2017\/07\/Logo-fone-1-2-1-2-4-6-1-1.jpg 599w, https:\/\/senoticias.com.br\/se\/wp-content\/uploads\/2017\/07\/Logo-fone-1-2-1-2-4-6-1-1-300x39.jpg 300w\" sizes=\"(max-width: 599px) 100vw, 599px\" \/><\/p>\n","protected":false},"excerpt":{"rendered":"<p>O ex-presidente do Banco do Brasil e da Petrobras Aldemir Bendine foi preso na 42\u00aa fase da Opera\u00e7\u00e3o Lava Jato deflagrada pela Pol\u00edcia Federal (PF) na manh\u00e3 desta quinta-feira (27) no Distrito Federal, Pernambuco, Rio de Janeiro e S\u00e3o Paulo. Bendine foi preso em Sorocaba. A a\u00e7\u00e3o foi batizada de Cobra. O publicit\u00e1rio Andr\u00e9 Gustavo [&hellip;]<\/p>\n","protected":false},"author":2,"featured_media":105220,"comment_status":"closed","ping_status":"closed","sticky":false,"template":"","format":"standard","meta":{"footnotes":""},"categories":[15,2961],"tags":[4950,165,385,4949,629],"class_list":{"0":"post-105219","1":"post","2":"type-post","3":"status-publish","4":"format-standard","5":"has-post-thumbnail","7":"category-destaques","8":"category-nacional","9":"tag-aldemir-bendine","10":"tag-banco-do-brasil","11":"tag-lava-jato","12":"tag-marcelo-odebrecht","13":"tag-petrobras"},"_links":{"self":[{"href":"https:\/\/senoticias.com.br\/se\/wp-json\/wp\/v2\/posts\/105219"}],"collection":[{"href":"https:\/\/senoticias.com.br\/se\/wp-json\/wp\/v2\/posts"}],"about":[{"href":"https:\/\/senoticias.com.br\/se\/wp-json\/wp\/v2\/types\/post"}],"author":[{"embeddable":true,"href":"https:\/\/senoticias.com.br\/se\/wp-json\/wp\/v2\/users\/2"}],"replies":[{"embeddable":true,"href":"https:\/\/senoticias.com.br\/se\/wp-json\/wp\/v2\/comments?post=105219"}],"version-history":[{"count":0,"href":"https:\/\/senoticias.com.br\/se\/wp-json\/wp\/v2\/posts\/105219\/revisions"}],"wp:featuredmedia":[{"embeddable":true,"href":"https:\/\/senoticias.com.br\/se\/wp-json\/wp\/v2\/media\/105220"}],"wp:attachment":[{"href":"https:\/\/senoticias.com.br\/se\/wp-json\/wp\/v2\/media?parent=105219"}],"wp:term":[{"taxonomy":"category","embeddable":true,"href":"https:\/\/senoticias.com.br\/se\/wp-json\/wp\/v2\/categories?post=105219"},{"taxonomy":"post_tag","embeddable":true,"href":"https:\/\/senoticias.com.br\/se\/wp-json\/wp\/v2\/tags?post=105219"}],"curies":[{"name":"wp","href":"https:\/\/api.w.org\/{rel}","templated":true}]}}