{"id":105203,"date":"2017-07-26T21:50:11","date_gmt":"2017-07-27T00:50:11","guid":{"rendered":"http:\/\/senoticias.com.br\/se\/?p=105203"},"modified":"2017-07-26T21:54:42","modified_gmt":"2017-07-27T00:54:42","slug":"shopping-jardins-promove-o-desafio-meu-pai-e-um-grande-chef","status":"publish","type":"post","link":"https:\/\/senoticias.com.br\/se\/shopping-jardins-promove-o-desafio-meu-pai-e-um-grande-chef\/","title":{"rendered":"Shopping Jardins promove o desafio \u201cMeu pai \u00e9 um grande chef\u201d"},"content":{"rendered":"<p style=\"text-align: justify;\">Foi dada a largada para a gincana gastron\u00f4mica que promete aquecer as comemora\u00e7\u00f5es do Dia dos Pais em Aracaju (SE). E para adicionar um tempero especial a este desafio, o Shopping Jardins convocou o chef Felipe Bronze, apresentador de programas de sucesso como Perto do Fogo, Que Seja Doce e The Taste Brasil, do canal GNT.<\/p>\n<div id=\"attachment_105205\" style=\"width: 609px\" class=\"wp-caption aligncenter\"><img loading=\"lazy\" decoding=\"async\" aria-describedby=\"caption-attachment-105205\" class=\"size-full wp-image-105205\" src=\"http:\/\/senoticias.com.br\/se\/wp-content\/uploads\/2017\/07\/Meu-Pai-\u00e9-um-Grande-Chef-e1501116740922.jpg\" alt=\"Inscri\u00e7\u00f5es para a competi\u00e7\u00e3o que ir\u00e1 distribuir R$ 9 mil em vales-compras permanecem abertas at\u00e9 1\u00ba de agosto\" width=\"599\" height=\"537\" \/><p id=\"caption-attachment-105205\" class=\"wp-caption-text\">Inscri\u00e7\u00f5es para a competi\u00e7\u00e3o que ir\u00e1 distribuir R$ 9 mil em vales-compras permanecem abertas at\u00e9 1\u00ba de agosto (foto: divulga\u00e7\u00e3o\/Shopping Jardins)<\/p><\/div>\n<p style=\"text-align: justify;\">Para participar, basta o papai que manda bem na cozinha realizar a inscri\u00e7\u00e3o no hotsite \u201cDesafio Meu Pai \u00e9 um Grande Chef\u201d, em\u00a0<a href=\"http:\/\/shoppingjardins.com.br\/diadospais\" data-saferedirecturl=\"https:\/\/www.google.com\/url?hl=pt-BR&amp;q=http:\/\/shoppingjardins.com.br\/diadospais&amp;source=gmail&amp;ust=1501171898511000&amp;usg=AFQjCNGE_MOPYPsW0mbKKAK6nPPrk5k4XQ\">shoppingjardins.com.br\/diadospais<\/a>, at\u00e9 o dia 1\u00ba de agosto, enviando uma foto do prato que gosta de preparar para os filhos e explicando o seu preparo. Uma comiss\u00e3o julgadora selecionar\u00e1 os seis melhores, que ser\u00e3o divulgados na fanpage do Shopping Jardins no Facebook e submetidos ao crivo popular atrav\u00e9s de rea\u00e7\u00f5es (curtidas e etc) no per\u00edodo de 5 a 11 de agosto. Os\u00a0candidatos ser\u00e3o ranqueados e ganhar\u00e3o minutos extras, de acordo com a classifica\u00e7\u00e3o, para o desafio final que ser\u00e1 realizado em 12 de agosto.<\/p>\n<p style=\"text-align: justify;\">No dia 4 de agosto, o chef Felipe Bronze estar\u00e1 no Jardins para realizar uma aula show na cozinha do Grande Chef montada na Pra\u00e7a de Eventos 2 e propor um desafio aos cozinheiros selecionados. A classifica\u00e7\u00e3o dos candidatos nesta prova ser\u00e1 revertida em vantagens para a \u00faltima fase da competi\u00e7\u00e3o. Na ocasi\u00e3o, os papais participantes conhecer\u00e3o, ainda, o ingrediente chave \u2013 item obrigat\u00f3rio escolhido pelo chef \u2013 para o desafio final.<\/p>\n<p style=\"text-align: justify;\">No s\u00e1bado (12), v\u00e9spera do Dia dos Pais, os competidores ter\u00e3o que preparar uma receita com o ingrediente chave na cozinha do Grande Chef. Os participantes s\u00f3 conhecer\u00e3o o prato que ir\u00e3o cozinhar na hora da prova. Tr\u00eas especialistas ir\u00e3o degustar e avali\u00e1-los: Victor Castelo, participante do MasterChef Brasil 2016; Roberta Nascimento, jornalista e chef de cozinha, e Adriano Bonfim, editor do instablog Traz a Conta. O vencedor ganhar\u00e1 um vale-compras de R$ 5 mil e os segundo e terceiro colocados ser\u00e3o agraciados com vales-compras de R$ 3 mil e R$ 1 mil, respectivamente. Capriche na receita, adicione doses generosas de amor e boa sorte!<\/p>\n<p><strong>Meu Pai \u00e9 um Grande Chefe<\/strong><\/p>\n<p style=\"text-align: justify;\"><strong>O qu\u00ea?<\/strong>\u00a0Desafio gastron\u00f4mico que ir\u00e1 premiar os tr\u00eas primeiros colocados com vales-compras de R$ 5 mil, R$ 3 mil e R$ 1 mil, respectivamente.<br \/>\n<strong>Quando?<\/strong>\u00a0Inscri\u00e7\u00f5es abertas at\u00e9 1\u00ba de agosto. Provas nos dias 4 e 12 de agosto. Aula show com o chef Felipe Bronze no dia 4 de agosto.<br \/>\n<strong>Onde?<\/strong>\u00a0Inscri\u00e7\u00f5es pelo site\u00a0<a href=\"http:\/\/www.shoppingjardins.com.br\/\" data-saferedirecturl=\"https:\/\/www.google.com\/url?hl=pt-BR&amp;q=http:\/\/www.shoppingjardins.com.br&amp;source=gmail&amp;ust=1501171898511000&amp;usg=AFQjCNHohkhtLGd_BItTP51PHoJ77NHhKw\">www.shoppingjardins.com.br<\/a>. Provas realizadas na Pra\u00e7a de Eventos 2 do Shopping Jardins \u2013\u00a0Avenida Ministro Geraldo Barreto Sobral, 215, bairro Jardins, Aracaju | SE.<\/p>\n<p><strong>Quanto?<\/strong>\u00a0Inscri\u00e7\u00f5es gratuitas.<\/p>\n<p><strong>Mais informa\u00e7\u00f5es?<\/strong>\u00a0(79) 2107.5555 |\u00a0<a href=\"http:\/\/shoppingjardins.com.br\/\" data-saferedirecturl=\"https:\/\/www.google.com\/url?hl=pt-BR&amp;q=http:\/\/shoppingjardins.com.br&amp;source=gmail&amp;ust=1501171898511000&amp;usg=AFQjCNE8qFBh1UgQNufyrd3za0iMWK88nQ\">shoppingjardins.com.br<\/a><\/p>\n<p><img loading=\"lazy\" decoding=\"async\" class=\"aligncenter size-full wp-image-105165\" src=\"http:\/\/senoticias.com.br\/se\/wp-content\/uploads\/2017\/07\/Logo-fone-1-2-1-2-4-6-1-1.jpg\" alt=\"Logo-fone-1-2-1-2-4-6-1\" width=\"599\" height=\"78\" srcset=\"https:\/\/senoticias.com.br\/se\/wp-content\/uploads\/2017\/07\/Logo-fone-1-2-1-2-4-6-1-1.jpg 599w, https:\/\/senoticias.com.br\/se\/wp-content\/uploads\/2017\/07\/Logo-fone-1-2-1-2-4-6-1-1-300x39.jpg 300w\" sizes=\"(max-width: 599px) 100vw, 599px\" \/><\/p>\n<p><em><strong>Acompanhe tamb\u00e9m o SE Not\u00edcias no\u00a0<a href=\"https:\/\/twitter.com\/Senoticias\" target=\"_blank\">Twitter<\/a>,\u00a0<a href=\"https:\/\/www.facebook.com\/senoticias1\" target=\"_blank\">Facebook<\/a>\u00a0e no\u00a0<a href=\"https:\/\/www.instagram.com\/senoticias\/\" target=\"_blank\">Instagram<\/a><\/strong><\/em><\/p>\n<p><em><b>Da Assessoria de imprensa<\/b><\/em><span class=\"HOEnZb\"><span style=\"color: #888888;\"><b><br \/>\n<\/b><br \/>\n<\/span><\/span><\/p>\n","protected":false},"excerpt":{"rendered":"<p>Foi dada a largada para a gincana gastron\u00f4mica que promete aquecer as comemora\u00e7\u00f5es do Dia dos Pais em Aracaju (SE). E para adicionar um tempero especial a este desafio, o Shopping Jardins convocou o chef Felipe Bronze, apresentador de programas de sucesso como Perto do Fogo, Que Seja Doce e The Taste Brasil, do canal [&hellip;]<\/p>\n","protected":false},"author":2,"featured_media":105205,"comment_status":"closed","ping_status":"closed","sticky":false,"template":"","format":"standard","meta":{"footnotes":""},"categories":[21,1],"tags":[341,4941,4942,4940,4939],"class_list":{"0":"post-105203","1":"post","2":"type-post","3":"status-publish","4":"format-standard","5":"has-post-thumbnail","7":"category-entretenimento","8":"category-sem-categoria","9":"tag-desafio","10":"tag-dia-dos-pais","11":"tag-grande-chef","12":"tag-meu-pai","13":"tag-shopping-jardins"},"_links":{"self":[{"href":"https:\/\/senoticias.com.br\/se\/wp-json\/wp\/v2\/posts\/105203"}],"collection":[{"href":"https:\/\/senoticias.com.br\/se\/wp-json\/wp\/v2\/posts"}],"about":[{"href":"https:\/\/senoticias.com.br\/se\/wp-json\/wp\/v2\/types\/post"}],"author":[{"embeddable":true,"href":"https:\/\/senoticias.com.br\/se\/wp-json\/wp\/v2\/users\/2"}],"replies":[{"embeddable":true,"href":"https:\/\/senoticias.com.br\/se\/wp-json\/wp\/v2\/comments?post=105203"}],"version-history":[{"count":0,"href":"https:\/\/senoticias.com.br\/se\/wp-json\/wp\/v2\/posts\/105203\/revisions"}],"wp:featuredmedia":[{"embeddable":true,"href":"https:\/\/senoticias.com.br\/se\/wp-json\/wp\/v2\/media\/105205"}],"wp:attachment":[{"href":"https:\/\/senoticias.com.br\/se\/wp-json\/wp\/v2\/media?parent=105203"}],"wp:term":[{"taxonomy":"category","embeddable":true,"href":"https:\/\/senoticias.com.br\/se\/wp-json\/wp\/v2\/categories?post=105203"},{"taxonomy":"post_tag","embeddable":true,"href":"https:\/\/senoticias.com.br\/se\/wp-json\/wp\/v2\/tags?post=105203"}],"curies":[{"name":"wp","href":"https:\/\/api.w.org\/{rel}","templated":true}]}}