{"id":105187,"date":"2017-07-26T15:56:14","date_gmt":"2017-07-26T18:56:14","guid":{"rendered":"http:\/\/senoticias.com.br\/se\/?p=105187"},"modified":"2017-07-26T21:17:05","modified_gmt":"2017-07-27T00:17:05","slug":"governo-federal-arrecada-r-78-milhoes-por-dia-com-aumento-do-combustivel","status":"publish","type":"post","link":"https:\/\/senoticias.com.br\/se\/governo-federal-arrecada-r-78-milhoes-por-dia-com-aumento-do-combustivel\/","title":{"rendered":"Governo Federal arrecada R$ 78 milh\u00f5es por dia com aumento do combust\u00edvel"},"content":{"rendered":"<p style=\"text-align: justify;\">A Advocacia-Geral da Uni\u00e3o (AGU), no recurso protocolado no Tribunal Regional Federal da 1\u00aa Regi\u00e3o (TRF1), sediado em Bras\u00edlia, contra a liminar que suspendeu o aumento das al\u00edquotas do Programa de Integra\u00e7\u00e3o Social (PIS) e da Contribui\u00e7\u00e3o para o Financiamento da Seguridade Social (Cofins) sobre os combust\u00edveis, diz, entre outras argumenta\u00e7\u00f5es, n\u00e3o existir inconstitucionalidade na medida, anunciada pelo governo na quinta-feira (20).<\/p>\n<p style=\"text-align: justify;\">\u201cDessa forma, afasta-se a alega\u00e7\u00e3o de inconstitucionalidade da majora\u00e7\u00e3o por meio de decreto, na medida em que, na esp\u00e9cie, n\u00e3o houve majora\u00e7\u00e3o, mas apenas restabelecimento de al\u00edquotas, que, por sua vez, tornaram a vigorar em percentual, inclusive, menor do que aqueles inicialmente estabelecidos nas leis de reg\u00eancia da mat\u00e9ria\u201d.<\/p>\n<div id=\"attachment_105188\" style=\"width: 609px\" class=\"wp-caption aligncenter\"><img loading=\"lazy\" decoding=\"async\" aria-describedby=\"caption-attachment-105188\" class=\"size-full wp-image-105188\" src=\"http:\/\/senoticias.com.br\/se\/wp-content\/uploads\/2017\/07\/posto-SENOTICIAS-e1501095356626.jpg\" alt=\"Foto: G1\" width=\"599\" height=\"449\" \/><p id=\"caption-attachment-105188\" class=\"wp-caption-text\">Foto: G1<\/p><\/div>\n<p style=\"text-align: justify;\">A suspens\u00e3o foi determinada pelo juiz Renato Borelli, da 20\u00aa Vara Federal no Distrito Federal, a partir de uma a\u00e7\u00e3o popular ajuizada pelo advogado Carlos Alexandre Klomfahs, sob alega\u00e7\u00e3o de &#8220;infring\u00eancia ao princ\u00edpio da legalidade tribut\u00e1ria&#8221;.<\/p>\n<p style=\"text-align: justify;\">A suspens\u00e3o do aumento, segundo a AGU, vai impedir que o governo federal arrecade diariamente R$ 78 milh\u00f5es. &#8220;A concess\u00e3o da liminar na referida a\u00e7\u00e3o, portanto, representa preju\u00edzo di\u00e1rio de mais de R$ 78 milh\u00f5es de reais. Por conseguinte, restam preenchidos os requisitos indispens\u00e1veis \u00e0 concess\u00e3o da suspens\u00e3o ora postulada. No aspecto atinente \u00e0 economia p\u00fablica, o perigo de grave les\u00e3o \u00e9 flagrante&#8221;.<\/p>\n<p style=\"text-align: justify;\">No documento, a AGU diz ainda que o aumento das al\u00edquotas do PIS\/Cofins sobre os combust\u00edveis \u00e9 importante para o equil\u00edbrio das contas p\u00fablicas. \u201cO decreto ora impugnado se alinha a uma s\u00e9rie de medidas adotadas pela Uni\u00e3o no sentido de estabelecer o equil\u00edbrio nas contas p\u00fablicas e a consequente retomada do crescimento econ\u00f4mico. Trata-se de medida imprescind\u00edvel para que seja viabilizada a arrecada\u00e7\u00e3o de aproximadamente R$ 10,4 bilh\u00f5es entre os meses de julho a dezembro de 2017\u201d.<\/p>\n<p style=\"text-align: justify;\">De acordo com a AGU, sem a entrada dessa receita no caixa da Uni\u00e3o, resultante do aumento das al\u00edquotas do PIS\/Cofins sobre os combust\u00edveis, \u201cv\u00e1rios programas do governo federal estar\u00e3o amea\u00e7ados de continuidade, entre os quais gastos do Minist\u00e9rio da Sa\u00fade, de seguran\u00e7a p\u00fablica, execu\u00e7\u00e3o do Bolsa Fam\u00edlia\u201d, agravando o quadro or\u00e7ament\u00e1rio.<\/p>\n<p style=\"text-align: justify;\">\u201cLiminares desse teor, ao se imiscu\u00edrem e paralisarem o funcionamento administrativo, podem contribuir para agravar cen\u00e1rio or\u00e7ament\u00e1rio que h\u00e1 anos j\u00e1 se mostra desafiador, e que culminou com a promulga\u00e7\u00e3o da Emenda Constitucional n\u00ba 95, de 2016, a instituir regime fiscal especial a vigorar entre os anos de 2017 e 2037 com o escopo de recobrar o equil\u00edbrio or\u00e7ament\u00e1rio e financeiro\u201d.<\/p>\n<p style=\"text-align: justify;\"><img loading=\"lazy\" decoding=\"async\" class=\"aligncenter size-full wp-image-105165\" src=\"http:\/\/senoticias.com.br\/se\/wp-content\/uploads\/2017\/07\/Logo-fone-1-2-1-2-4-6-1-1.jpg\" alt=\"Logo-fone-1-2-1-2-4-6-1\" width=\"599\" height=\"78\" srcset=\"https:\/\/senoticias.com.br\/se\/wp-content\/uploads\/2017\/07\/Logo-fone-1-2-1-2-4-6-1-1.jpg 599w, https:\/\/senoticias.com.br\/se\/wp-content\/uploads\/2017\/07\/Logo-fone-1-2-1-2-4-6-1-1-300x39.jpg 300w\" sizes=\"(max-width: 599px) 100vw, 599px\" \/><\/p>\n<p><em><strong>Acompanhe tamb\u00e9m o SE Not\u00edcias no\u00a0<a href=\"https:\/\/twitter.com\/Senoticias\" target=\"_blank\">Twitter<\/a>,\u00a0<a href=\"https:\/\/www.facebook.com\/senoticias1\" target=\"_blank\">Facebook<\/a>\u00a0e no\u00a0<a href=\"https:\/\/www.instagram.com\/senoticias\/\" target=\"_blank\">Instagram<\/a><\/strong><\/em><\/p>\n<p><em>Por Ag\u00eancia Brasil<\/em><\/p>\n","protected":false},"excerpt":{"rendered":"<p>A Advocacia-Geral da Uni\u00e3o (AGU), no recurso protocolado no Tribunal Regional Federal da 1\u00aa Regi\u00e3o (TRF1), sediado em Bras\u00edlia, contra a liminar que suspendeu o aumento das al\u00edquotas do Programa de Integra\u00e7\u00e3o Social (PIS) e da Contribui\u00e7\u00e3o para o Financiamento da Seguridade Social (Cofins) sobre os combust\u00edveis, diz, entre outras argumenta\u00e7\u00f5es, n\u00e3o existir inconstitucionalidade na [&hellip;]<\/p>\n","protected":false},"author":2,"featured_media":0,"comment_status":"closed","ping_status":"closed","sticky":false,"template":"","format":"standard","meta":{"footnotes":""},"categories":[15],"tags":[2957,4930,4931,2168],"class_list":{"0":"post-105187","1":"post","2":"type-post","3":"status-publish","4":"format-standard","6":"category-destaques","7":"tag-aumento","8":"tag-combustivel","9":"tag-piscofins","10":"tag-politica"},"_links":{"self":[{"href":"https:\/\/senoticias.com.br\/se\/wp-json\/wp\/v2\/posts\/105187"}],"collection":[{"href":"https:\/\/senoticias.com.br\/se\/wp-json\/wp\/v2\/posts"}],"about":[{"href":"https:\/\/senoticias.com.br\/se\/wp-json\/wp\/v2\/types\/post"}],"author":[{"embeddable":true,"href":"https:\/\/senoticias.com.br\/se\/wp-json\/wp\/v2\/users\/2"}],"replies":[{"embeddable":true,"href":"https:\/\/senoticias.com.br\/se\/wp-json\/wp\/v2\/comments?post=105187"}],"version-history":[{"count":0,"href":"https:\/\/senoticias.com.br\/se\/wp-json\/wp\/v2\/posts\/105187\/revisions"}],"wp:attachment":[{"href":"https:\/\/senoticias.com.br\/se\/wp-json\/wp\/v2\/media?parent=105187"}],"wp:term":[{"taxonomy":"category","embeddable":true,"href":"https:\/\/senoticias.com.br\/se\/wp-json\/wp\/v2\/categories?post=105187"},{"taxonomy":"post_tag","embeddable":true,"href":"https:\/\/senoticias.com.br\/se\/wp-json\/wp\/v2\/tags?post=105187"}],"curies":[{"name":"wp","href":"https:\/\/api.w.org\/{rel}","templated":true}]}}