{"id":105167,"date":"2017-07-25T20:21:03","date_gmt":"2017-07-25T23:21:03","guid":{"rendered":"http:\/\/senoticias.com.br\/se\/?p=105167"},"modified":"2017-07-26T06:24:41","modified_gmt":"2017-07-26T09:24:41","slug":"analise-e-comercializacao-de-agrotoxicos-e-tema-de-reuniao-no-ministerio-publico","status":"publish","type":"post","link":"https:\/\/senoticias.com.br\/se\/analise-e-comercializacao-de-agrotoxicos-e-tema-de-reuniao-no-ministerio-publico\/","title":{"rendered":"Comercializa\u00e7\u00e3o de agrot\u00f3xicos \u00e9 tema de reuni\u00e3o no Minist\u00e9rio P\u00fablico"},"content":{"rendered":"<p style=\"text-align: justify;\">A Procuradoria-Geral de Justi\u00e7a, atrav\u00e9s da Coordenadoria Geral, da Promotoria de Justi\u00e7a Especial de Itabaiana e do Centro de Apoio Operacional do Meio Ambiente, promoveu uma reuni\u00e3o de trabalho com alguns \u00f3rg\u00e3os estaduais com o objetivo de discutir a situa\u00e7\u00e3o da an\u00e1lise e da comercializa\u00e7\u00e3o dos agrot\u00f3xicos em Sergipe.<\/p>\n<div id=\"attachment_105168\" style=\"width: 609px\" class=\"wp-caption aligncenter\"><img loading=\"lazy\" decoding=\"async\" aria-describedby=\"caption-attachment-105168\" class=\"size-full wp-image-105168\" src=\"http:\/\/senoticias.com.br\/se\/wp-content\/uploads\/2017\/07\/REUNIAO-MPE-SENOTICIAS-e1501024758804.png\" alt=\" InstitucionaTopol An\u00e1lise e comercializa\u00e7\u00e3o de agrot\u00f3xicos \u00e9 tema de reuni\u00e3o no MP\" width=\"599\" height=\"335\" \/><p id=\"caption-attachment-105168\" class=\"wp-caption-text\"><br \/>An\u00e1lise e comercializa\u00e7\u00e3o de agrot\u00f3xicos \u00e9 tema de reuni\u00e3o no MPE (foto: ascom\/MPE)<\/p><\/div>\n<p style=\"text-align: justify;\">O Diretor do CAOp do Meio Ambiente, o Promotor de Justi\u00e7a Dr. Carlos Henrique Siqueira Ribeiro, falou da aus\u00eancia de controle quanto \u00e0 comercializa\u00e7\u00e3o de agrot\u00f3xicos no Estado de Sergipe. O Promotor de Justi\u00e7a apresentou, ainda, o Ato Normativo n\u00ba 06\/2017, publicado no Di\u00e1rio Oficial do Rio Grande do Sul no dia 28 de junho de 2017, que trata da cria\u00e7\u00e3o do Sistema Integrado de Gest\u00e3o de Agrot\u00f3xicos-SIG@, o qual, segundo ele, poder\u00e1 servir de par\u00e2metro para o controle da implanta\u00e7\u00e3o de sistema similar em Sergipe. A Promotora de Justi\u00e7a Dra. Cl\u00e1udia Calmon do Amaral ressaltou os reflexos transversos causados pelos agrot\u00f3xicos \u00e0 sa\u00fade, ao meio ambiente e ao consumidor.<\/p>\n<p style=\"text-align: justify;\">O Secret\u00e1rio do Desenvolvimento Econ\u00f4mico e da Ci\u00eancia e Tecnologia \u2013 SEDETEC, Jos\u00e9 Augusto Pereira de Carvalho, informou que o Estado de Sergipe est\u00e1 na imin\u00eancia de implantar um laborat\u00f3rio de An\u00e1lises, inclusive com a aquisi\u00e7\u00e3o de um cromat\u00f3grafo e de reagentes\/consum\u00edveis, para a realiza\u00e7\u00e3o da pesquisa de agrot\u00f3xicos nos hortifrutigranjeiros aqui comercializados.<\/p>\n<p style=\"text-align: justify;\">Os representantes dos demais \u00f3rg\u00e3os detalharam as atividades que est\u00e3o sendo desenvolvidas por cada um deles, com o intuito de solucionar a situa\u00e7\u00e3o.<\/p>\n<p style=\"text-align: justify;\">Uma reuni\u00e3o com a EMDAGRO e a SEFAZ foi agendada para o dia 25 de agosto, onde ser\u00e3o apresentados os resultados das tratativas com os \u00f3rg\u00e3os, inclusive de outros Estados, a fim de que seja feita a devida an\u00e1lise e a correta comercializa\u00e7\u00e3o dos agrot\u00f3xicos.<\/p>\n<p><strong>Presen\u00e7as<\/strong><\/p>\n<p style=\"text-align: justify;\">Al\u00e9m dos j\u00e1 citados, a reuni\u00e3o contou, ainda, com as presen\u00e7as: do Promotor de Justi\u00e7a e Assessor da Coordenadoria Geral, Dr. Et\u00e9lio de Carvalho Prado J\u00fanior; da Secretaria de Estado da Fazenda (SEFAZ), Jos\u00e9 Augusto dos Santos; da representante da Secretaria de Estado da Agricultura e Desenvolvimento Rural (SEAGRI) e da Empresa de Desenvolvimento Agropecu\u00e1rio de Sergipe (EMDAGRO), Maria Aparecida Andrade Nascimento; do Professor da Universidade Federal de Sergipe (UFS), Sandro Navickiene; e da Diretora T\u00e9cnica do Instituto Tecnol\u00f3gico e de Pesquisas do Estado de Sergipe (ITPS), L\u00facia Calumby Barretto de Macedo.<\/p>\n<p style=\"text-align: justify;\"><img loading=\"lazy\" decoding=\"async\" class=\"aligncenter size-full wp-image-105165\" src=\"http:\/\/senoticias.com.br\/se\/wp-content\/uploads\/2017\/07\/Logo-fone-1-2-1-2-4-6-1-1.jpg\" alt=\"Logo-fone-1-2-1-2-4-6-1\" width=\"599\" height=\"78\" srcset=\"https:\/\/senoticias.com.br\/se\/wp-content\/uploads\/2017\/07\/Logo-fone-1-2-1-2-4-6-1-1.jpg 599w, https:\/\/senoticias.com.br\/se\/wp-content\/uploads\/2017\/07\/Logo-fone-1-2-1-2-4-6-1-1-300x39.jpg 300w\" sizes=\"(max-width: 599px) 100vw, 599px\" \/><\/p>\n<p style=\"text-align: justify;\"><em><strong>Acompanhe tamb\u00e9m o SE Not\u00edcias no\u00a0<a href=\"https:\/\/twitter.com\/Senoticias\" target=\"_blank\">Twitter<\/a>,\u00a0<a href=\"https:\/\/www.facebook.com\/senoticias1\" target=\"_blank\">Facebook<\/a>\u00a0e no\u00a0<a href=\"https:\/\/www.instagram.com\/senoticias\/\" target=\"_blank\">Instagram<\/a><\/strong><\/em><\/p>\n<p>Com informa\u00e7\u00f5es da Coordenadoria Geral do MPSE<\/p>\n","protected":false},"excerpt":{"rendered":"<p>A Procuradoria-Geral de Justi\u00e7a, atrav\u00e9s da Coordenadoria Geral, da Promotoria de Justi\u00e7a Especial de Itabaiana e do Centro de Apoio Operacional do Meio Ambiente, promoveu uma reuni\u00e3o de trabalho com alguns \u00f3rg\u00e3os estaduais com o objetivo de discutir a situa\u00e7\u00e3o da an\u00e1lise e da comercializa\u00e7\u00e3o dos agrot\u00f3xicos em Sergipe. O Diretor do CAOp do Meio [&hellip;]<\/p>\n","protected":false},"author":2,"featured_media":105168,"comment_status":"closed","ping_status":"closed","sticky":false,"template":"","format":"standard","meta":{"footnotes":""},"categories":[6],"tags":[4919,4917,4918,2726,932],"class_list":{"0":"post-105167","1":"post","2":"type-post","3":"status-publish","4":"format-standard","5":"has-post-thumbnail","7":"category-politica","8":"tag-agrotoxicos","9":"tag-analise","10":"tag-comercializacao","11":"tag-ministerio-publico","12":"tag-reuniao"},"_links":{"self":[{"href":"https:\/\/senoticias.com.br\/se\/wp-json\/wp\/v2\/posts\/105167"}],"collection":[{"href":"https:\/\/senoticias.com.br\/se\/wp-json\/wp\/v2\/posts"}],"about":[{"href":"https:\/\/senoticias.com.br\/se\/wp-json\/wp\/v2\/types\/post"}],"author":[{"embeddable":true,"href":"https:\/\/senoticias.com.br\/se\/wp-json\/wp\/v2\/users\/2"}],"replies":[{"embeddable":true,"href":"https:\/\/senoticias.com.br\/se\/wp-json\/wp\/v2\/comments?post=105167"}],"version-history":[{"count":0,"href":"https:\/\/senoticias.com.br\/se\/wp-json\/wp\/v2\/posts\/105167\/revisions"}],"wp:featuredmedia":[{"embeddable":true,"href":"https:\/\/senoticias.com.br\/se\/wp-json\/wp\/v2\/media\/105168"}],"wp:attachment":[{"href":"https:\/\/senoticias.com.br\/se\/wp-json\/wp\/v2\/media?parent=105167"}],"wp:term":[{"taxonomy":"category","embeddable":true,"href":"https:\/\/senoticias.com.br\/se\/wp-json\/wp\/v2\/categories?post=105167"},{"taxonomy":"post_tag","embeddable":true,"href":"https:\/\/senoticias.com.br\/se\/wp-json\/wp\/v2\/tags?post=105167"}],"curies":[{"name":"wp","href":"https:\/\/api.w.org\/{rel}","templated":true}]}}