{"id":105160,"date":"2017-07-25T16:30:31","date_gmt":"2017-07-25T19:30:31","guid":{"rendered":"http:\/\/senoticias.com.br\/se\/?p=105160"},"modified":"2017-07-25T16:30:31","modified_gmt":"2017-07-25T19:30:31","slug":"servidores-da-saude-fazem-manifestacao-na-frente-do-hospital-nestor-piva","status":"publish","type":"post","link":"https:\/\/senoticias.com.br\/se\/servidores-da-saude-fazem-manifestacao-na-frente-do-hospital-nestor-piva\/","title":{"rendered":"Servidores da sa\u00fade fazem manifesta\u00e7\u00e3o na frente do Hospital Nestor Piva"},"content":{"rendered":"<div style=\"text-align: justify;\"><span style=\"color: #000000;\"><span style=\"color: #000000;\">Auxiliares e t\u00e9cnicos de enfermagem e demais servidores do n\u00edvel m\u00e9dio da Sa\u00fade de Aracaju realizaram ato p\u00fablico durante o 15\u00ba dia de greve, na manh\u00e3 desta ter\u00e7a-feira, 25, na frente do Hospital Municipal da Zona Norte Nestor Piva. A manifesta\u00e7\u00e3o, que contou com o apoio do Sindicato dos Trabalhadores na \u00c1rea da Sa\u00fade do Estado de Sergipe (Sintasa), serviu para reivindicar ao prefeito Edvaldo Nogueira o reajuste salarial da categoria e a abertura para negocia\u00e7\u00e3o de outras reivindica\u00e7\u00f5es. Ap\u00f3s o ato, houve assembleia com os trabalhadores e ficou deliberado que o pr\u00f3ximo ato ser\u00e1 no novo pr\u00e9dio da Secretaria Municipal de Sa\u00fade, a partir das 7 horas.<\/span><\/span><\/p>\n<div id=\"attachment_105161\" style=\"width: 609px\" class=\"wp-caption aligncenter\"><img loading=\"lazy\" decoding=\"async\" aria-describedby=\"caption-attachment-105161\" class=\"size-full wp-image-105161\" src=\"http:\/\/senoticias.com.br\/se\/wp-content\/uploads\/2017\/07\/2507-sintasa-piva-ok1-e1501010861422.jpg\" alt=\"A manifesta\u00e7\u00e3o, que contou com o apoio do Sindicato dos Trabalhadores na \u00c1rea da Sa\u00fade do Estado de Sergipe (Sintasa)\" width=\"599\" height=\"343\" \/><p id=\"caption-attachment-105161\" class=\"wp-caption-text\">A manifesta\u00e7\u00e3o, que contou com o apoio do Sindicato dos Trabalhadores na \u00c1rea da Sa\u00fade do Estado de Sergipe (Sintasa) (Foto: ascom\/Sintasa)<\/p><\/div>\n<\/div>\n<div style=\"text-align: justify;\"><span style=\"color: #000000;\">\u00a0<\/span><\/div>\n<div style=\"text-align: justify;\"><span style=\"color: #000000;\">O local do ato desta ter\u00e7a-feira foi estrat\u00e9gico para o movimento grevista. \u201cA situa\u00e7\u00e3o no Nestor Piva n\u00e3o est\u00e1 f\u00e1cil. Existe um d\u00e9ficit de 40% de profissional na \u00e1rea. O sindicato j\u00e1 vem cobrando h\u00e1 muito tempo aos gestores um olhar diferenciado, principalmente, para as duas Unidades de Pronto Atendimento: Nestor Piva e Fernando Franco. Os servidores est\u00e3o angustiados, falta condi\u00e7\u00f5es de trabalho, como macas e cadeiras de rodas\u201d, explicou o presidente do Sintasa, Augusto Couto.<\/span><\/div>\n<div><\/div>\n<div style=\"text-align: justify;\"><span style=\"color: #000000;\">O l\u00edder sindical lamenta que o prefeito Edvaldo Nogueira durante a campanha eleitoral e em v\u00e1rias entrevistas disse que a sa\u00fade seria prioridade, mas na pr\u00e1tica n\u00e3o est\u00e1 vendo isto. \u201cReconhecemos que os sal\u00e1rios est\u00e3o em dia, mas tem que suprir outras necessidades dos servidores como concedendo o reajuste salarial e dando condi\u00e7\u00f5es de trabalho\u201d, completou o presidente.<\/span><\/div>\n<div style=\"text-align: justify;\"><span style=\"color: #000000;\">\u00a0<\/span><\/div>\n<div style=\"text-align: justify;\"><span style=\"color: #000000;\">A lista de reivindica\u00e7\u00f5es conta com reajuste salarial 2017, cria\u00e7\u00e3o de uma mesa de negocia\u00e7\u00e3o, renegocia\u00e7\u00e3o do PMAQ, reavalia\u00e7\u00e3o do grau de insalubridade e expandir a gratifica\u00e7\u00e3o da \u00e1rea de risco para todos os servidores lotados nas UBS, CEMAR, CAPS e UPAS; melhores condi\u00e7\u00f5es de trabalho, incluir o Atendente de Sa\u00fade Bucal (ASB) no Programa Sa\u00fade da Fam\u00edlia, garantir a gratifica\u00e7\u00e3o do PSF a todos os trabalhadores do Ambulat\u00f3rio, receber o calend\u00e1rio de pagamento dos servidores, aumentar o quantitativo de seguran\u00e7a nas UBS e fazer a implanta\u00e7\u00e3o das 30 horas semanais de trabalho.<\/span><\/div>\n<div style=\"text-align: justify;\"><\/div>\n<div style=\"text-align: justify;\"><img loading=\"lazy\" decoding=\"async\" class=\"aligncenter size-full wp-image-104856\" src=\"http:\/\/senoticias.com.br\/se\/wp-content\/uploads\/2017\/07\/Logo-fone-1-2-1-2-4-6-1.jpg\" alt=\"Logo-fone-1-2-1-2-4-6\" width=\"599\" height=\"78\" srcset=\"https:\/\/senoticias.com.br\/se\/wp-content\/uploads\/2017\/07\/Logo-fone-1-2-1-2-4-6-1.jpg 599w, https:\/\/senoticias.com.br\/se\/wp-content\/uploads\/2017\/07\/Logo-fone-1-2-1-2-4-6-1-300x39.jpg 300w\" sizes=\"(max-width: 599px) 100vw, 599px\" \/><\/div>\n<div style=\"text-align: justify;\"><\/div>\n<div style=\"text-align: justify;\"><em><strong>Acompanhe tamb\u00e9m o SE Not\u00edcias no\u00a0<a href=\"https:\/\/twitter.com\/Senoticias\" target=\"_blank\">Twitter<\/a>,\u00a0<a href=\"https:\/\/www.facebook.com\/senoticias1\" target=\"_blank\">Facebook<\/a>\u00a0e no\u00a0<a href=\"https:\/\/www.instagram.com\/senoticias\/\" target=\"_blank\">Instagram<\/a><\/strong><\/em><\/div>\n<div style=\"text-align: justify;\"><\/div>\n<div style=\"text-align: justify;\"><em>por Ascom\/Sintasa<\/em><\/div>\n","protected":false},"excerpt":{"rendered":"<p>Auxiliares e t\u00e9cnicos de enfermagem e demais servidores do n\u00edvel m\u00e9dio da Sa\u00fade de Aracaju realizaram ato p\u00fablico durante o 15\u00ba dia de greve, na manh\u00e3 desta ter\u00e7a-feira, 25, na frente do Hospital Municipal da Zona Norte Nestor Piva. A manifesta\u00e7\u00e3o, que contou com o apoio do Sindicato dos Trabalhadores na \u00c1rea da Sa\u00fade do [&hellip;]<\/p>\n","protected":false},"author":2,"featured_media":105161,"comment_status":"closed","ping_status":"closed","sticky":false,"template":"","format":"standard","meta":{"footnotes":""},"categories":[15],"tags":[4915,3240,4914],"class_list":{"0":"post-105160","1":"post","2":"type-post","3":"status-publish","4":"format-standard","5":"has-post-thumbnail","7":"category-destaques","8":"tag-hospital-nestor-piva","9":"tag-manifestacao","10":"tag-servidores-da-saude"},"_links":{"self":[{"href":"https:\/\/senoticias.com.br\/se\/wp-json\/wp\/v2\/posts\/105160"}],"collection":[{"href":"https:\/\/senoticias.com.br\/se\/wp-json\/wp\/v2\/posts"}],"about":[{"href":"https:\/\/senoticias.com.br\/se\/wp-json\/wp\/v2\/types\/post"}],"author":[{"embeddable":true,"href":"https:\/\/senoticias.com.br\/se\/wp-json\/wp\/v2\/users\/2"}],"replies":[{"embeddable":true,"href":"https:\/\/senoticias.com.br\/se\/wp-json\/wp\/v2\/comments?post=105160"}],"version-history":[{"count":0,"href":"https:\/\/senoticias.com.br\/se\/wp-json\/wp\/v2\/posts\/105160\/revisions"}],"wp:featuredmedia":[{"embeddable":true,"href":"https:\/\/senoticias.com.br\/se\/wp-json\/wp\/v2\/media\/105161"}],"wp:attachment":[{"href":"https:\/\/senoticias.com.br\/se\/wp-json\/wp\/v2\/media?parent=105160"}],"wp:term":[{"taxonomy":"category","embeddable":true,"href":"https:\/\/senoticias.com.br\/se\/wp-json\/wp\/v2\/categories?post=105160"},{"taxonomy":"post_tag","embeddable":true,"href":"https:\/\/senoticias.com.br\/se\/wp-json\/wp\/v2\/tags?post=105160"}],"curies":[{"name":"wp","href":"https:\/\/api.w.org\/{rel}","templated":true}]}}