{"id":105152,"date":"2017-07-25T16:13:11","date_gmt":"2017-07-25T19:13:11","guid":{"rendered":"http:\/\/senoticias.com.br\/se\/?p=105152"},"modified":"2017-07-25T16:13:11","modified_gmt":"2017-07-25T19:13:11","slug":"mpf-prorroga-por-seis-meses-trabalhos-da-lava-jato-no-rio","status":"publish","type":"post","link":"https:\/\/senoticias.com.br\/se\/mpf-prorroga-por-seis-meses-trabalhos-da-lava-jato-no-rio\/","title":{"rendered":"MPF prorroga por seis meses trabalhos da Lava Jato no Rio"},"content":{"rendered":"<p style=\"text-align: justify;\">O Conselho Superior do Minist\u00e9rio P\u00fablico Federal (CSMPF) autorizou hoje (25) a prorroga\u00e7\u00e3o por seis meses da for\u00e7a-tarefa da Opera\u00e7\u00e3o Lava Jato no Rio de Janeiro.<\/p>\n<p style=\"text-align: justify;\">A decis\u00e3o foi tomada de forma un\u00e2nime pelos 11 membros do conselho, presidido pelo procurador-geral da Rep\u00fablica (PGR), Rodrigo Janot, e integrado tamb\u00e9m por sua sucessora, Raquel Dodge, que assumir\u00e1 o comando da PGR em setembro.<\/p>\n<div id=\"attachment_105157\" style=\"width: 482px\" class=\"wp-caption aligncenter\"><img loading=\"lazy\" decoding=\"async\" aria-describedby=\"caption-attachment-105157\" class=\"size-full wp-image-105157\" src=\"http:\/\/senoticias.com.br\/se\/wp-content\/uploads\/2017\/07\/lava-jato.jpg\" alt=\"Foto? G1\" width=\"472\" height=\"332\" srcset=\"https:\/\/senoticias.com.br\/se\/wp-content\/uploads\/2017\/07\/lava-jato.jpg 472w, https:\/\/senoticias.com.br\/se\/wp-content\/uploads\/2017\/07\/lava-jato-300x211.jpg 300w\" sizes=\"(max-width: 472px) 100vw, 472px\" \/><p id=\"caption-attachment-105157\" class=\"wp-caption-text\">Foto? G1<\/p><\/div>\n<p style=\"text-align: justify;\">A for\u00e7a-tarefa da Lava Jato no Rio foi criada em junho de 2016 para trabalhar em 20 processos sobre desvios na Eletronuclear, subsidi\u00e1ria da Eletrobr\u00e1s, cuja sede fica no estado. De in\u00edcio com tr\u00eas procuradores, o grupo conta hoje com 10.<\/p>\n<p style=\"text-align: justify;\">A decis\u00e3o desta ter\u00e7a-feira do CSMPF prorrogou por mais seis meses a dedica\u00e7\u00e3o exclusiva de cinco procuradores que atuam na for\u00e7a-tarefa da Lava Jato no Rio, que nos \u00faltimos meses passou a cuidar tamb\u00e9m de outras dezenas de processos oriundos das investiga\u00e7\u00f5es sobre desvios na administra\u00e7\u00e3o do ex-governador S\u00e9rgio Cabral.<\/p>\n<p style=\"text-align: justify;\">Durante a reuni\u00e3o, Janot elogiou a indica\u00e7\u00e3o de Dodge como sua sucessora, destacando que o Minist\u00e9rio P\u00fablico passar\u00e1 pela primeira vez a ser comandado por uma mulher.<\/p>\n<p style=\"text-align: justify;\">\n<p style=\"text-align: justify;\"><img loading=\"lazy\" decoding=\"async\" class=\"aligncenter size-full wp-image-104856\" src=\"http:\/\/senoticias.com.br\/se\/wp-content\/uploads\/2017\/07\/Logo-fone-1-2-1-2-4-6-1.jpg\" alt=\"Logo-fone-1-2-1-2-4-6\" width=\"599\" height=\"78\" srcset=\"https:\/\/senoticias.com.br\/se\/wp-content\/uploads\/2017\/07\/Logo-fone-1-2-1-2-4-6-1.jpg 599w, https:\/\/senoticias.com.br\/se\/wp-content\/uploads\/2017\/07\/Logo-fone-1-2-1-2-4-6-1-300x39.jpg 300w\" sizes=\"(max-width: 599px) 100vw, 599px\" \/><\/p>\n<p style=\"text-align: justify;\">\n<p><em><strong>Acompanhe tamb\u00e9m o SE Not\u00edcias no\u00a0<a href=\"https:\/\/twitter.com\/Senoticias\" target=\"_blank\">Twitter<\/a>,\u00a0<a href=\"https:\/\/www.facebook.com\/senoticias1\" target=\"_blank\">Facebook<\/a>\u00a0e no\u00a0<a href=\"https:\/\/www.instagram.com\/senoticias\/\" target=\"_blank\">Instagram<\/a><\/strong><\/em><\/p>\n<p><em>Por ASN<\/em><\/p>\n","protected":false},"excerpt":{"rendered":"<p>O Conselho Superior do Minist\u00e9rio P\u00fablico Federal (CSMPF) autorizou hoje (25) a prorroga\u00e7\u00e3o por seis meses da for\u00e7a-tarefa da Opera\u00e7\u00e3o Lava Jato no Rio de Janeiro. A decis\u00e3o foi tomada de forma un\u00e2nime pelos 11 membros do conselho, presidido pelo procurador-geral da Rep\u00fablica (PGR), Rodrigo Janot, e integrado tamb\u00e9m por sua sucessora, Raquel Dodge, que [&hellip;]<\/p>\n","protected":false},"author":2,"featured_media":0,"comment_status":"closed","ping_status":"closed","sticky":false,"template":"","format":"standard","meta":{"footnotes":""},"categories":[6],"tags":[3922,3397,1303,2168],"class_list":{"0":"post-105152","1":"post","2":"type-post","3":"status-publish","4":"format-standard","6":"category-politica","7":"tag-federal","8":"tag-lavajato","9":"tag-policia","10":"tag-politica"},"_links":{"self":[{"href":"https:\/\/senoticias.com.br\/se\/wp-json\/wp\/v2\/posts\/105152"}],"collection":[{"href":"https:\/\/senoticias.com.br\/se\/wp-json\/wp\/v2\/posts"}],"about":[{"href":"https:\/\/senoticias.com.br\/se\/wp-json\/wp\/v2\/types\/post"}],"author":[{"embeddable":true,"href":"https:\/\/senoticias.com.br\/se\/wp-json\/wp\/v2\/users\/2"}],"replies":[{"embeddable":true,"href":"https:\/\/senoticias.com.br\/se\/wp-json\/wp\/v2\/comments?post=105152"}],"version-history":[{"count":0,"href":"https:\/\/senoticias.com.br\/se\/wp-json\/wp\/v2\/posts\/105152\/revisions"}],"wp:attachment":[{"href":"https:\/\/senoticias.com.br\/se\/wp-json\/wp\/v2\/media?parent=105152"}],"wp:term":[{"taxonomy":"category","embeddable":true,"href":"https:\/\/senoticias.com.br\/se\/wp-json\/wp\/v2\/categories?post=105152"},{"taxonomy":"post_tag","embeddable":true,"href":"https:\/\/senoticias.com.br\/se\/wp-json\/wp\/v2\/tags?post=105152"}],"curies":[{"name":"wp","href":"https:\/\/api.w.org\/{rel}","templated":true}]}}