{"id":105111,"date":"2017-07-24T17:05:06","date_gmt":"2017-07-24T20:05:06","guid":{"rendered":"http:\/\/senoticias.com.br\/se\/?p=105111"},"modified":"2017-07-24T17:08:06","modified_gmt":"2017-07-24T20:08:06","slug":"anuario-socioeconomico-de-sergipe-expoe-quadro-preocupante-das-financas-publicas","status":"publish","type":"post","link":"https:\/\/senoticias.com.br\/se\/anuario-socioeconomico-de-sergipe-expoe-quadro-preocupante-das-financas-publicas\/","title":{"rendered":"Anu\u00e1rio Socioecon\u00f4mico de Sergipe exp\u00f5e quadro preocupante das finan\u00e7as p\u00fablicas"},"content":{"rendered":"<p style=\"text-align: justify;\">O Produto Interno Bruto caiu cerca de 10% nos \u00faltimos dois anos, a produ\u00e7\u00e3o de petr\u00f3leo n\u00e3o consegue se recuperar, a taxa de desemprego chegou a 15%, a d\u00edvida corrente l\u00edquida hoje corresponde a 60% da receita corrente l\u00edquida. Al\u00e9m disso, temos proporcionalmente mais analfabetos que a m\u00e9dia do Nordeste, cresceu o n\u00famero de jovens que n\u00e3o estudam nem trabalham, caiu o n\u00famero de domic\u00edlios atendidos com redes de esgoto, \u00e1gua encana e coleta de lixo.<\/p>\n<div id=\"attachment_105115\" style=\"width: 510px\" class=\"wp-caption aligncenter\"><img loading=\"lazy\" decoding=\"async\" aria-describedby=\"caption-attachment-105115\" class=\"size-full wp-image-105115\" src=\"http:\/\/senoticias.com.br\/se\/wp-content\/uploads\/2017\/07\/TCE-SENOTICIAS.jpeg\" alt=\"Anu\u00e1rio Socioecon\u00f4mico de Sergipe exp\u00f5e quadro preocupante das finan\u00e7as p\u00fablicas \" width=\"500\" height=\"333\" srcset=\"https:\/\/senoticias.com.br\/se\/wp-content\/uploads\/2017\/07\/TCE-SENOTICIAS.jpeg 500w, https:\/\/senoticias.com.br\/se\/wp-content\/uploads\/2017\/07\/TCE-SENOTICIAS-300x200.jpeg 300w, https:\/\/senoticias.com.br\/se\/wp-content\/uploads\/2017\/07\/TCE-SENOTICIAS-90x60.jpeg 90w, https:\/\/senoticias.com.br\/se\/wp-content\/uploads\/2017\/07\/TCE-SENOTICIAS-180x120.jpeg 180w, https:\/\/senoticias.com.br\/se\/wp-content\/uploads\/2017\/07\/TCE-SENOTICIAS-95x64.jpeg 95w\" sizes=\"(max-width: 500px) 100vw, 500px\" \/><p id=\"caption-attachment-105115\" class=\"wp-caption-text\">Anu\u00e1rio Socioecon\u00f4mico de Sergipe exp\u00f5e quadro preocupante das finan\u00e7as p\u00fablicas (foto: Cleverton Ribeiro\/TCE)<\/p><\/div>\n<p style=\"text-align: justify;\">Este \u00e9 o quadro nada positivo revelado pelo Anu\u00e1rio Socioecon\u00f4mico de Sergipe 2017, produzido pelo Grupo de Pesquisa em An\u00e1lise de Dados Econ\u00f4micos, vinculado Departamento de Economia da Universidade Federal de Sergipe (UFS), cujo conte\u00fado foi apresentado na manh\u00e3 desta segunda-feira, 24, no Tribunal de Contas do Estado (TCE).<\/p>\n<p style=\"text-align: justify;\">A convite do conselheiro-presidente Cl\u00f3vis Barbosa de Melo, os professores Luiz Rog\u00e9rio de Camargo e Wagner N\u00f3brega detalharam os \u00edndices mais recentes obtidos pelo Estado e munic\u00edpios sergipanos em \u00e1reas como economia, sa\u00fade, educa\u00e7\u00e3o, d\u00edvida p\u00fablica, entre outras.<\/p>\n<p style=\"text-align: justify;\">Para o conselheiro, a id\u00e9ia \u00e9 conscientizar gestores, parlamentares e a sociedade como um todo para o desempenho ruim de Sergipe nas mais diversas \u00e1reas: &#8220;Estamos perdendo espa\u00e7o para outros estados e essa \u00e9 uma oportunidade para conhecer a real situa\u00e7\u00e3o de Sergipe e de cada um dos munic\u00edpios&#8221;, opinou o presidente do TCE.<\/p>\n<p style=\"text-align: justify;\">Segundo o professor Luiz Rog\u00e9rio de Camargo, o trabalho apresentado consiste num diagn\u00f3stico, n\u00e3o entrando no m\u00e9rito das poss\u00edveis solu\u00e7\u00f5es. &#8220;Uma conclus\u00e3o que n\u00f3s temos \u00e9 que as solu\u00e7\u00f5es s\u00e3o de longo prazo; para resolver a quest\u00e3o do emprego, da ind\u00fastria, indicadores sociais, educa\u00e7\u00e3o, s\u00e3o coisas que vamos pensar em longo prazo e pensar a longo prazo n\u00e3o \u00e9 uma tradi\u00e7\u00e3o brasileira; somos muito imediatistas&#8221;, concluiu o professor.<\/p>\n<p style=\"text-align: justify;\">Em meio aos gestores municipais presentes estava o prefeito de Amparo de S\u00e3o Francisco, Franklin Freire, que elogiou a oportunidade de conhecer os n\u00fameros colocados. &#8220;\u00c9 importante conhecermos esses dados para cada munic\u00edpio reconhecer seus problemas e refor\u00e7ar o trabalho que deve ser feito&#8221;, opinou.<\/p>\n<p style=\"text-align: justify;\">A apresenta\u00e7\u00e3o atraiu tamb\u00e9m representantes de classes empresariais e l\u00edderes sindicais, como o presidente da Central \u00danica dos Trabalhadores em Sergipe (CUT\/SE), Rubens Marques. &#8220;No geral foi muito bom porque o p\u00fablico era bem plural, bem diversificado, desde o Estado, aos empres\u00e1rios e trabalhadores&#8221;, colocou.<\/p>\n<p style=\"text-align: justify;\">Entre os presentes estavam as conselheiras Susana Azevedo (vice-presidente do TCE) e Ang\u00e9lica Guimar\u00e3es, os conselheiros-substitutos Rafael Fons\u00eaca e Alexandre Lessa, o procurador-geral do Minist\u00e9rio P\u00fablico de Contas, Jo\u00e3o Augusto Bandeira de Mello e o procurador Eduardo c\u00f4rtes.<\/p>\n<p style=\"text-align: justify;\">Tamb\u00e9m compareceram o senador Ant\u00f4nio Carlos Valadares; o presidente do Tribunal de Justi\u00e7a (TJ\/SE), desembargador Cez\u00e1rio Siqueira Neto; o defensor p\u00fablico geral do Estado, Jesus Jairo Almeida; os secret\u00e1rios de Estado da Fazenda, Josu\u00e9 Modesto dos Passos Subrinho, e da Sedetec, Augusto Carvalho; a coordenadora do F\u00f3rum Empresarial, Susana Nascimento; e a presidente do Conselho Regional de Contabilidade de Sergipe (CRC\/SE), \u00c2ngela Dantas.<\/p>\n<p style=\"text-align: justify;\"><img loading=\"lazy\" decoding=\"async\" class=\"aligncenter size-full wp-image-104856\" src=\"http:\/\/senoticias.com.br\/se\/wp-content\/uploads\/2017\/07\/Logo-fone-1-2-1-2-4-6-1.jpg\" alt=\"Logo-fone-1-2-1-2-4-6\" width=\"599\" height=\"78\" srcset=\"https:\/\/senoticias.com.br\/se\/wp-content\/uploads\/2017\/07\/Logo-fone-1-2-1-2-4-6-1.jpg 599w, https:\/\/senoticias.com.br\/se\/wp-content\/uploads\/2017\/07\/Logo-fone-1-2-1-2-4-6-1-300x39.jpg 300w\" sizes=\"(max-width: 599px) 100vw, 599px\" \/><\/p>\n<p style=\"text-align: justify;\"><em><strong>Acompanhe tamb\u00e9m o SE Not\u00edcias no\u00a0<a href=\"https:\/\/twitter.com\/Senoticias\" target=\"_blank\">Twitter<\/a>,\u00a0<a href=\"https:\/\/www.facebook.com\/senoticias1\" target=\"_blank\">Facebook<\/a>\u00a0e no\u00a0<a href=\"https:\/\/www.instagram.com\/senoticias\/\" target=\"_blank\">Instagram<\/a><\/strong><\/em><\/p>\n<p style=\"text-align: justify;\"><em>Ascom\/TCE<\/em><\/p>\n","protected":false},"excerpt":{"rendered":"<p>O Produto Interno Bruto caiu cerca de 10% nos \u00faltimos dois anos, a produ\u00e7\u00e3o de petr\u00f3leo n\u00e3o consegue se recuperar, a taxa de desemprego chegou a 15%, a d\u00edvida corrente l\u00edquida hoje corresponde a 60% da receita corrente l\u00edquida. Al\u00e9m disso, temos proporcionalmente mais analfabetos que a m\u00e9dia do Nordeste, cresceu o n\u00famero de jovens [&hellip;]<\/p>\n","protected":false},"author":2,"featured_media":105115,"comment_status":"closed","ping_status":"closed","sticky":false,"template":"","format":"standard","meta":{"footnotes":""},"categories":[15],"tags":[4889,4890,529],"class_list":{"0":"post-105111","1":"post","2":"type-post","3":"status-publish","4":"format-standard","5":"has-post-thumbnail","7":"category-destaques","8":"tag-anuario-socioeconomico","9":"tag-financas-publicas","10":"tag-tce"},"_links":{"self":[{"href":"https:\/\/senoticias.com.br\/se\/wp-json\/wp\/v2\/posts\/105111"}],"collection":[{"href":"https:\/\/senoticias.com.br\/se\/wp-json\/wp\/v2\/posts"}],"about":[{"href":"https:\/\/senoticias.com.br\/se\/wp-json\/wp\/v2\/types\/post"}],"author":[{"embeddable":true,"href":"https:\/\/senoticias.com.br\/se\/wp-json\/wp\/v2\/users\/2"}],"replies":[{"embeddable":true,"href":"https:\/\/senoticias.com.br\/se\/wp-json\/wp\/v2\/comments?post=105111"}],"version-history":[{"count":0,"href":"https:\/\/senoticias.com.br\/se\/wp-json\/wp\/v2\/posts\/105111\/revisions"}],"wp:featuredmedia":[{"embeddable":true,"href":"https:\/\/senoticias.com.br\/se\/wp-json\/wp\/v2\/media\/105115"}],"wp:attachment":[{"href":"https:\/\/senoticias.com.br\/se\/wp-json\/wp\/v2\/media?parent=105111"}],"wp:term":[{"taxonomy":"category","embeddable":true,"href":"https:\/\/senoticias.com.br\/se\/wp-json\/wp\/v2\/categories?post=105111"},{"taxonomy":"post_tag","embeddable":true,"href":"https:\/\/senoticias.com.br\/se\/wp-json\/wp\/v2\/tags?post=105111"}],"curies":[{"name":"wp","href":"https:\/\/api.w.org\/{rel}","templated":true}]}}