{"id":105098,"date":"2017-07-24T11:46:31","date_gmt":"2017-07-24T14:46:31","guid":{"rendered":"http:\/\/senoticias.com.br\/se\/?p=105098"},"modified":"2017-07-24T11:54:31","modified_gmt":"2017-07-24T14:54:31","slug":"mostra-tecnologica-de-eletronica-e-informatica-sera-aberta-nesta-terca-feira-25","status":"publish","type":"post","link":"https:\/\/senoticias.com.br\/se\/mostra-tecnologica-de-eletronica-e-informatica-sera-aberta-nesta-terca-feira-25\/","title":{"rendered":"Mostra Tecnol\u00f3gica de Eletr\u00f4nica e Inform\u00e1tica ser\u00e1 aberta nesta ter\u00e7a-feira, 25"},"content":{"rendered":"<p style=\"text-align: justify;\">Em sua quarta edi\u00e7\u00e3o, a mostra tecnol\u00f3gica do Instituto Federal de Sergipe &#8211; Campus Aracaju reunir\u00e1, nos dias 25 e 26, projetos interdisciplinares em que os alunos dos cursos t\u00e9cnicos integrados de eletr\u00f4nica e inform\u00e1tica v\u00e3o expor pesquisas e prot\u00f3tipos desenvolvidos durante todo o ano letivo de 2016. O evento tamb\u00e9m promover\u00e1 troca de livros e revistas entre o p\u00fablico.<\/p>\n<div id=\"attachment_105099\" style=\"width: 609px\" class=\"wp-caption aligncenter\"><img loading=\"lazy\" decoding=\"async\" aria-describedby=\"caption-attachment-105099\" class=\"size-full wp-image-105099\" src=\"http:\/\/senoticias.com.br\/se\/wp-content\/uploads\/2017\/07\/Mostra-Tecnol\u00f3gica-2016-e1500907710723.jpg\" alt=\"Pesquisas e prot\u00f3tipos com car\u00e1ter tecnol\u00f3gico desenvolvidos por alunos dos cursos t\u00e9cnicos estar\u00e3o em exposi\u00e7\u00e3o durante dois dias no IFS - Campus Aracaju\" width=\"599\" height=\"449\" \/><p id=\"caption-attachment-105099\" class=\"wp-caption-text\">Pesquisas e prot\u00f3tipos com car\u00e1ter tecnol\u00f3gico desenvolvidos por alunos dos cursos t\u00e9cnicos estar\u00e3o em exposi\u00e7\u00e3o durante dois dias no IFS &#8211; Campus Aracaju(foto: \u00a0arquivo\/Luiz Eduardo\/ascom)<\/p><\/div>\n<p style=\"text-align: justify;\">Realizada anualmente pela Coordenadoria de Eletr\u00f4nica, por meio de um grupo de professores, a mostra \u00e9 aberta ao p\u00fablico e atrai dezenas de visitantes, interessados em conhecer os resultados das atividades realizadas em disciplinas t\u00e9cnicas em sala de aula. A exposi\u00e7\u00e3o dos trabalhos acontecer\u00e1 no Pavilh\u00e3o de Eletr\u00f4nica professor Francisco Jansen, das 7h \u00e0s 12h.<\/p>\n<p style=\"text-align: justify;\">Nesta edi\u00e7\u00e3o ser\u00e3o apresentados cinco trabalhos de conclus\u00e3o de curso : Controle Autom\u00e1tico de Dados Meteorol\u00f3gicos com Esta\u00e7\u00e3o de Baixo Custo; Sistema de Aquisi\u00e7\u00e3o de Pequenos Sinais; Implementa\u00e7\u00e3o, An\u00e1lise e Compara\u00e7\u00e3o de C\u00f3digos Utilizados em Competi\u00e7\u00f5es de Rob\u00f3tica e Smartbeth: Uma Mem\u00f3ria Eletr\u00f4nica em Formato de Bracelete Controlada por Smartphones com vistas a auxiliar portadores de Alzheimer. A apresenta\u00e7\u00e3o final desses TCCs acontecer\u00e1 no primeiro dia do evento, ter\u00e7a-feira, 25, no laborat\u00f3rio 33.<\/p>\n<p style=\"text-align: justify;\">J\u00e1 no segundo dia , quarta-feira, 26, ser\u00e3o apresentados\u00a0 prot\u00f3tipos realizados nas seguintes disciplinas: sistemas program\u00e1veis, t\u00e9cnicas digitais, linguagem de programa\u00e7\u00e3o e sistemas digitais, sistemas de automa\u00e7\u00e3o, eletr\u00f4nica de pot\u00eancia e sistemas program\u00e1veis.<\/p>\n<p style=\"text-align: justify;\">De acordo com a professora da Coordenadoria de Eletr\u00f4nica, Leila Buarque, uma das organizadoras do evento, a mostra \u00e9 uma oportunidade para alunos e professores exporem prot\u00f3tipos e pesquisas desenvolvidas em sala de aula. \u201cO mais importante \u00e9 a troca de experi\u00eancia e a interdisciplinaridade entre os projetos. \u00c9 um momento de intera\u00e7\u00e3o, articula\u00e7\u00e3o e integra\u00e7\u00e3o\u201d, afirma.<\/p>\n<p style=\"text-align: justify;\">Tamb\u00e9m est\u00e3o na organiza\u00e7\u00e3o do evento os professores: mestre Danyelle Mousinho, doutor Edson Barbosa, mestre F\u00e1bio Prudente, mestre Lu\u00eds Adriano, mestre Nara Strappa e o t\u00e9cnico de laborat\u00f3rio de Eletr\u00f4nica, Renan Silva.<\/p>\n<p style=\"text-align: justify;\"><em>Por\u00a0Marineide\u00a0Bonfim, da Assessoria de Imprensa\/IFS<\/em><\/p>\n<p style=\"text-align: justify;\"><img loading=\"lazy\" decoding=\"async\" class=\"aligncenter size-full wp-image-104856\" src=\"http:\/\/senoticias.com.br\/se\/wp-content\/uploads\/2017\/07\/Logo-fone-1-2-1-2-4-6-1.jpg\" alt=\"Logo-fone-1-2-1-2-4-6\" width=\"599\" height=\"78\" srcset=\"https:\/\/senoticias.com.br\/se\/wp-content\/uploads\/2017\/07\/Logo-fone-1-2-1-2-4-6-1.jpg 599w, https:\/\/senoticias.com.br\/se\/wp-content\/uploads\/2017\/07\/Logo-fone-1-2-1-2-4-6-1-300x39.jpg 300w\" sizes=\"(max-width: 599px) 100vw, 599px\" \/><\/p>\n<p><strong><em>Acompanhe tamb\u00e9m o SE Not\u00edcias no\u00a0<a href=\"https:\/\/twitter.com\/Senoticias\" target=\"_blank\">Twitter<\/a>,\u00a0<a href=\"https:\/\/www.facebook.com\/senoticias1\" target=\"_blank\">Facebook<\/a>\u00a0e no\u00a0<a href=\"https:\/\/www.instagram.com\/senoticias\/\" target=\"_blank\">Instagram<\/a><\/em><\/strong><\/p>\n","protected":false},"excerpt":{"rendered":"<p>Em sua quarta edi\u00e7\u00e3o, a mostra tecnol\u00f3gica do Instituto Federal de Sergipe &#8211; Campus Aracaju reunir\u00e1, nos dias 25 e 26, projetos interdisciplinares em que os alunos dos cursos t\u00e9cnicos integrados de eletr\u00f4nica e inform\u00e1tica v\u00e3o expor pesquisas e prot\u00f3tipos desenvolvidos durante todo o ano letivo de 2016. O evento tamb\u00e9m promover\u00e1 troca de livros [&hellip;]<\/p>\n","protected":false},"author":2,"featured_media":105099,"comment_status":"closed","ping_status":"closed","sticky":false,"template":"","format":"standard","meta":{"footnotes":""},"categories":[1,45],"tags":[4880,4878,1965,4663,4879,4877],"class_list":{"0":"post-105098","1":"post","2":"type-post","3":"status-publish","4":"format-standard","5":"has-post-thumbnail","7":"category-sem-categoria","8":"category-tecnologia","9":"tag-campus-aracaju","10":"tag-eletronica","11":"tag-ifs","12":"tag-informatica","13":"tag-instituto-federal-de-sergipe","14":"tag-mostra-tecnologica"},"_links":{"self":[{"href":"https:\/\/senoticias.com.br\/se\/wp-json\/wp\/v2\/posts\/105098"}],"collection":[{"href":"https:\/\/senoticias.com.br\/se\/wp-json\/wp\/v2\/posts"}],"about":[{"href":"https:\/\/senoticias.com.br\/se\/wp-json\/wp\/v2\/types\/post"}],"author":[{"embeddable":true,"href":"https:\/\/senoticias.com.br\/se\/wp-json\/wp\/v2\/users\/2"}],"replies":[{"embeddable":true,"href":"https:\/\/senoticias.com.br\/se\/wp-json\/wp\/v2\/comments?post=105098"}],"version-history":[{"count":0,"href":"https:\/\/senoticias.com.br\/se\/wp-json\/wp\/v2\/posts\/105098\/revisions"}],"wp:featuredmedia":[{"embeddable":true,"href":"https:\/\/senoticias.com.br\/se\/wp-json\/wp\/v2\/media\/105099"}],"wp:attachment":[{"href":"https:\/\/senoticias.com.br\/se\/wp-json\/wp\/v2\/media?parent=105098"}],"wp:term":[{"taxonomy":"category","embeddable":true,"href":"https:\/\/senoticias.com.br\/se\/wp-json\/wp\/v2\/categories?post=105098"},{"taxonomy":"post_tag","embeddable":true,"href":"https:\/\/senoticias.com.br\/se\/wp-json\/wp\/v2\/tags?post=105098"}],"curies":[{"name":"wp","href":"https:\/\/api.w.org\/{rel}","templated":true}]}}