{"id":105065,"date":"2017-07-22T14:42:42","date_gmt":"2017-07-22T17:42:42","guid":{"rendered":"http:\/\/senoticias.com.br\/se\/?p=105065"},"modified":"2017-07-22T14:47:21","modified_gmt":"2017-07-22T17:47:21","slug":"nova-regra-reduz-exigencias-ao-cidadao-para-prestacao-de-servico-publico","status":"publish","type":"post","link":"https:\/\/senoticias.com.br\/se\/nova-regra-reduz-exigencias-ao-cidadao-para-prestacao-de-servico-publico\/","title":{"rendered":"Nova regra reduz exig\u00eancias ao cidad\u00e3o para presta\u00e7\u00e3o de servi\u00e7o p\u00fablico"},"content":{"rendered":"<p>&nbsp;<\/p>\n<p style=\"text-align: justify;\">Um decreto em vigor desde a \u00faltima ter\u00e7a-feira (18) simplifica a entrega de documentos, atestados, certid\u00f5es e dispensa c\u00f3pias autenticadas ou reconhecimentos de firma no servi\u00e7o p\u00fablico.<\/p>\n<p style=\"text-align: justify;\">Sancionado pelo presidente Michel Temer, o decreto tem por objetivo desburocratizar o atendimento aos cidad\u00e3os nas reparti\u00e7\u00f5es p\u00fablicas.<\/p>\n<p style=\"text-align: justify;\">A principal mudan\u00e7a introduzida pelo decreto \u00e9 a obriga\u00e7\u00e3o de o \u00f3rg\u00e3o p\u00fablico \u2013 em vez do pr\u00f3prio cidad\u00e3o ou empresa \u2013 buscar noutras reparti\u00e7\u00f5es os diferentes documentos exigidos para a presta\u00e7\u00e3o de um servi\u00e7o.<\/p>\n<p style=\"text-align: justify;\">Por exemplo: se para a emiss\u00e3o de uma certid\u00e3o s\u00e3o necess\u00e1rios comprovantes de quita\u00e7\u00e3o eleitoral e da situa\u00e7\u00e3o do contribuinte em rela\u00e7\u00e3o ao imposto de renda, \u00e9 o pr\u00f3prio \u00f3rg\u00e3o emissor da certid\u00e3o que ter\u00e1 de obter essas informa\u00e7\u00f5es no cart\u00f3rio eleitoral e na Receita Federal.<\/p>\n<p style=\"text-align: justify;\">O decreto diz que, ao cidad\u00e3o, bastar\u00e1 somente escrever uma declara\u00e7\u00e3o de pr\u00f3prio punho informando que n\u00e3o disp\u00f5e dos documentos exigidos.<\/p>\n<p style=\"text-align: justify;\">Se a pessoa fizer uma declara\u00e7\u00e3o falsa, estabelece o decreto, ficar\u00e1 sujeita a san\u00e7\u00f5es administrativas, c\u00edveis e penais.<br \/>\nO decreto tamb\u00e9m estabelece que cabe aos \u00f3rg\u00e3os a aplica\u00e7\u00e3o de solu\u00e7\u00f5es tecnol\u00f3gicas, com linguagem clara, com a finalidade de simplificar o atendimento aos usu\u00e1rios e tamb\u00e9m melhorar as condi\u00e7\u00f5es para o compartilhamentos das informa\u00e7\u00f5es entre as reparti\u00e7\u00f5es.<img loading=\"lazy\" decoding=\"async\" class=\"aligncenter size-full wp-image-105066\" src=\"http:\/\/senoticias.com.br\/se\/wp-content\/uploads\/2017\/07\/Novas-recgras-para-orgaos-publicos-senoticias-e1500745453378.jpg\" alt=\"Novas regras para orgaos publicos senoticias\" width=\"599\" height=\"1221\" \/><\/p>\n<p><strong>Autentica\u00e7\u00e3o e reconhecimento de firma<\/strong><\/p>\n<p style=\"text-align: justify;\">Outra altera\u00e7\u00e3o que o decreto prev\u00ea \u00e9 o fim da exig\u00eancia do reconhecimento de firma e da autentica\u00e7\u00e3o de documentos expedidos no Brasil para &#8220;fazer prova junto a \u00f3rg\u00e3os e entidades do Poder Executivo Federal&#8221;.<\/p>\n<p style=\"text-align: justify;\">Em caso de necessidade, o pr\u00f3prio servidor p\u00fablico poder\u00e1 fazer a autentica\u00e7\u00e3o com base em c\u00f3pia do documento original.<\/p>\n<p><strong>Confira abaixo os principais pontos do decreto publicado na \u00faltima ter\u00e7a-feira:<\/strong><\/p>\n<p style=\"text-align: justify;\">Desde que as informa\u00e7\u00f5es estejam na base de dados de \u00f3rg\u00e3os do governo, n\u00e3o \u00e9 mais obrigat\u00f3rio: buscar documentos ou comprovantes (isso passa a ser obriga\u00e7\u00e3o do \u00f3rg\u00e3o solicitante); apresentar c\u00f3pias autenticadas de documentos; fazer reconhecimento de firmas; apresentar c\u00f3pia de comprovante;<br \/>\nSe n\u00e3o for poss\u00edvel obter os documentos em base de dados oficial do governo, a comprova\u00e7\u00e3o poder\u00e1 ser feita com uma declara\u00e7\u00e3o escrita e assinada pela pr\u00f3pria pessoa f\u00edsica ou jur\u00eddica;<br \/>\nO decreto unifica toda a administra\u00e7\u00e3o e \u00f3rg\u00e3os p\u00fablicos, permitindo o compartilhamento de informa\u00e7\u00f5es;<br \/>\nCaso as informa\u00e7\u00f5es do cidad\u00e3o ou de empresa sejam sigilosas, ser\u00e1 necess\u00e1ria autoriza\u00e7\u00e3o do usu\u00e1rio para que o \u00f3rg\u00e3o p\u00fablico tenha acesso ao documento.<\/p>\n<p style=\"text-align: justify;\"><em>Por Alessandra Modzeleski,<a href=\"http:\/\/g1.globo.com\/economia\/noticia\/nova-regra-reduz-exigencias-ao-cidadao-para-prestacao-de-servico-publico.ghtml\"><strong> G1,<\/strong><\/a> Bras\u00edlia<\/em><\/p>\n<p style=\"text-align: justify;\"><img loading=\"lazy\" decoding=\"async\" class=\"aligncenter size-full wp-image-104856\" src=\"http:\/\/senoticias.com.br\/se\/wp-content\/uploads\/2017\/07\/Logo-fone-1-2-1-2-4-6-1.jpg\" alt=\"Logo-fone-1-2-1-2-4-6\" width=\"599\" height=\"78\" srcset=\"https:\/\/senoticias.com.br\/se\/wp-content\/uploads\/2017\/07\/Logo-fone-1-2-1-2-4-6-1.jpg 599w, https:\/\/senoticias.com.br\/se\/wp-content\/uploads\/2017\/07\/Logo-fone-1-2-1-2-4-6-1-300x39.jpg 300w\" sizes=\"(max-width: 599px) 100vw, 599px\" \/><\/p>\n<p style=\"text-align: justify;\"><em><strong>Acompanhe tamb\u00e9m o SE Not\u00edcias no\u00a0<a href=\"https:\/\/twitter.com\/Senoticias\" target=\"_blank\">Twitter<\/a>,\u00a0<a href=\"https:\/\/www.facebook.com\/senoticias1\" target=\"_blank\">Facebook<\/a>\u00a0e no\u00a0<a href=\"https:\/\/www.instagram.com\/senoticias\/\" target=\"_blank\">Instagram<\/a><\/strong><\/em><\/p>\n","protected":false},"excerpt":{"rendered":"<p>&nbsp; Um decreto em vigor desde a \u00faltima ter\u00e7a-feira (18) simplifica a entrega de documentos, atestados, certid\u00f5es e dispensa c\u00f3pias autenticadas ou reconhecimentos de firma no servi\u00e7o p\u00fablico. Sancionado pelo presidente Michel Temer, o decreto tem por objetivo desburocratizar o atendimento aos cidad\u00e3os nas reparti\u00e7\u00f5es p\u00fablicas. A principal mudan\u00e7a introduzida pelo decreto \u00e9 a obriga\u00e7\u00e3o [&hellip;]<\/p>\n","protected":false},"author":2,"featured_media":105066,"comment_status":"closed","ping_status":"closed","sticky":false,"template":"","format":"standard","meta":{"footnotes":""},"categories":[2961,1],"tags":[],"class_list":{"0":"post-105065","1":"post","2":"type-post","3":"status-publish","4":"format-standard","5":"has-post-thumbnail","7":"category-nacional","8":"category-sem-categoria"},"_links":{"self":[{"href":"https:\/\/senoticias.com.br\/se\/wp-json\/wp\/v2\/posts\/105065"}],"collection":[{"href":"https:\/\/senoticias.com.br\/se\/wp-json\/wp\/v2\/posts"}],"about":[{"href":"https:\/\/senoticias.com.br\/se\/wp-json\/wp\/v2\/types\/post"}],"author":[{"embeddable":true,"href":"https:\/\/senoticias.com.br\/se\/wp-json\/wp\/v2\/users\/2"}],"replies":[{"embeddable":true,"href":"https:\/\/senoticias.com.br\/se\/wp-json\/wp\/v2\/comments?post=105065"}],"version-history":[{"count":0,"href":"https:\/\/senoticias.com.br\/se\/wp-json\/wp\/v2\/posts\/105065\/revisions"}],"wp:featuredmedia":[{"embeddable":true,"href":"https:\/\/senoticias.com.br\/se\/wp-json\/wp\/v2\/media\/105066"}],"wp:attachment":[{"href":"https:\/\/senoticias.com.br\/se\/wp-json\/wp\/v2\/media?parent=105065"}],"wp:term":[{"taxonomy":"category","embeddable":true,"href":"https:\/\/senoticias.com.br\/se\/wp-json\/wp\/v2\/categories?post=105065"},{"taxonomy":"post_tag","embeddable":true,"href":"https:\/\/senoticias.com.br\/se\/wp-json\/wp\/v2\/tags?post=105065"}],"curies":[{"name":"wp","href":"https:\/\/api.w.org\/{rel}","templated":true}]}}