{"id":105063,"date":"2017-07-22T14:18:31","date_gmt":"2017-07-22T17:18:31","guid":{"rendered":"http:\/\/senoticias.com.br\/se\/?p=105063"},"modified":"2017-07-23T18:16:20","modified_gmt":"2017-07-23T21:16:20","slug":"uma-pessoa-morre-e-duas-ficam-feridas-no-centro-de-aracaju","status":"publish","type":"post","link":"https:\/\/senoticias.com.br\/se\/uma-pessoa-morre-e-duas-ficam-feridas-no-centro-de-aracaju\/","title":{"rendered":"Uma pessoa morre e duas ficam feridas no Centro de Aracaju"},"content":{"rendered":"<p>Um tiroteio na manh\u00e3 deste s\u00e1bado (22), no Mercado de Artesanato Thales Ferraz, no Centro de Aracaju, provocou a morte de um homem e deixou outros dois feridos.<\/p>\n<p style=\"text-align: justify;\">Segundo a pol\u00edcia, a situa\u00e7\u00e3o j\u00e1 foi controlada. E de acordo com as primeiras informa\u00e7\u00f5es homens armados teriam chegado ao local e atirado contra um capoerista e em seguida efetuaram outros disparos contra o mesmo alvo, mas que acabaram atingido um idoso e um homem.<\/p>\n<div id=\"attachment_105064\" style=\"width: 609px\" class=\"wp-caption aligncenter\"><img loading=\"lazy\" decoding=\"async\" aria-describedby=\"caption-attachment-105064\" class=\"size-full wp-image-105064\" src=\"http:\/\/senoticias.com.br\/se\/wp-content\/uploads\/2017\/07\/Homem-morre-no-mercado-SENOTICIAS-e1500743558367.jpg\" alt=\"uma pessoa foi alvejada a tiros dentro do Mercado de Artesanato, situado no centro da cidade\" width=\"599\" height=\"798\" \/><p id=\"caption-attachment-105064\" class=\"wp-caption-text\">Um homem foi morto a tiros dentro do Mercado de Artesanato, situado no centro de Aracaju (foto: redes Sociais)<\/p><\/div>\n<p style=\"text-align: justify;\">O Servi\u00e7o de Atendimento M\u00f3vel de Urg\u00eancia (Samu) atendeu os feridos. E eles foram encaminhados ao Hospital de Urg\u00eancia de Sergipe (Hude). De acordo coma a pol\u00edcia, o capoeirista morreu a caminho do hospital. O estado de sa\u00fade das outras v\u00edtimas n\u00e3o foi informado.<\/p>\n<p style=\"text-align: justify;\">A Empresa Municipal de Servi\u00e7os Urbanos (Emsurb), que \u00e9 respons\u00e1vel pela administra\u00e7\u00e3o dos mercados, informou atrav\u00e9s de nota que lamenta o ocorrido. E informou que a seguran\u00e7a do local \u00e9 de responsabilidade de Guarda Municipal de Aracaju (GMA), que possuem equipes durante todo o expediente do mercado.<\/p>\n<p style=\"text-align: justify;\">Segundo a Guarda Municipal de Aracaju, oito homens fazem a seguran\u00e7a dos tr\u00eas mercados centrais durante 24 horas.<\/p>\n<p style=\"text-align: justify;\"><img loading=\"lazy\" decoding=\"async\" class=\"aligncenter size-full wp-image-104856\" src=\"http:\/\/senoticias.com.br\/se\/wp-content\/uploads\/2017\/07\/Logo-fone-1-2-1-2-4-6-1.jpg\" alt=\"Logo-fone-1-2-1-2-4-6\" width=\"599\" height=\"78\" srcset=\"https:\/\/senoticias.com.br\/se\/wp-content\/uploads\/2017\/07\/Logo-fone-1-2-1-2-4-6-1.jpg 599w, https:\/\/senoticias.com.br\/se\/wp-content\/uploads\/2017\/07\/Logo-fone-1-2-1-2-4-6-1-300x39.jpg 300w\" sizes=\"(max-width: 599px) 100vw, 599px\" \/><\/p>\n<p style=\"text-align: justify;\"><em><strong>Acompanhe tamb\u00e9m o SE Not\u00edcias no\u00a0<a href=\"https:\/\/twitter.com\/Senoticias\" target=\"_blank\">Twitter<\/a>,\u00a0<a href=\"https:\/\/www.facebook.com\/senoticias1\" target=\"_blank\">Facebook<\/a>\u00a0e no\u00a0<a href=\"https:\/\/www.instagram.com\/senoticias\/\" target=\"_blank\">Instagram<\/a><\/strong><\/em><\/p>\n<p style=\"text-align: justify;\"><em>Informa\u00e7\u00f5es do G1 SE<\/em><\/p>\n","protected":false},"excerpt":{"rendered":"<p>Um tiroteio na manh\u00e3 deste s\u00e1bado (22), no Mercado de Artesanato Thales Ferraz, no Centro de Aracaju, provocou a morte de um homem e deixou outros dois feridos. Segundo a pol\u00edcia, a situa\u00e7\u00e3o j\u00e1 foi controlada. E de acordo com as primeiras informa\u00e7\u00f5es homens armados teriam chegado ao local e atirado contra um capoerista e [&hellip;]<\/p>\n","protected":false},"author":2,"featured_media":105064,"comment_status":"closed","ping_status":"closed","sticky":false,"template":"","format":"standard","meta":{"footnotes":""},"categories":[7],"tags":[339,4847,2848,4848,4849,857],"class_list":{"0":"post-105063","1":"post","2":"type-post","3":"status-publish","4":"format-standard","5":"has-post-thumbnail","7":"category-policia","8":"tag-aracaju","9":"tag-centro-de-aracaju","10":"tag-morre","11":"tag-thales-ferraz","12":"tag-tiroteio","13":"tag-violencia"},"_links":{"self":[{"href":"https:\/\/senoticias.com.br\/se\/wp-json\/wp\/v2\/posts\/105063"}],"collection":[{"href":"https:\/\/senoticias.com.br\/se\/wp-json\/wp\/v2\/posts"}],"about":[{"href":"https:\/\/senoticias.com.br\/se\/wp-json\/wp\/v2\/types\/post"}],"author":[{"embeddable":true,"href":"https:\/\/senoticias.com.br\/se\/wp-json\/wp\/v2\/users\/2"}],"replies":[{"embeddable":true,"href":"https:\/\/senoticias.com.br\/se\/wp-json\/wp\/v2\/comments?post=105063"}],"version-history":[{"count":0,"href":"https:\/\/senoticias.com.br\/se\/wp-json\/wp\/v2\/posts\/105063\/revisions"}],"wp:featuredmedia":[{"embeddable":true,"href":"https:\/\/senoticias.com.br\/se\/wp-json\/wp\/v2\/media\/105064"}],"wp:attachment":[{"href":"https:\/\/senoticias.com.br\/se\/wp-json\/wp\/v2\/media?parent=105063"}],"wp:term":[{"taxonomy":"category","embeddable":true,"href":"https:\/\/senoticias.com.br\/se\/wp-json\/wp\/v2\/categories?post=105063"},{"taxonomy":"post_tag","embeddable":true,"href":"https:\/\/senoticias.com.br\/se\/wp-json\/wp\/v2\/tags?post=105063"}],"curies":[{"name":"wp","href":"https:\/\/api.w.org\/{rel}","templated":true}]}}