{"id":105038,"date":"2017-07-21T20:25:25","date_gmt":"2017-07-21T23:25:25","guid":{"rendered":"http:\/\/senoticias.com.br\/se\/?p=105038"},"modified":"2017-07-22T12:34:31","modified_gmt":"2017-07-22T15:34:31","slug":"denarc-apreende-mais-de-100kg-de-drogas-durante-operacoes-em-menos-de-uma-semana","status":"publish","type":"post","link":"https:\/\/senoticias.com.br\/se\/denarc-apreende-mais-de-100kg-de-drogas-durante-operacoes-em-menos-de-uma-semana\/","title":{"rendered":"Denarc apreende mais de 100kg de drogas durante opera\u00e7\u00f5es em menos de uma semana"},"content":{"rendered":"<p style=\"text-align: justify;\">Opera\u00e7\u00f5es desencadeadas pelas equipes do Departamento de Narc\u00f3ticos da Pol\u00edcia Civil (Denarc) ao longo dessa semana resultaram na apreens\u00e3o de 100Kg de drogas na capital sergipana, al\u00e9m de desarticular uma organiza\u00e7\u00e3o criminosa especializada em tr\u00e1fico de entorpecentes que agia em todo o estado.<\/p>\n<div id=\"attachment_105039\" style=\"width: 609px\" class=\"wp-caption aligncenter\"><img loading=\"lazy\" decoding=\"async\" aria-describedby=\"caption-attachment-105039\" class=\"size-full wp-image-105039\" src=\"http:\/\/senoticias.com.br\/se\/wp-content\/uploads\/2017\/07\/denarc-senoticias-e1500679588313.jpeg\" alt=\"Al\u00e9m de drogas, oito criminosos foram presos\" width=\"599\" height=\"367\" \/><p id=\"caption-attachment-105039\" class=\"wp-caption-text\">Al\u00e9m de drogas, oito criminosos foram presos (foto: SSP\/SE)<\/p><\/div>\n<p style=\"text-align: justify;\">Em apenas tr\u00eas dias de opera\u00e7\u00e3o, os agentes coordenados pelo delegado Andr\u00e9 Baronto conseguiram prender oito integrantes de uma organiza\u00e7\u00e3o criminosa que estava sendo investigada h\u00e1 cerca de seis meses no com\u00e9rcio il\u00edcito de entorpecentes.<\/p>\n<p style=\"text-align: justify;\">Nesta quinta-feira, 20, em mais uma a\u00e7\u00e3o, as equipes conseguiram apreender cerca de 86kg de maconha no bairro Santa Maria, ap\u00f3s den\u00fancia da popula\u00e7\u00e3o ao Disque-Den\u00fancia 181. Somanda a referida quantidade com a droga apreendida nos outros dois de opera\u00e7\u00e3o, a Pol\u00edcia Civil chegou ao quantitativo de 100Kg de entorpecentes retirados de circula\u00e7\u00e3o.<\/p>\n<p style=\"text-align: justify;\">O delegado Andr\u00e9 Baronto, respons\u00e1vel pelas investiga\u00e7\u00f5es, atribui as pris\u00f5es ao trabalho coeso e incans\u00e1vel da equipe investigativa da Pol\u00edcia Civil, bem como da a\u00e7\u00e3o r\u00e1pida da Pol\u00edcia Militar que conseguiu prender em flagrante um dos integrantes da organiza\u00e7\u00e3o com 50kg de droga, acelerando o curso das delig\u00eancias que j\u00e1 seriam desencadeadas.<\/p>\n<p style=\"text-align: justify;\">O delegado ainda declarou que as investiga\u00e7\u00f5es continuam para possivelmente identificar outros criminosos da organiza\u00e7\u00e3o. &#8220;H\u00e1 ind\u00edcios de que os integrantes da organiza\u00e7\u00e3o tenham cometido roubos de ve\u00edculos e homic\u00eddios, o que resultar\u00e1 em um poss\u00edvel encaminhamento dos inqu\u00e9ritos \u00e0s Delegacias Especializadas para que os respons\u00e1veis sejam presos e respondam pelos crimes cometidos&#8221;, finalizou Baronto.<\/p>\n<p style=\"text-align: justify;\"><em><strong>Acompanhe tamb\u00e9m o SE Not\u00edcias no\u00a0<a href=\"https:\/\/twitter.com\/Senoticias\" target=\"_blank\">Twitter<\/a>,\u00a0<a href=\"https:\/\/www.facebook.com\/senoticias1\" target=\"_blank\">Facebook<\/a>\u00a0e no\u00a0<a href=\"https:\/\/www.instagram.com\/senoticias\/\" target=\"_blank\">Instagram<\/a><\/strong><\/em><\/p>\n<p style=\"text-align: justify;\"><img loading=\"lazy\" decoding=\"async\" class=\"aligncenter size-full wp-image-104856\" src=\"http:\/\/senoticias.com.br\/se\/wp-content\/uploads\/2017\/07\/Logo-fone-1-2-1-2-4-6-1.jpg\" alt=\"Logo-fone-1-2-1-2-4-6\" width=\"599\" height=\"78\" srcset=\"https:\/\/senoticias.com.br\/se\/wp-content\/uploads\/2017\/07\/Logo-fone-1-2-1-2-4-6-1.jpg 599w, https:\/\/senoticias.com.br\/se\/wp-content\/uploads\/2017\/07\/Logo-fone-1-2-1-2-4-6-1-300x39.jpg 300w\" sizes=\"(max-width: 599px) 100vw, 599px\" \/><\/p>\n<p style=\"text-align: justify;\"><em>Informa\u00e7\u00f5es da SSP\/SE<\/em><\/p>\n","protected":false},"excerpt":{"rendered":"<p>Opera\u00e7\u00f5es desencadeadas pelas equipes do Departamento de Narc\u00f3ticos da Pol\u00edcia Civil (Denarc) ao longo dessa semana resultaram na apreens\u00e3o de 100Kg de drogas na capital sergipana, al\u00e9m de desarticular uma organiza\u00e7\u00e3o criminosa especializada em tr\u00e1fico de entorpecentes que agia em todo o estado. Em apenas tr\u00eas dias de opera\u00e7\u00e3o, os agentes coordenados pelo delegado Andr\u00e9 [&hellip;]<\/p>\n","protected":false},"author":2,"featured_media":105039,"comment_status":"closed","ping_status":"closed","sticky":false,"template":"","format":"standard","meta":{"footnotes":""},"categories":[7],"tags":[4831,76,2497,78],"class_list":{"0":"post-105038","1":"post","2":"type-post","3":"status-publish","4":"format-standard","5":"has-post-thumbnail","7":"category-policia","8":"tag-100kg","9":"tag-denarc","10":"tag-drogas","11":"tag-policia-civil"},"_links":{"self":[{"href":"https:\/\/senoticias.com.br\/se\/wp-json\/wp\/v2\/posts\/105038"}],"collection":[{"href":"https:\/\/senoticias.com.br\/se\/wp-json\/wp\/v2\/posts"}],"about":[{"href":"https:\/\/senoticias.com.br\/se\/wp-json\/wp\/v2\/types\/post"}],"author":[{"embeddable":true,"href":"https:\/\/senoticias.com.br\/se\/wp-json\/wp\/v2\/users\/2"}],"replies":[{"embeddable":true,"href":"https:\/\/senoticias.com.br\/se\/wp-json\/wp\/v2\/comments?post=105038"}],"version-history":[{"count":0,"href":"https:\/\/senoticias.com.br\/se\/wp-json\/wp\/v2\/posts\/105038\/revisions"}],"wp:featuredmedia":[{"embeddable":true,"href":"https:\/\/senoticias.com.br\/se\/wp-json\/wp\/v2\/media\/105039"}],"wp:attachment":[{"href":"https:\/\/senoticias.com.br\/se\/wp-json\/wp\/v2\/media?parent=105038"}],"wp:term":[{"taxonomy":"category","embeddable":true,"href":"https:\/\/senoticias.com.br\/se\/wp-json\/wp\/v2\/categories?post=105038"},{"taxonomy":"post_tag","embeddable":true,"href":"https:\/\/senoticias.com.br\/se\/wp-json\/wp\/v2\/tags?post=105038"}],"curies":[{"name":"wp","href":"https:\/\/api.w.org\/{rel}","templated":true}]}}