{"id":105035,"date":"2017-07-21T20:05:24","date_gmt":"2017-07-21T23:05:24","guid":{"rendered":"http:\/\/senoticias.com.br\/se\/?p=105035"},"modified":"2017-07-22T11:58:07","modified_gmt":"2017-07-22T14:58:07","slug":"prefeitura-de-rosario-realiza-a-revisao-do-projeto-glaucoma-para-comunidade-carente","status":"publish","type":"post","link":"https:\/\/senoticias.com.br\/se\/prefeitura-de-rosario-realiza-a-revisao-do-projeto-glaucoma-para-comunidade-carente\/","title":{"rendered":"Prefeitura de Ros\u00e1rio realiza a revis\u00e3o do Projeto Glaucoma para comunidade carente"},"content":{"rendered":"<p style=\"text-align: justify;\">Comprometida com a sa\u00fade e o bem-estar dos rosarenses, a Prefeitura de Ros\u00e1rio do Catete, atrav\u00e9s da Secretaria Municipal de Sa\u00fade, realizou na quarta-feira (19), \u00e0s 13h, na Cl\u00ednica de Sa\u00fade, em anexo ao Hospital Regional, a Revis\u00e3o do Projeto Glaucoma.<\/p>\n<p style=\"text-align: justify;\">A a\u00e7\u00e3o \u00e9 voltada para atender pacientes do grupo de risco, que inclui pessoas acima de 40 anos, com a press\u00e3o intraocular elevada, hist\u00f3rico\u00a0<span class=\"m_-3543113450752779747gmail-textexposedshow\">familiar de glaucoma e portadoras de doen\u00e7as como diabetes, hipertens\u00e3o e hipertireoidismo. Ser\u00e3o avaliados novos casos de glaucoma, inclusive de parentes dos pacientes j\u00e1 diagnosticados.<\/span><\/p>\n<div id=\"attachment_105036\" style=\"width: 609px\" class=\"wp-caption aligncenter\"><img loading=\"lazy\" decoding=\"async\" aria-describedby=\"caption-attachment-105036\" class=\"size-full wp-image-105036\" src=\"http:\/\/senoticias.com.br\/se\/wp-content\/uploads\/2017\/07\/20139617_706367579554207_7834951734581119118_n-e1500678448546.jpg\" alt=\"Prefeitura de Ros\u00e1rio do Catete realiza a revis\u00e3o do Projeto Glaucoma\" width=\"599\" height=\"337\" \/><p id=\"caption-attachment-105036\" class=\"wp-caption-text\">Prefeitura de Ros\u00e1rio do Catete realiza a revis\u00e3o do Projeto Glaucoma (foto: ascom\/Ros\u00e1rio)<\/p><\/div>\n<p style=\"text-align: justify;\">O secret\u00e1rio municipal de Sa\u00fade, Jos\u00e9 Souza, destacou a participa\u00e7\u00e3o da comunidade e abordou a import\u00e2ncia da preven\u00e7\u00e3o.<\/p>\n<p style=\"text-align: justify;\">\u201cA gest\u00e3o de Vino Barreto tem priorizado a sa\u00fade p\u00fablica, tanto na parte preventiva como na parte curativa. Classifico esse servi\u00e7o de preven\u00e7\u00e3o como indispens\u00e1vel para a nossa comunidade, pois na maioria das vezes a doen\u00e7a \u00e9 detectada em um n\u00edvel muito avan\u00e7ado, quase no est\u00e1gio da cegueira. Por isso, \u00e9 fundamental que cada paciente realize os exames e, caso seja detectado o glaucoma, j\u00e1 sai com os medicamentos devidos para o tratamento\u201d salienta o secret\u00e1rio.<\/p>\n<p style=\"text-align: justify;\">Para o prefeito Etelvino Barreto, a realiza\u00e7\u00e3o de atividades em sa\u00fade, como o Mutir\u00e3o do Glaucoma, \u00e9 muito importante para ampliar o acesso gratuito de centenas de pessoas ao diagn\u00f3stico preciso e tratamento da doen\u00e7a.<\/p>\n<p style=\"text-align: justify;\">\u201cSabemos que muita gente come\u00e7a a desenvolver a doen\u00e7a, mas n\u00e3o sabe que a dificuldade na vis\u00e3o j\u00e1 \u00e9 um dos sintomas do glaucoma. Da\u00ed a import\u00e2ncia em ampliarmos esse atendimento para que alcancemos o maior n\u00famero de pessoas beneficiadas com este projeto. Uma administra\u00e7\u00e3o s\u00e9ria, respons\u00e1vel, transparente e comprometida com a comunidade se faz desta maneira: levando a sa\u00fade p\u00fablica para mais perto da nossa gente\u201d, diz o prefeito.<\/p>\n<p style=\"text-align: justify;\"><b>A doen\u00e7a<\/b><\/p>\n<p style=\"text-align: justify;\">\u00c9 caracterizada como uma les\u00e3o progressiva dos nervos \u00f3ticos, respons\u00e1veis por levar os impulsos luminosos ao c\u00e9rebro. Em um primeiro momento, a pessoa percebe o come\u00e7o da perda da vis\u00e3o lateral e, em um segundo momento, manchas podem se formar na parte frontal do olho. Em seguida, as manchas nos olhos podem aumentar, desencadeando o \u00faltimo est\u00e1gio da doen\u00e7a, que pode culminar na perda total da vis\u00e3o.<\/p>\n<p style=\"text-align: justify;\">De acordo com a Organiza\u00e7\u00e3o Mundial da Sa\u00fade (OMS), o glaucoma \u00e9 a principal causa da cegueira irrevers\u00edvel, atingindo cerca de 65 milh\u00f5es de pessoas anualmente em todo o mundo, sendo que, a cada ano, surgem mais 2,4 milh\u00f5es de casos. Existem no Brasil, cerca de um milh\u00e3o de portadores de glaucoma.<\/p>\n<p style=\"text-align: justify;\"><img loading=\"lazy\" decoding=\"async\" class=\"aligncenter size-full wp-image-104856\" src=\"http:\/\/senoticias.com.br\/se\/wp-content\/uploads\/2017\/07\/Logo-fone-1-2-1-2-4-6-1.jpg\" alt=\"Logo-fone-1-2-1-2-4-6\" width=\"599\" height=\"78\" srcset=\"https:\/\/senoticias.com.br\/se\/wp-content\/uploads\/2017\/07\/Logo-fone-1-2-1-2-4-6-1.jpg 599w, https:\/\/senoticias.com.br\/se\/wp-content\/uploads\/2017\/07\/Logo-fone-1-2-1-2-4-6-1-300x39.jpg 300w\" sizes=\"(max-width: 599px) 100vw, 599px\" \/><\/p>\n<p style=\"text-align: justify;\"><em><strong>Acompanhe tamb\u00e9m o SE Not\u00edcias no\u00a0<a href=\"https:\/\/twitter.com\/Senoticias\" target=\"_blank\">Twitter<\/a>,\u00a0<a href=\"https:\/\/www.facebook.com\/senoticias1\" target=\"_blank\">Facebook<\/a>\u00a0e no\u00a0<a href=\"https:\/\/www.instagram.com\/senoticias\/\" target=\"_blank\">Instagram<\/a><\/strong><\/em><\/p>\n<p style=\"text-align: justify;\"><em>Por Secom\/Ros\u00e1rio do Catete<\/em><\/p>\n","protected":false},"excerpt":{"rendered":"<p>Comprometida com a sa\u00fade e o bem-estar dos rosarenses, a Prefeitura de Ros\u00e1rio do Catete, atrav\u00e9s da Secretaria Municipal de Sa\u00fade, realizou na quarta-feira (19), \u00e0s 13h, na Cl\u00ednica de Sa\u00fade, em anexo ao Hospital Regional, a Revis\u00e3o do Projeto Glaucoma. A a\u00e7\u00e3o \u00e9 voltada para atender pacientes do grupo de risco, que inclui pessoas [&hellip;]<\/p>\n","protected":false},"author":2,"featured_media":105036,"comment_status":"closed","ping_status":"closed","sticky":false,"template":"","format":"standard","meta":{"footnotes":""},"categories":[38],"tags":[2884,4829,4830,1779],"class_list":{"0":"post-105035","1":"post","2":"type-post","3":"status-publish","4":"format-standard","5":"has-post-thumbnail","7":"category-municipios","8":"tag-prefeitura","9":"tag-prefeitura-de-rosario-do-catete","10":"tag-projeto-glaucoma","11":"tag-vino-barreto"},"_links":{"self":[{"href":"https:\/\/senoticias.com.br\/se\/wp-json\/wp\/v2\/posts\/105035"}],"collection":[{"href":"https:\/\/senoticias.com.br\/se\/wp-json\/wp\/v2\/posts"}],"about":[{"href":"https:\/\/senoticias.com.br\/se\/wp-json\/wp\/v2\/types\/post"}],"author":[{"embeddable":true,"href":"https:\/\/senoticias.com.br\/se\/wp-json\/wp\/v2\/users\/2"}],"replies":[{"embeddable":true,"href":"https:\/\/senoticias.com.br\/se\/wp-json\/wp\/v2\/comments?post=105035"}],"version-history":[{"count":0,"href":"https:\/\/senoticias.com.br\/se\/wp-json\/wp\/v2\/posts\/105035\/revisions"}],"wp:featuredmedia":[{"embeddable":true,"href":"https:\/\/senoticias.com.br\/se\/wp-json\/wp\/v2\/media\/105036"}],"wp:attachment":[{"href":"https:\/\/senoticias.com.br\/se\/wp-json\/wp\/v2\/media?parent=105035"}],"wp:term":[{"taxonomy":"category","embeddable":true,"href":"https:\/\/senoticias.com.br\/se\/wp-json\/wp\/v2\/categories?post=105035"},{"taxonomy":"post_tag","embeddable":true,"href":"https:\/\/senoticias.com.br\/se\/wp-json\/wp\/v2\/tags?post=105035"}],"curies":[{"name":"wp","href":"https:\/\/api.w.org\/{rel}","templated":true}]}}