{"id":105032,"date":"2017-07-21T19:45:05","date_gmt":"2017-07-21T22:45:05","guid":{"rendered":"http:\/\/senoticias.com.br\/se\/?p=105032"},"modified":"2017-07-22T12:36:02","modified_gmt":"2017-07-22T15:36:02","slug":"prefeitura-de-sao-cristovao-convoca-a-populacao-para-decidir-o-futuro-do-municipio","status":"publish","type":"post","link":"https:\/\/senoticias.com.br\/se\/prefeitura-de-sao-cristovao-convoca-a-populacao-para-decidir-o-futuro-do-municipio\/","title":{"rendered":"PPA e LDO: Prefeitura de S\u00e3o Crist\u00f3v\u00e3o convoca a popula\u00e7\u00e3o para decidir o futuro do munic\u00edpio"},"content":{"rendered":"<p style=\"text-align: justify;\">A Prefeitura de S\u00e3o Crist\u00f3v\u00e3o, em parceria com a Universidade Federal de Sergipe (UFS), convida todos os sancristovenses para integrarem o \u201cParticipa S\u00e3o Crist\u00f3v\u00e3o\u201d \u2013 elabora\u00e7\u00e3o do Plano Plurianual (PPA) do munic\u00edpio, onde de forma democr\u00e1tica todos os cidad\u00e3os ser\u00e3o ouvidos e participar\u00e3o da elabora\u00e7\u00e3o das diretrizes do munic\u00edpio para os pr\u00f3ximos anos. Na pr\u00e1tica \u00e9 tra\u00e7ar o caminho a ser seguido pela gest\u00e3o municipal levando em considera\u00e7\u00e3o a necessidade da popula\u00e7\u00e3o sancristovense. Abaixo estaremos divulgando a lista com as datas e locais dos quatros encontros para o desenvolvimento do PPA.<\/p>\n<div id=\"attachment_105033\" style=\"width: 609px\" class=\"wp-caption aligncenter\"><img loading=\"lazy\" decoding=\"async\" aria-describedby=\"caption-attachment-105033\" class=\"size-full wp-image-105033\" src=\"http:\/\/senoticias.com.br\/se\/wp-content\/uploads\/2017\/07\/IMG_6557-e1500677409145.jpg\" alt=\"Prefeito Marcos Santana convoca a popula\u00e7\u00e3o para decidir o futuro do munic\u00edpio\" width=\"599\" height=\"399\" \/><p id=\"caption-attachment-105033\" class=\"wp-caption-text\">Prefeito Marcos Santana convoca a popula\u00e7\u00e3o para decidir o futuro do munic\u00edpio (foto: Or\u00e1cio Oliveira)<\/p><\/div>\n<p style=\"text-align: justify;\">Nas audi\u00eancias, dentro da constru\u00e7\u00e3o do PPA, ser\u00e3o abordados temas relacionados \u00e0: Sa\u00fade e Assist\u00eancia Social, Educa\u00e7\u00e3o e Cultura, Infraestrutura e Meio-Ambiente e Desenvolvimento Econ\u00f4mico. \u201cNo per\u00edodo de 27 de julho at\u00e9 06 de agosto estaremos realizando o \u201cParticipa S\u00e3o Crist\u00f3v\u00e3o\u201d, que s\u00e3o as audi\u00eancias p\u00fablicas para elabora\u00e7\u00e3o do nosso PPA referente aos anos de 2018 a 2021. O ineditismo desta a\u00e7\u00e3o \u00e9 que estamos realizando as audi\u00eancias em parceria com a UFS, atrav\u00e9s das Empresas Juniores de: Economia, Administra\u00e7\u00e3o, Secretariado Executivo e Publicidade (al\u00e9m da participa\u00e7\u00e3o das Empresas Juniores dos cursos de Engenharia Civil e Engenharia Ambiental). Um dado importante \u00e9 que somos o segundo munic\u00edpio no pa\u00eds a utilizar este modelo de parceria entre Universidade e Prefeitura trabalhando no PPA\u201d, informou o prefeito Marcos Santana.<\/p>\n<p>&nbsp;<\/p>\n<p style=\"text-align: justify;\">Segundo explicou o coordenador do N\u00facleo de Empreendedorismo da UFS, o professor Augusto C\u00e9sar Vieira dos Santos, a parceria universidade\/gest\u00e3o municipal possibilitar\u00e1 trazer mais desenvolvimento para a cidade e seus moradores, provocando uma inser\u00e7\u00e3o da UFS no contexto de pertencimento da sua pr\u00f3pria identidade. \u201cTrata-se de uma a\u00e7\u00e3o de grande import\u00e2ncia, pois vai inserir a universidade no desenvolvimento do munic\u00edpio ao qual ela pertence. \u00c9 uma forma de transformar o conhecimento adquirido pelos alunos em sala de aula em pr\u00e1ticas realmente, transformando a partir da elabora\u00e7\u00e3o do PPA, de forma democr\u00e1tica, a realidade dos moradores, contando para isto com os sancristovenses na elabora\u00e7\u00e3o do projeto\u201d, enfatizou.<\/p>\n<p>&nbsp;<\/p>\n<p>&nbsp;<\/p>\n<p>A UFS e suas empresas juniores atuar\u00e3o de forma t\u00e9cnica, a partir de um plano de trabalho (atividades) facilitando o contato da popula\u00e7\u00e3o com os meios legais para a constru\u00e7\u00e3o do PPA.<\/p>\n<p>&nbsp;<\/p>\n<p><strong>O que \u00e9 o PPA?<\/strong><\/p>\n<p><strong>\u00a0<\/strong><\/p>\n<p style=\"text-align: justify;\">O Plano Plurianual (PPA) est\u00e1 previsto na Constitui\u00e7\u00e3o Federal de 1988, e foi regulamentado pelo decreto 2.829, de 29 de outubro de 1998. Trata-se de um projeto que deve ser feito a cada quatro anos, por todas as entidades da federa\u00e7\u00e3o, Governo Federal, Estados e Munic\u00edpios, para estabelecer diretrizes, metas e objetivos. O PPA \u00e9 aprovado pelo legislativo por uma lei quadrienal, sujeita a prazos e ritos diferenciados de tramita\u00e7\u00e3o e que tem vig\u00eancia a partir do segundo ano de um mandato at\u00e9 o final do primeiro ano do mandato seguinte.<\/p>\n<p style=\"text-align: justify;\">Assim, todos os governos, inclusive os municipais, ficam obrigados a fazer um planejamento estrat\u00e9gico e seguir as diretrizes e metas estabelecidas no PPA. Dessa forma impede-se a descontinuidade de pol\u00edticas e obras p\u00fablicas de import\u00e2ncia estrat\u00e9gica para a cidade, estado ou pa\u00eds. Tamb\u00e9m est\u00e1 na Constitui\u00e7\u00e3o que a inciativa privada deve convergir para \u00e1reas e diretrizes estabelecidas para o desenvolvimento do PPA.<\/p>\n<p><strong>Locais dos encontros<\/strong><\/p>\n<p><strong>Dia 27\/07<\/strong>: no CRAS Sede &#8211; Pra\u00e7a do Carmo, n\u00ba 37 (Centro Hist\u00f3rico), \u00e0s 19h.<br \/>\n<strong>Dia 30\/07<\/strong>: EMEF Ruth Dulce &#8211; Rua I, no Jardim Universit\u00e1rio (Rosa Elze), \u00e0s 9h.<br \/>\n<strong>Dia 03\/08<\/strong>: Escola Estadual Glorita Portugal, rua 62 s\/n, Eduardo Gomes (Rosa Elze), \u00e0s\u00a0\u00a019h.<br \/>\n<strong>Dia 06\/08<\/strong>: Escola Estadual Gaspar Louren\u00e7o, rua A, no Apicum (sede), \u00e0s 9h.<\/p>\n<p>&nbsp;<\/p>\n<p><img loading=\"lazy\" decoding=\"async\" class=\"aligncenter size-full wp-image-104856\" src=\"http:\/\/senoticias.com.br\/se\/wp-content\/uploads\/2017\/07\/Logo-fone-1-2-1-2-4-6-1.jpg\" alt=\"Logo-fone-1-2-1-2-4-6\" width=\"599\" height=\"78\" srcset=\"https:\/\/senoticias.com.br\/se\/wp-content\/uploads\/2017\/07\/Logo-fone-1-2-1-2-4-6-1.jpg 599w, https:\/\/senoticias.com.br\/se\/wp-content\/uploads\/2017\/07\/Logo-fone-1-2-1-2-4-6-1-300x39.jpg 300w\" sizes=\"(max-width: 599px) 100vw, 599px\" \/><\/p>\n<p><em><strong>Acompanhe tamb\u00e9m o SE Not\u00edcias no\u00a0<a href=\"https:\/\/twitter.com\/Senoticias\" target=\"_blank\">Twitter<\/a>,\u00a0<a href=\"https:\/\/www.facebook.com\/senoticias1\" target=\"_blank\">Facebook<\/a>\u00a0e no\u00a0<a href=\"https:\/\/www.instagram.com\/senoticias\/\" target=\"_blank\">Instagram<\/a><\/strong><\/em><\/p>\n<p><em>Da Assessoria de Imprensa\/PMSC<\/em><\/p>\n","protected":false},"excerpt":{"rendered":"<p>A Prefeitura de S\u00e3o Crist\u00f3v\u00e3o, em parceria com a Universidade Federal de Sergipe (UFS), convida todos os sancristovenses para integrarem o \u201cParticipa S\u00e3o Crist\u00f3v\u00e3o\u201d \u2013 elabora\u00e7\u00e3o do Plano Plurianual (PPA) do munic\u00edpio, onde de forma democr\u00e1tica todos os cidad\u00e3os ser\u00e3o ouvidos e participar\u00e3o da elabora\u00e7\u00e3o das diretrizes do munic\u00edpio para os pr\u00f3ximos anos. Na pr\u00e1tica [&hellip;]<\/p>\n","protected":false},"author":2,"featured_media":105033,"comment_status":"closed","ping_status":"closed","sticky":false,"template":"","format":"standard","meta":{"footnotes":""},"categories":[38,6],"tags":[3389,3900,2861,4828,81],"class_list":{"0":"post-105032","1":"post","2":"type-post","3":"status-publish","4":"format-standard","5":"has-post-thumbnail","7":"category-municipios","8":"category-politica","9":"tag-ldo","10":"tag-municipio","11":"tag-populacao","12":"tag-ppa","13":"tag-prefeitura-de-sao-cristovao"},"_links":{"self":[{"href":"https:\/\/senoticias.com.br\/se\/wp-json\/wp\/v2\/posts\/105032"}],"collection":[{"href":"https:\/\/senoticias.com.br\/se\/wp-json\/wp\/v2\/posts"}],"about":[{"href":"https:\/\/senoticias.com.br\/se\/wp-json\/wp\/v2\/types\/post"}],"author":[{"embeddable":true,"href":"https:\/\/senoticias.com.br\/se\/wp-json\/wp\/v2\/users\/2"}],"replies":[{"embeddable":true,"href":"https:\/\/senoticias.com.br\/se\/wp-json\/wp\/v2\/comments?post=105032"}],"version-history":[{"count":0,"href":"https:\/\/senoticias.com.br\/se\/wp-json\/wp\/v2\/posts\/105032\/revisions"}],"wp:featuredmedia":[{"embeddable":true,"href":"https:\/\/senoticias.com.br\/se\/wp-json\/wp\/v2\/media\/105033"}],"wp:attachment":[{"href":"https:\/\/senoticias.com.br\/se\/wp-json\/wp\/v2\/media?parent=105032"}],"wp:term":[{"taxonomy":"category","embeddable":true,"href":"https:\/\/senoticias.com.br\/se\/wp-json\/wp\/v2\/categories?post=105032"},{"taxonomy":"post_tag","embeddable":true,"href":"https:\/\/senoticias.com.br\/se\/wp-json\/wp\/v2\/tags?post=105032"}],"curies":[{"name":"wp","href":"https:\/\/api.w.org\/{rel}","templated":true}]}}