{"id":105030,"date":"2017-07-21T19:34:22","date_gmt":"2017-07-21T22:34:22","guid":{"rendered":"http:\/\/senoticias.com.br\/se\/?p=105030"},"modified":"2017-07-21T19:34:22","modified_gmt":"2017-07-21T22:34:22","slug":"secretarios-de-poco-redondo-se-reunem-com-ministro-do-turismo","status":"publish","type":"post","link":"https:\/\/senoticias.com.br\/se\/secretarios-de-poco-redondo-se-reunem-com-ministro-do-turismo\/","title":{"rendered":"Secret\u00e1rios de Po\u00e7o Redondo se re\u00fanem com ministro do turismo"},"content":{"rendered":"<p>Representando o prefeito de Po\u00e7o Redondo, J\u00fanior Chagas, o secret\u00e1rio chefe de gabinete da prefeitura, Paulo Neto, o secret\u00e1rio municipal de Sa\u00fade, Izid\u00e9rio Souza e o diretor de turismo do munic\u00edpio, Bruno Marques,\u00a0 encontraram-se com o ministro do Turismo, Marx Beltr\u00e3o, na cidade alagoana de Olho D&#8217;\u00e1gua das Flores.<\/p>\n<div id=\"attachment_105031\" style=\"width: 609px\" class=\"wp-caption aligncenter\"><img loading=\"lazy\" decoding=\"async\" aria-describedby=\"caption-attachment-105031\" class=\"size-full wp-image-105031\" src=\"http:\/\/senoticias.com.br\/se\/wp-content\/uploads\/2017\/07\/IMG-20170721-WA0018-e1500676396227.jpg\" alt=\"O encontro teve objetivo de solicitar recursos para investimento no turismo da cidade\" width=\"599\" height=\"449\" \/><p id=\"caption-attachment-105031\" class=\"wp-caption-text\">O encontro teve objetivo de solicitar recursos para investimento no turismo da cidade (foto: ascom\/PMPR)<\/p><\/div>\n<p>O encontro informal serviu para convidar o ministro a fazer uma visita ao munic\u00edpio, al\u00e9m solicitar apoio e empenho para destina\u00e7\u00e3o de recursos para o turismo da cidade de Po\u00e7o Redondo, que disp\u00f5e de uma \u00e1rea que pode ser estruturada como uma rota tur\u00edstica no Sert\u00e3o sergipano.<\/p>\n<p>&nbsp;<\/p>\n<p style=\"text-align: justify;\">O projeto de tornar Po\u00e7o Redondo um dos pontos tur\u00edsticos em Sergipe \u00e9 um prioridade para o prefeito J\u00fanior Chagas, que considera essa alternativa como uma \u00f3tima estrat\u00e9gia para auxiliar no desenvolvimento do munic\u00edpio. Po\u00e7o Redondo tem como um dos atrativos principais para o turismo a hist\u00f3ria de um fen\u00f4meno nordestino chamando Canga\u00e7o, que eram grupos n\u00f4mades na regi\u00e3o, ganhando fama no final do s\u00e9culo XIX.<\/p>\n<p style=\"text-align: justify;\">\n<p style=\"text-align: justify;\">J\u00fanior ainda salienta que no governo dele, o turismo ser\u00e1 um dos campos que ele dar\u00e1 muita import\u00e2ncia, pois considera o setor que mais pode gerar emprego em todo o mundo, o que possibilita tamb\u00e9m novas oportunidades para a popula\u00e7\u00e3o local.<\/p>\n<p style=\"text-align: justify;\">\n<p style=\"text-align: justify;\">Al\u00e9m da hist\u00f3ria do Canga\u00e7o, Po\u00e7o Redondo tem atrativos que marcam muito a cultura regional, tendo como destaques a\u00a0 culin\u00e1ria do sert\u00e3o, o artesanato e os encantos do Velho Chico, que banha o munic\u00edpio.<\/p>\n<p style=\"text-align: justify;\">\n<p style=\"text-align: justify;\"><img loading=\"lazy\" decoding=\"async\" class=\"aligncenter size-full wp-image-104856\" src=\"http:\/\/senoticias.com.br\/se\/wp-content\/uploads\/2017\/07\/Logo-fone-1-2-1-2-4-6-1.jpg\" alt=\"Logo-fone-1-2-1-2-4-6\" width=\"599\" height=\"78\" srcset=\"https:\/\/senoticias.com.br\/se\/wp-content\/uploads\/2017\/07\/Logo-fone-1-2-1-2-4-6-1.jpg 599w, https:\/\/senoticias.com.br\/se\/wp-content\/uploads\/2017\/07\/Logo-fone-1-2-1-2-4-6-1-300x39.jpg 300w\" sizes=\"(max-width: 599px) 100vw, 599px\" \/><\/p>\n<p style=\"text-align: justify;\">\n<p style=\"text-align: justify;\"><em><strong>Acompanhe tamb\u00e9m o SE Not\u00edcias no\u00a0<a href=\"https:\/\/twitter.com\/Senoticias\" target=\"_blank\">Twitter<\/a>,\u00a0<a href=\"https:\/\/www.facebook.com\/senoticias1\" target=\"_blank\">Facebook<\/a>\u00a0e no\u00a0<a href=\"https:\/\/www.instagram.com\/senoticias\/\" target=\"_blank\">Instagram<\/a><\/strong><\/em><\/p>\n<p style=\"text-align: justify;\"><em>T.Dantas\u00a0<span style=\"font-size: small;\">Comunica\u00e7\u00e3o<span style=\"font-size: small;\">\u00a0<\/span>e Marketing<\/span><\/em><\/p>\n","protected":false},"excerpt":{"rendered":"<p>Representando o prefeito de Po\u00e7o Redondo, J\u00fanior Chagas, o secret\u00e1rio chefe de gabinete da prefeitura, Paulo Neto, o secret\u00e1rio municipal de Sa\u00fade, Izid\u00e9rio Souza e o diretor de turismo do munic\u00edpio, Bruno Marques,\u00a0 encontraram-se com o ministro do Turismo, Marx Beltr\u00e3o, na cidade alagoana de Olho D&#8217;\u00e1gua das Flores. O encontro informal serviu para convidar [&hellip;]<\/p>\n","protected":false},"author":2,"featured_media":105031,"comment_status":"closed","ping_status":"closed","sticky":false,"template":"","format":"standard","meta":{"footnotes":""},"categories":[38],"tags":[3004,3544,4396],"class_list":{"0":"post-105030","1":"post","2":"type-post","3":"status-publish","4":"format-standard","5":"has-post-thumbnail","7":"category-municipios","8":"tag-ministro-do-turismo","9":"tag-poco-redondo","10":"tag-secretarios"},"_links":{"self":[{"href":"https:\/\/senoticias.com.br\/se\/wp-json\/wp\/v2\/posts\/105030"}],"collection":[{"href":"https:\/\/senoticias.com.br\/se\/wp-json\/wp\/v2\/posts"}],"about":[{"href":"https:\/\/senoticias.com.br\/se\/wp-json\/wp\/v2\/types\/post"}],"author":[{"embeddable":true,"href":"https:\/\/senoticias.com.br\/se\/wp-json\/wp\/v2\/users\/2"}],"replies":[{"embeddable":true,"href":"https:\/\/senoticias.com.br\/se\/wp-json\/wp\/v2\/comments?post=105030"}],"version-history":[{"count":0,"href":"https:\/\/senoticias.com.br\/se\/wp-json\/wp\/v2\/posts\/105030\/revisions"}],"wp:featuredmedia":[{"embeddable":true,"href":"https:\/\/senoticias.com.br\/se\/wp-json\/wp\/v2\/media\/105031"}],"wp:attachment":[{"href":"https:\/\/senoticias.com.br\/se\/wp-json\/wp\/v2\/media?parent=105030"}],"wp:term":[{"taxonomy":"category","embeddable":true,"href":"https:\/\/senoticias.com.br\/se\/wp-json\/wp\/v2\/categories?post=105030"},{"taxonomy":"post_tag","embeddable":true,"href":"https:\/\/senoticias.com.br\/se\/wp-json\/wp\/v2\/tags?post=105030"}],"curies":[{"name":"wp","href":"https:\/\/api.w.org\/{rel}","templated":true}]}}