{"id":105028,"date":"2017-07-21T19:25:23","date_gmt":"2017-07-21T22:25:23","guid":{"rendered":"http:\/\/senoticias.com.br\/se\/?p=105028"},"modified":"2017-07-21T19:25:52","modified_gmt":"2017-07-21T22:25:52","slug":"governador-defende-maior-apoio-do-governo-federal-para-combate-a-violencia","status":"publish","type":"post","link":"https:\/\/senoticias.com.br\/se\/governador-defende-maior-apoio-do-governo-federal-para-combate-a-violencia\/","title":{"rendered":"Governador defende maior apoio do Governo Federal para combate \u00e0 viol\u00eancia"},"content":{"rendered":"<p style=\"text-align: justify;\">Em entrevistas \u00e0s emissoras da r\u00e1dio Jornal AM e Xod\u00f3 FM, Belivaldo frisou que o Estado tem feito sua parte, mais \u00e9 preciso um trabalho integrado com o governo Federal no combate ao tr\u00e1fico de drogas. Al\u00e9m disso, o governador em exerc\u00edcio destacou as a\u00e7\u00f5es do governo para melhorar a seguran\u00e7a, a sa\u00fade e para equilibrar o or\u00e7amento diante da crise pol\u00edtica e econ\u00f4mica, queda na arrecada\u00e7\u00e3o e d\u00e9ficit da Previd\u00eancia.<\/p>\n<div id=\"attachment_105029\" style=\"width: 609px\" class=\"wp-caption aligncenter\"><img loading=\"lazy\" decoding=\"async\" aria-describedby=\"caption-attachment-105029\" class=\"size-full wp-image-105029\" src=\"http:\/\/senoticias.com.br\/se\/wp-content\/uploads\/2017\/07\/Entrevista-para-o-programa-de-Augusto-Junior-Foto_Marcelle-Cristinne-1-1-e1500675737720.jpg\" alt=\"Belivaldo defende maior apoio do governo Federal\" width=\"599\" height=\"422\" \/><p id=\"caption-attachment-105029\" class=\"wp-caption-text\">Belivaldo defende maior apoio do governo Federal (foto: Marcelle Cristinne\/ASN)<\/p><\/div>\n<p style=\"text-align: justify;\">O governador em exerc\u00edcio Belivaldo Chagas voltou a defender nesta sexta-feira, 21, um maior apoio do governo Federal para o combate \u00e0 viol\u00eancia. Em entrevistas \u00e0s emissoras da r\u00e1dio Jornal AM e Xod\u00f3 FM, Belivaldo frisou que o Estado tem feito sua parte, mais \u00e9 preciso um trabalho integrado com o governo Federal no combate ao tr\u00e1fico de drogas. Al\u00e9m disso, o governador em exerc\u00edcio destacou as a\u00e7\u00f5es do governo para melhorar a seguran\u00e7a, a sa\u00fade e para equilibrar o or\u00e7amento diante da crise pol\u00edtica e econ\u00f4mica, queda na arrecada\u00e7\u00e3o e d\u00e9ficit da Previd\u00eancia.<\/p>\n<p style=\"text-align: justify;\">\u201cPrecisamos de maior apoio do governo Federal para combater a viol\u00eancia. \u00c9 preciso sentar e discutir no intuito de se fazer um trabalho integrado. Sergipe n\u00e3o produz drogas, nem armas e precisa fechar essas fronteiras e impedir que elas cheguem aqui. Al\u00e9m disso, acho que precisa ser implantado um Fundo Nacional de seguran\u00e7a para apoiar os estados. Diante desta crise, fica dif\u00edcil para estado pequeno como nosso realizar grande investimentos nessa \u00e1rea. Apesar disso, o governo do Estado tem empreendidos esfor\u00e7os no intuito de garantir \u00e0 popula\u00e7\u00e3o uma sensa\u00e7\u00e3o de seguran\u00e7a presente. Estamos trabalhando de forma estrat\u00e9gica para isso\u201d, frisou.<\/p>\n<p style=\"text-align: justify;\">Belivaldo comentou tamb\u00e9m sobre as reuni\u00f5es que tem realizado em algumas secretarias de Estado. \u201cAcredito que temos sempre de estar mais pr\u00f3ximos. Sempre trabalhei assim. O objetivo dessas visitas \u00e9 estar mais junto \u00e0s secret\u00e1rias e ver de perto a realidade de cada pasta\u201d.<\/p>\n<p style=\"text-align: justify;\">Na secretaria de Sa\u00fade, Belivaldo relatou que foi adquirido 30 novas ambul\u00e2ncias para atender o Samu, um investimento de R$ 4,2 milh\u00f5es, realizado com recursos pr\u00f3prios. J\u00e1 na SSP, o governador comentou sobre a convoca\u00e7\u00e3o mais 15 agentes da pol\u00edcia civil aprovados em concurso, a cria\u00e7\u00e3o da 4\u00b0 Companhia Independente da Pol\u00edcia Militar, com sede em Sim\u00e3o Dias, e a realiza\u00e7\u00e3o de concurso para policiais militares e agentes prisionais. Os novos agentes convocados ser\u00e3o lotados no interior. \u201cCom isso, 15 agentes que j\u00e1 trabalham no interior ser\u00e3o remanejados para o Departamento de Homic\u00eddios de Prote\u00e7\u00e3o \u00e0 Pessoa (DHPP), localizado em Aracaju\u201d, acentuou.<\/p>\n<p><strong>Previd\u00eancia<\/strong><\/p>\n<p style=\"text-align: justify;\">Belivaldo falou, tamb\u00e9m, sobre o d\u00e9ficit da previd\u00eancia, que deve superar R$ 1,2 bilh\u00e3o em 2017. \u201cEsse valor \u00e9 maior do que todo o or\u00e7amento da secretaria de Estado da Educa\u00e7\u00e3o para este ano. A previd\u00eancia arrecada R$ 40 milh\u00f5es para pagar uma folha de R$ 140 milh\u00f5es. Todo m\u00eas, s\u00e3o R$ 100 milh\u00f5es a mais que precisamos aportar para cobrir a folha de ativos e inativos. E a folha a cada m\u00eas cresce mais. No decorrer deste ano, a gente deve ter mais de 2.500 servidores aposentados, 200 por m\u00eas. Estamos tomando medidas para diminuir esse impacto, fazendo economia m\u00eas a m\u00eas, mas \u00e9 dif\u00edcil superar um d\u00e9ficit de R$ 100 mil mensal sem prejudicar os servi\u00e7os b\u00e1sicos de sa\u00fade, educa\u00e7\u00e3o e infraestrutura. N\u00e3o d\u00e1 pra tapar um buraco com outro\u201d.<\/p>\n<p style=\"text-align: justify;\">O governador em exerc\u00edcio tamb\u00e9m lembrou que o d\u00e9ficit previdenci\u00e1rio \u00e9 um problema que foi gerado ao longo de gest\u00f5es anteriores. \u201cGovernos anteriores deixaram de fazer o dever de casa. Voc\u00ea tem que olhar o presente e o futuro, ver o c\u00e1lculo atuarial, incrementar a previd\u00eancia para que n\u00e3o se chegue ao ponto que chegamos. O fato \u00e9 que, como n\u00e3o cuidaram, um dia iria explodir e explodiu na nossa gest\u00e3o. O que iremos fazer para que a situa\u00e7\u00e3o n\u00e3o se agrave mais \u00e9 observar que a gente tem um contingente de servidores e uma folha crescente de aposentados. As medidas est\u00e3o sendo tomadas, mas \u00e9 preciso que a economia volte a crescer para que a arrecada\u00e7\u00e3o melhore e consigamos equilibrar melhor as contas. Mas a Uni\u00e3o tamb\u00e9m tem que colaborar, assim como os munic\u00edpios, para que a gente atravesse esse per\u00edodo\u201d.<\/p>\n<p><strong>Obras e Dom T\u00e1vora<\/strong><\/p>\n<p style=\"text-align: justify;\">Outro ponto de destaque do governador em exerc\u00edcio foi o volume de obras e a\u00e7\u00f5es do governo do Estado. \u201cO grande n\u00famero de obras e a\u00e7\u00f5es que realizamos \u00e9 em fun\u00e7\u00e3o do que planejamos l\u00e1 atr\u00e1s, do que conseguimos com Proinveste, Sergipe Cidades, Sergipe Infraestrutura, recursos que obtivemos por meio de emendas, empr\u00e9stimos ou via conv\u00eanios\u201d<\/p>\n<p style=\"text-align: justify;\">\u201cNa segunda-feira, fizemos no Baixo S\u00e3o Francisco uma a\u00e7\u00e3o de presen\u00e7a em nome do governador Jackson Barreto. O Dom T\u00e1vora \u00e9 um projeto bonito, que beneficia diretamente nossa popula\u00e7\u00e3o mais carente. Ver a felicidade daquela popula\u00e7\u00e3o com a chegada dos projetos produtivos nos gratifica. Quando a gente coloca essas a\u00e7\u00f5es em curso, fazemos com que eles possam se desenvolver automaticamente e melhorarmos a situa\u00e7\u00e3o daquela popula\u00e7\u00e3o. Estivemos em Brejo Grande e em uma comunidade de Pacatuba e financiamos um projeto de reconstru\u00e7\u00e3o de uma casa de farinha\u201d.<\/p>\n<p style=\"text-align: justify;\"><img loading=\"lazy\" decoding=\"async\" class=\"aligncenter size-full wp-image-104856\" src=\"http:\/\/senoticias.com.br\/se\/wp-content\/uploads\/2017\/07\/Logo-fone-1-2-1-2-4-6-1.jpg\" alt=\"Logo-fone-1-2-1-2-4-6\" width=\"599\" height=\"78\" srcset=\"https:\/\/senoticias.com.br\/se\/wp-content\/uploads\/2017\/07\/Logo-fone-1-2-1-2-4-6-1.jpg 599w, https:\/\/senoticias.com.br\/se\/wp-content\/uploads\/2017\/07\/Logo-fone-1-2-1-2-4-6-1-300x39.jpg 300w\" sizes=\"(max-width: 599px) 100vw, 599px\" \/><\/p>\n<p style=\"text-align: justify;\"><em><strong>Acompanhe tamb\u00e9m o SE Not\u00edcias no\u00a0<a href=\"https:\/\/twitter.com\/Senoticias\" target=\"_blank\">Twitter<\/a>,\u00a0<a href=\"https:\/\/www.facebook.com\/senoticias1\" target=\"_blank\">Facebook<\/a>\u00a0e no\u00a0<a href=\"https:\/\/www.instagram.com\/senoticias\/\" target=\"_blank\">Instagram<\/a><\/strong><\/em><\/p>\n<p style=\"text-align: justify;\"><em>Ag\u00eancia Sergipe de Not\u00edcias<\/em><\/p>\n","protected":false},"excerpt":{"rendered":"<p>Em entrevistas \u00e0s emissoras da r\u00e1dio Jornal AM e Xod\u00f3 FM, Belivaldo frisou que o Estado tem feito sua parte, mais \u00e9 preciso um trabalho integrado com o governo Federal no combate ao tr\u00e1fico de drogas. Al\u00e9m disso, o governador em exerc\u00edcio destacou as a\u00e7\u00f5es do governo para melhorar a seguran\u00e7a, a sa\u00fade e para [&hellip;]<\/p>\n","protected":false},"author":2,"featured_media":105029,"comment_status":"closed","ping_status":"closed","sticky":false,"template":"","format":"standard","meta":{"footnotes":""},"categories":[6],"tags":[2806,2748,57],"class_list":{"0":"post-105028","1":"post","2":"type-post","3":"status-publish","4":"format-standard","5":"has-post-thumbnail","7":"category-politica","8":"tag-belivaldo-chagas","9":"tag-governador","10":"tag-governo-federal"},"_links":{"self":[{"href":"https:\/\/senoticias.com.br\/se\/wp-json\/wp\/v2\/posts\/105028"}],"collection":[{"href":"https:\/\/senoticias.com.br\/se\/wp-json\/wp\/v2\/posts"}],"about":[{"href":"https:\/\/senoticias.com.br\/se\/wp-json\/wp\/v2\/types\/post"}],"author":[{"embeddable":true,"href":"https:\/\/senoticias.com.br\/se\/wp-json\/wp\/v2\/users\/2"}],"replies":[{"embeddable":true,"href":"https:\/\/senoticias.com.br\/se\/wp-json\/wp\/v2\/comments?post=105028"}],"version-history":[{"count":0,"href":"https:\/\/senoticias.com.br\/se\/wp-json\/wp\/v2\/posts\/105028\/revisions"}],"wp:featuredmedia":[{"embeddable":true,"href":"https:\/\/senoticias.com.br\/se\/wp-json\/wp\/v2\/media\/105029"}],"wp:attachment":[{"href":"https:\/\/senoticias.com.br\/se\/wp-json\/wp\/v2\/media?parent=105028"}],"wp:term":[{"taxonomy":"category","embeddable":true,"href":"https:\/\/senoticias.com.br\/se\/wp-json\/wp\/v2\/categories?post=105028"},{"taxonomy":"post_tag","embeddable":true,"href":"https:\/\/senoticias.com.br\/se\/wp-json\/wp\/v2\/tags?post=105028"}],"curies":[{"name":"wp","href":"https:\/\/api.w.org\/{rel}","templated":true}]}}