{"id":104934,"date":"2017-07-18T15:10:52","date_gmt":"2017-07-18T18:10:52","guid":{"rendered":"http:\/\/senoticias.com.br\/se\/?p=104934"},"modified":"2017-07-18T15:10:52","modified_gmt":"2017-07-18T18:10:52","slug":"liberacao-de-verba-para-emissao-de-passaporte-deve-sair-ainda-hoje","status":"publish","type":"post","link":"https:\/\/senoticias.com.br\/se\/liberacao-de-verba-para-emissao-de-passaporte-deve-sair-ainda-hoje\/","title":{"rendered":"Libera\u00e7\u00e3o de verba para emiss\u00e3o de passaporte deve sair ainda hoje"},"content":{"rendered":"<p style=\"text-align: justify;\">O presidente Michel Temer deve sancionar ainda hoje (18) a autoriza\u00e7\u00e3o de um cr\u00e9dito extra de R$ 102 milh\u00f5es para o Minist\u00e9rio da Justi\u00e7a emitir passaportes. A autoriza\u00e7\u00e3o de cr\u00e9dito foi aprovada na \u00faltima quinta-feira (13) em sess\u00e3o do Congresso Nacional.<\/p>\n<p style=\"text-align: justify;\">Depois de sancionada e publicada no Di\u00e1rio Oficial da Uni\u00e3o, a verba ser\u00e1 liberada assim que Minist\u00e9rio do Planejamento abrir o empenho de recursos e autorizar o repasse ao Minist\u00e9rio da Justi\u00e7a, que o destinar\u00e1 \u00e0 Pol\u00edcia Federal (PF).<\/p>\n<div id=\"attachment_104935\" style=\"width: 590px\" class=\"wp-caption aligncenter\"><img loading=\"lazy\" decoding=\"async\" aria-describedby=\"caption-attachment-104935\" class=\"size-full wp-image-104935\" src=\"http:\/\/senoticias.com.br\/se\/wp-content\/uploads\/2017\/07\/passaporte.jpg\" alt=\"Autoriza\u00e7\u00e3o de cr\u00e9dito de R$ 102 milh\u00f5es para o Minist\u00e9rio da Justi\u00e7a emitir passaportes pode sair nas pr\u00f3ximas horasMarcelo Camargo\/Ag\u00eancia Brasil\" width=\"580\" height=\"388\" srcset=\"https:\/\/senoticias.com.br\/se\/wp-content\/uploads\/2017\/07\/passaporte.jpg 580w, https:\/\/senoticias.com.br\/se\/wp-content\/uploads\/2017\/07\/passaporte-300x201.jpg 300w, https:\/\/senoticias.com.br\/se\/wp-content\/uploads\/2017\/07\/passaporte-90x60.jpg 90w, https:\/\/senoticias.com.br\/se\/wp-content\/uploads\/2017\/07\/passaporte-180x120.jpg 180w, https:\/\/senoticias.com.br\/se\/wp-content\/uploads\/2017\/07\/passaporte-95x64.jpg 95w\" sizes=\"(max-width: 580px) 100vw, 580px\" \/><p id=\"caption-attachment-104935\" class=\"wp-caption-text\">Autoriza\u00e7\u00e3o de cr\u00e9dito de R$ 102 milh\u00f5es para o Minist\u00e9rio da Justi\u00e7a emitir passaportes pode sair nas pr\u00f3ximas horasMarcelo Camargo\/Ag\u00eancia Brasil<\/p><\/div>\n<p style=\"text-align: justify;\">Com a perspectiva de san\u00e7\u00e3o da libera\u00e7\u00e3o de cr\u00e9dito ainda hoje, a expectativa \u00e9 que a emiss\u00e3o de passaportes seja normalizada at\u00e9 o fim da semana. De acordo com a Pol\u00edcia Federal, s\u00e3o realizados 11 mil atendimentos por dia \u00fatil para a requisi\u00e7\u00e3o do documento em todo o pa\u00eds. Como a paralisa\u00e7\u00e3o j\u00e1 dura tr\u00eas semanas, a demanda n\u00e3o atendida pode superar 150 mil pedidos.<\/p>\n<p style=\"text-align: justify;\"><strong>Hist\u00f3rico<\/strong><\/p>\n<p style=\"text-align: justify;\">Com or\u00e7amento insuficiente para as atividades de controle migrat\u00f3rio e emiss\u00e3o de documentos de viagem, a Pol\u00edcia Federal suspendeu a emiss\u00e3o de novos passaportes na noite do \u00faltimo dia 27. De acordo com a PF, o setor atingiu o limite de gastos previstos na Lei Or\u00e7ament\u00e1ria da Uni\u00e3o.<\/p>\n<p style=\"text-align: justify;\">\n<p style=\"text-align: justify;\"><img loading=\"lazy\" decoding=\"async\" class=\"aligncenter size-full wp-image-104856\" src=\"http:\/\/senoticias.com.br\/se\/wp-content\/uploads\/2017\/07\/Logo-fone-1-2-1-2-4-6-1.jpg\" alt=\"Logo-fone-1-2-1-2-4-6\" width=\"599\" height=\"78\" srcset=\"https:\/\/senoticias.com.br\/se\/wp-content\/uploads\/2017\/07\/Logo-fone-1-2-1-2-4-6-1.jpg 599w, https:\/\/senoticias.com.br\/se\/wp-content\/uploads\/2017\/07\/Logo-fone-1-2-1-2-4-6-1-300x39.jpg 300w\" sizes=\"(max-width: 599px) 100vw, 599px\" \/><\/p>\n<p style=\"text-align: justify;\">\n<p><em><strong>Acompanhe tamb\u00e9m o SE Not\u00edcias no\u00a0<a href=\"https:\/\/twitter.com\/Senoticias\" target=\"_blank\">Twitter<\/a>,\u00a0<a href=\"https:\/\/www.facebook.com\/senoticias1\" target=\"_blank\">Facebook<\/a>\u00a0e no\u00a0<a href=\"https:\/\/www.instagram.com\/senoticias\/\" target=\"_blank\">Instagram<\/a><\/strong><\/em><\/p>\n<p><em>Por Ag\u00eancia Brasil<\/em><\/p>\n","protected":false},"excerpt":{"rendered":"<p>O presidente Michel Temer deve sancionar ainda hoje (18) a autoriza\u00e7\u00e3o de um cr\u00e9dito extra de R$ 102 milh\u00f5es para o Minist\u00e9rio da Justi\u00e7a emitir passaportes. A autoriza\u00e7\u00e3o de cr\u00e9dito foi aprovada na \u00faltima quinta-feira (13) em sess\u00e3o do Congresso Nacional. Depois de sancionada e publicada no Di\u00e1rio Oficial da Uni\u00e3o, a verba ser\u00e1 liberada [&hellip;]<\/p>\n","protected":false},"author":2,"featured_media":0,"comment_status":"closed","ping_status":"closed","sticky":false,"template":"","format":"standard","meta":{"footnotes":""},"categories":[2961],"tags":[4769,2799,3670,4768],"class_list":{"0":"post-104934","1":"post","2":"type-post","3":"status-publish","4":"format-standard","6":"category-nacional","7":"tag-emissao","8":"tag-justica","9":"tag-nacional","10":"tag-passaporte"},"_links":{"self":[{"href":"https:\/\/senoticias.com.br\/se\/wp-json\/wp\/v2\/posts\/104934"}],"collection":[{"href":"https:\/\/senoticias.com.br\/se\/wp-json\/wp\/v2\/posts"}],"about":[{"href":"https:\/\/senoticias.com.br\/se\/wp-json\/wp\/v2\/types\/post"}],"author":[{"embeddable":true,"href":"https:\/\/senoticias.com.br\/se\/wp-json\/wp\/v2\/users\/2"}],"replies":[{"embeddable":true,"href":"https:\/\/senoticias.com.br\/se\/wp-json\/wp\/v2\/comments?post=104934"}],"version-history":[{"count":0,"href":"https:\/\/senoticias.com.br\/se\/wp-json\/wp\/v2\/posts\/104934\/revisions"}],"wp:attachment":[{"href":"https:\/\/senoticias.com.br\/se\/wp-json\/wp\/v2\/media?parent=104934"}],"wp:term":[{"taxonomy":"category","embeddable":true,"href":"https:\/\/senoticias.com.br\/se\/wp-json\/wp\/v2\/categories?post=104934"},{"taxonomy":"post_tag","embeddable":true,"href":"https:\/\/senoticias.com.br\/se\/wp-json\/wp\/v2\/tags?post=104934"}],"curies":[{"name":"wp","href":"https:\/\/api.w.org\/{rel}","templated":true}]}}