{"id":104908,"date":"2017-07-17T18:44:07","date_gmt":"2017-07-17T21:44:07","guid":{"rendered":"http:\/\/senoticias.com.br\/se\/?p=104908"},"modified":"2017-07-17T18:44:07","modified_gmt":"2017-07-17T21:44:07","slug":"dificuldades-de-pacientes-no-combate-ao-cancer-sao-debatidas-no-tce","status":"publish","type":"post","link":"https:\/\/senoticias.com.br\/se\/dificuldades-de-pacientes-no-combate-ao-cancer-sao-debatidas-no-tce\/","title":{"rendered":"Dificuldades de pacientes no combate ao c\u00e2ncer s\u00e3o debatidas no TCE"},"content":{"rendered":"<p style=\"text-align: justify;\">Representantes de entidades que atuam no combate ao c\u00e2ncer estiveram reunidos com o conselheiro-presidente do Tribunal de Contas do Estado (TCE), Cl\u00f3vis Barbosa de Melo, e a vice-presidente, conselheira Susana Azevedo, na manh\u00e3 desta segunda-feira, 17. No encontro foram debatidas dificuldades comuns encontradas pelos cidad\u00e3os na preven\u00e7\u00e3o, diagn\u00f3stico e tratamento de c\u00e2ncer em Sergipe.<\/p>\n<div id=\"attachment_104909\" style=\"width: 510px\" class=\"wp-caption aligncenter\"><img loading=\"lazy\" decoding=\"async\" aria-describedby=\"caption-attachment-104909\" class=\"size-full wp-image-104909\" src=\"http:\/\/senoticias.com.br\/se\/wp-content\/uploads\/2017\/07\/Gilmar-carvalho-SENOTICIAS.jpeg\" alt=\"No encontro foram debatidas dificuldades comuns encontradas pelos cidad\u00e3os na preven\u00e7\u00e3o, diagn\u00f3stico e tratamento de c\u00e2ncer em Sergipe. \" width=\"500\" height=\"333\" srcset=\"https:\/\/senoticias.com.br\/se\/wp-content\/uploads\/2017\/07\/Gilmar-carvalho-SENOTICIAS.jpeg 500w, https:\/\/senoticias.com.br\/se\/wp-content\/uploads\/2017\/07\/Gilmar-carvalho-SENOTICIAS-300x200.jpeg 300w, https:\/\/senoticias.com.br\/se\/wp-content\/uploads\/2017\/07\/Gilmar-carvalho-SENOTICIAS-90x60.jpeg 90w, https:\/\/senoticias.com.br\/se\/wp-content\/uploads\/2017\/07\/Gilmar-carvalho-SENOTICIAS-180x120.jpeg 180w, https:\/\/senoticias.com.br\/se\/wp-content\/uploads\/2017\/07\/Gilmar-carvalho-SENOTICIAS-95x64.jpeg 95w\" sizes=\"(max-width: 500px) 100vw, 500px\" \/><p id=\"caption-attachment-104909\" class=\"wp-caption-text\">No encontro foram debatidas dificuldades comuns encontradas pelos cidad\u00e3os na preven\u00e7\u00e3o, diagn\u00f3stico e tratamento de c\u00e2ncer em Sergipe. (Foto: Cleverton Ribeiro\/TCE)<\/p><\/div>\n<p style=\"text-align: justify;\">Entre os temas colocados estavam os problemas vivenciados pelos pacientes dos munic\u00edpios do interior que t\u00eam dificuldade de deslocamento para a capital, a quest\u00e3o da transpar\u00eancia nas filas das sess\u00f5es de radio e quimioterapia, a falta de medicamentos e a situa\u00e7\u00e3o dos mam\u00f3grafos do Centro de Refer\u00eancia da Mulher, que, segundo os visitantes, estariam quebrados.<\/p>\n<p style=\"text-align: justify;\">\u201cTemos buscado dar nossa contribui\u00e7\u00e3o para contornar toda a irresponsabilidade que sempre vimos no tratamento do c\u00e2ncer em Sergipe e \u00e9 sempre imprescind\u00edvel que ou\u00e7amos os pacientes e as entidades que atuam nesse sentido\u201d, comentou o conselheiro Cl\u00f3vis Barbosa.<\/p>\n<p style=\"text-align: justify;\">De acordo com a conselheira Susana Azevedo, todas essas falhas e as a\u00e7\u00f5es necess\u00e1rias para contorn\u00e1-las ir\u00e3o constar no Termo de Ajustamento de Gest\u00e3o (TAG) que os gestores da Sa\u00fade e dos hospitais de Urg\u00eancia (Huse) e Cirurgia ir\u00e3o assinar junto ao Tribunal.<\/p>\n<p style=\"text-align: justify;\">&#8220;Ouvimos as necessidades das pessoas que est\u00e3o tratando o c\u00e2ncer, os problemas que est\u00e3o passando em nosso Estado, e tudo isso ser\u00e1 considerado na formata\u00e7\u00e3o do TAG onde vamos colocar toda essa problem\u00e1tica para que os gestores possam cumprir o que for acordado&#8221;, afirmou a conselheira, destacando ainda ser fundamental um trabalho mais incisivo na preven\u00e7\u00e3o do c\u00e2ncer.<\/p>\n<p style=\"text-align: justify;\">Entre os presentes na reuni\u00e3o esteve o presidente do Instituto Voz Brasil, Rodrigo Vasco, que destacou as perspectivas de avan\u00e7os, sobretudo quanto aos problemas de deslocamento enfrentados pelos pacientes do interior.<\/p>\n<p style=\"text-align: justify;\">&#8220;O Tribunal j\u00e1 vai enviar um oficio ao Cosems [Colegiado de Secret\u00e1rios Municipais de Sa\u00fade do Estado de Sergipe] para pegar essas informa\u00e7\u00f5es com eles, quantos pacientes s\u00e3o acompanhados, se est\u00e1 tendo problema no deslocamento&#8221;, colocou.<\/p>\n<p style=\"text-align: justify;\">Acompanharam ainda o encontro representantes do Grupo de Apoio a Crian\u00e7a com C\u00e2ncer (GACC) e da Onco Cirurgia.<\/p>\n<p style=\"text-align: justify;\"><img loading=\"lazy\" decoding=\"async\" class=\"aligncenter size-full wp-image-104856\" src=\"http:\/\/senoticias.com.br\/se\/wp-content\/uploads\/2017\/07\/Logo-fone-1-2-1-2-4-6-1.jpg\" alt=\"Logo-fone-1-2-1-2-4-6\" width=\"599\" height=\"78\" srcset=\"https:\/\/senoticias.com.br\/se\/wp-content\/uploads\/2017\/07\/Logo-fone-1-2-1-2-4-6-1.jpg 599w, https:\/\/senoticias.com.br\/se\/wp-content\/uploads\/2017\/07\/Logo-fone-1-2-1-2-4-6-1-300x39.jpg 300w\" sizes=\"(max-width: 599px) 100vw, 599px\" \/><\/p>\n<p style=\"text-align: justify;\">\n<p style=\"text-align: justify;\"><em><strong>Acompanhe tamb\u00e9m o SE Not\u00edcias no\u00a0<a href=\"https:\/\/twitter.com\/Senoticias\" target=\"_blank\">Twitter<\/a>,\u00a0<a href=\"https:\/\/www.facebook.com\/senoticias1\" target=\"_blank\">Facebook<\/a>\u00a0e no\u00a0<a href=\"https:\/\/www.instagram.com\/senoticias\/\" target=\"_blank\">Instagram<\/a><\/strong><\/em><\/p>\n<p style=\"text-align: justify;\"><em>Ascom\/TCE<\/em><\/p>\n","protected":false},"excerpt":{"rendered":"<p>Representantes de entidades que atuam no combate ao c\u00e2ncer estiveram reunidos com o conselheiro-presidente do Tribunal de Contas do Estado (TCE), Cl\u00f3vis Barbosa de Melo, e a vice-presidente, conselheira Susana Azevedo, na manh\u00e3 desta segunda-feira, 17. No encontro foram debatidas dificuldades comuns encontradas pelos cidad\u00e3os na preven\u00e7\u00e3o, diagn\u00f3stico e tratamento de c\u00e2ncer em Sergipe. Entre [&hellip;]<\/p>\n","protected":false},"author":2,"featured_media":104909,"comment_status":"closed","ping_status":"closed","sticky":false,"template":"","format":"standard","meta":{"footnotes":""},"categories":[6],"tags":[4751,4752,4750,529],"class_list":{"0":"post-104908","1":"post","2":"type-post","3":"status-publish","4":"format-standard","5":"has-post-thumbnail","7":"category-politica","8":"tag-combate-ao-cancer","9":"tag-dificuldades","10":"tag-pacientes","11":"tag-tce"},"_links":{"self":[{"href":"https:\/\/senoticias.com.br\/se\/wp-json\/wp\/v2\/posts\/104908"}],"collection":[{"href":"https:\/\/senoticias.com.br\/se\/wp-json\/wp\/v2\/posts"}],"about":[{"href":"https:\/\/senoticias.com.br\/se\/wp-json\/wp\/v2\/types\/post"}],"author":[{"embeddable":true,"href":"https:\/\/senoticias.com.br\/se\/wp-json\/wp\/v2\/users\/2"}],"replies":[{"embeddable":true,"href":"https:\/\/senoticias.com.br\/se\/wp-json\/wp\/v2\/comments?post=104908"}],"version-history":[{"count":0,"href":"https:\/\/senoticias.com.br\/se\/wp-json\/wp\/v2\/posts\/104908\/revisions"}],"wp:featuredmedia":[{"embeddable":true,"href":"https:\/\/senoticias.com.br\/se\/wp-json\/wp\/v2\/media\/104909"}],"wp:attachment":[{"href":"https:\/\/senoticias.com.br\/se\/wp-json\/wp\/v2\/media?parent=104908"}],"wp:term":[{"taxonomy":"category","embeddable":true,"href":"https:\/\/senoticias.com.br\/se\/wp-json\/wp\/v2\/categories?post=104908"},{"taxonomy":"post_tag","embeddable":true,"href":"https:\/\/senoticias.com.br\/se\/wp-json\/wp\/v2\/tags?post=104908"}],"curies":[{"name":"wp","href":"https:\/\/api.w.org\/{rel}","templated":true}]}}