{"id":104894,"date":"2017-07-17T15:30:20","date_gmt":"2017-07-17T18:30:20","guid":{"rendered":"http:\/\/senoticias.com.br\/se\/?p=104894"},"modified":"2017-07-17T15:30:20","modified_gmt":"2017-07-17T18:30:20","slug":"receita-comeca-a-pagar-hoje-o-2o-lote-de-restituicao-do-imposto-de-renda","status":"publish","type":"post","link":"https:\/\/senoticias.com.br\/se\/receita-comeca-a-pagar-hoje-o-2o-lote-de-restituicao-do-imposto-de-renda\/","title":{"rendered":"Receita come\u00e7a a pagar hoje o 2\u00ba lote de restitui\u00e7\u00e3o do Imposto de Renda"},"content":{"rendered":"<p style=\"text-align: justify;\">A Receita Federal come\u00e7a a pagar hoje (17) o segundo lote de restitui\u00e7\u00e3o do Imposto de Renda de Pessoas F\u00edsicas 2017. Este lote tamb\u00e9m incluir\u00e1 restitui\u00e7\u00f5es residuais de 2008 a 2016, segundo informou o \u00f3rg\u00e3o. Cerca de 1,3 milh\u00e3o de contribuintes que declararam Imposto de Renda neste ano v\u00e3o receber dinheiro do Fisco.<\/p>\n<p style=\"text-align: justify;\">Ao todo, ser\u00e3o desembolsados R$ 2,533 bilh\u00f5es. A Receita tamb\u00e9m pagar\u00e1 R$ 467,2 milh\u00f5es a 148,2 mil contribuintes que fizeram a declara\u00e7\u00e3o entre 2008 e 2016, mas estavam na malha fina. Considerando os lotes residuais e o pagamento de 2016, o total gasto com as restitui\u00e7\u00f5es chegar\u00e1 a R$ 3 bilh\u00f5es.<\/p>\n<div id=\"attachment_104895\" style=\"width: 609px\" class=\"wp-caption aligncenter\"><img loading=\"lazy\" decoding=\"async\" aria-describedby=\"caption-attachment-104895\" class=\"size-full wp-image-104895\" src=\"http:\/\/senoticias.com.br\/se\/wp-content\/uploads\/2017\/07\/imposto-SENOTICIAS-e1500316172580.jpg\" alt=\"Foto: Mais Goi\u00e1s\" width=\"599\" height=\"400\" \/><p id=\"caption-attachment-104895\" class=\"wp-caption-text\">Foto: Mais Goi\u00e1s<\/p><\/div>\n<p style=\"text-align: justify;\">As restitui\u00e7\u00f5es ter\u00e3o corre\u00e7\u00e3o de 2,74%, para o lote de 2016, a 97,03% para o lote de 2008. Em todos os casos, os \u00edndices t\u00eam como base a taxa Selic (juros b\u00e1sicos da economia) acumulada entre a data de entrega da declara\u00e7\u00e3o at\u00e9 este m\u00eas.<\/p>\n<p style=\"text-align: justify;\">O dinheiro ser\u00e1 depositado nas contas informadas na declara\u00e7\u00e3o. O contribuinte que n\u00e3o receber a restitui\u00e7\u00e3o dever\u00e1 ir a qualquer ag\u00eancia do Banco do Brasil ou ligar para os telefones 4004-0001 (capitais), 0800-729-0001 (demais localidades) e 0800-729-0088 (telefone especial exclusivo para deficientes auditivos) para ter acesso ao pagamento.<\/p>\n<p style=\"text-align: justify;\">Os dois \u00faltimos lotes regulares ser\u00e3o liberados em novembro e dezembro. Se estiverem fora desses lotes, os contribuintes devem procurar a Receita Federal porque os nomes podem estar na malha fina por erros ou omiss\u00f5es na declara\u00e7\u00e3o.<\/p>\n<p style=\"text-align: justify;\">A restitui\u00e7\u00e3o ficar\u00e1 dispon\u00edvel durante um ano. Se o resgate n\u00e3o for feito no prazo, a solicita\u00e7\u00e3o dever\u00e1 ser feita por meio do formul\u00e1rio eletr\u00f4nico \u2013 pedido de pagamento de restitui\u00e7\u00e3o, ou diretamente no e-CAC , no servi\u00e7o extrato de processamento, na p\u00e1gina da Receita na internet. Para quem n\u00e3o sabe usar os servi\u00e7os no e-CAC, a Receita produziu um v\u00eddeo com instru\u00e7\u00f5es.<\/p>\n<p style=\"text-align: justify;\">\n<p style=\"text-align: justify;\"><img loading=\"lazy\" decoding=\"async\" class=\"aligncenter size-full wp-image-104856\" src=\"http:\/\/senoticias.com.br\/se\/wp-content\/uploads\/2017\/07\/Logo-fone-1-2-1-2-4-6-1.jpg\" alt=\"Logo-fone-1-2-1-2-4-6\" width=\"599\" height=\"78\" srcset=\"https:\/\/senoticias.com.br\/se\/wp-content\/uploads\/2017\/07\/Logo-fone-1-2-1-2-4-6-1.jpg 599w, https:\/\/senoticias.com.br\/se\/wp-content\/uploads\/2017\/07\/Logo-fone-1-2-1-2-4-6-1-300x39.jpg 300w\" sizes=\"(max-width: 599px) 100vw, 599px\" \/><\/p>\n<p style=\"text-align: justify;\">\n<p><em><strong>Acompanhe tamb\u00e9m o SE Not\u00edcias no\u00a0<a href=\"https:\/\/twitter.com\/Senoticias\" target=\"_blank\">Twitter<\/a>,\u00a0<a href=\"https:\/\/www.facebook.com\/senoticias1\" target=\"_blank\">Facebook<\/a>\u00a0e no\u00a0<a href=\"https:\/\/www.instagram.com\/senoticias\/\" target=\"_blank\">Instagram<\/a><\/strong><\/em><\/p>\n<p>Por Ag\u00eancia Brasil<\/p>\n","protected":false},"excerpt":{"rendered":"<p>A Receita Federal come\u00e7a a pagar hoje (17) o segundo lote de restitui\u00e7\u00e3o do Imposto de Renda de Pessoas F\u00edsicas 2017. Este lote tamb\u00e9m incluir\u00e1 restitui\u00e7\u00f5es residuais de 2008 a 2016, segundo informou o \u00f3rg\u00e3o. Cerca de 1,3 milh\u00e3o de contribuintes que declararam Imposto de Renda neste ano v\u00e3o receber dinheiro do Fisco. Ao todo, [&hellip;]<\/p>\n","protected":false},"author":2,"featured_media":0,"comment_status":"closed","ping_status":"closed","sticky":false,"template":"","format":"standard","meta":{"footnotes":""},"categories":[2961],"tags":[370,4191,3586],"class_list":{"0":"post-104894","1":"post","2":"type-post","3":"status-publish","4":"format-standard","6":"category-nacional","7":"tag-brasil","8":"tag-imposto","9":"tag-receita"},"_links":{"self":[{"href":"https:\/\/senoticias.com.br\/se\/wp-json\/wp\/v2\/posts\/104894"}],"collection":[{"href":"https:\/\/senoticias.com.br\/se\/wp-json\/wp\/v2\/posts"}],"about":[{"href":"https:\/\/senoticias.com.br\/se\/wp-json\/wp\/v2\/types\/post"}],"author":[{"embeddable":true,"href":"https:\/\/senoticias.com.br\/se\/wp-json\/wp\/v2\/users\/2"}],"replies":[{"embeddable":true,"href":"https:\/\/senoticias.com.br\/se\/wp-json\/wp\/v2\/comments?post=104894"}],"version-history":[{"count":0,"href":"https:\/\/senoticias.com.br\/se\/wp-json\/wp\/v2\/posts\/104894\/revisions"}],"wp:attachment":[{"href":"https:\/\/senoticias.com.br\/se\/wp-json\/wp\/v2\/media?parent=104894"}],"wp:term":[{"taxonomy":"category","embeddable":true,"href":"https:\/\/senoticias.com.br\/se\/wp-json\/wp\/v2\/categories?post=104894"},{"taxonomy":"post_tag","embeddable":true,"href":"https:\/\/senoticias.com.br\/se\/wp-json\/wp\/v2\/tags?post=104894"}],"curies":[{"name":"wp","href":"https:\/\/api.w.org\/{rel}","templated":true}]}}