{"id":104892,"date":"2017-07-17T14:54:33","date_gmt":"2017-07-17T17:54:33","guid":{"rendered":"http:\/\/senoticias.com.br\/se\/?p=104892"},"modified":"2017-07-17T14:54:33","modified_gmt":"2017-07-17T17:54:33","slug":"prefeito-de-socorro-realiza-mutirao-de-pintura-em-escola-municipal","status":"publish","type":"post","link":"https:\/\/senoticias.com.br\/se\/prefeito-de-socorro-realiza-mutirao-de-pintura-em-escola-municipal\/","title":{"rendered":"Prefeito de Socorro realiza mutir\u00e3o de pintura em escola municipal"},"content":{"rendered":"<div id=\"attachment_104893\" style=\"width: 310px\" class=\"wp-caption alignleft\"><img loading=\"lazy\" decoding=\"async\" aria-describedby=\"caption-attachment-104893\" class=\"size-full wp-image-104893\" src=\"http:\/\/senoticias.com.br\/se\/wp-content\/uploads\/2017\/07\/inaldo-SENOTICIAS.jpg\" alt=\"Foto: ANSocorro\" width=\"300\" height=\"200\" srcset=\"https:\/\/senoticias.com.br\/se\/wp-content\/uploads\/2017\/07\/inaldo-SENOTICIAS.jpg 300w, https:\/\/senoticias.com.br\/se\/wp-content\/uploads\/2017\/07\/inaldo-SENOTICIAS-90x60.jpg 90w, https:\/\/senoticias.com.br\/se\/wp-content\/uploads\/2017\/07\/inaldo-SENOTICIAS-180x120.jpg 180w, https:\/\/senoticias.com.br\/se\/wp-content\/uploads\/2017\/07\/inaldo-SENOTICIAS-95x64.jpg 95w\" sizes=\"(max-width: 300px) 100vw, 300px\" \/><p id=\"caption-attachment-104893\" class=\"wp-caption-text\">Foto: ANSocorro<\/p><\/div>\n<p style=\"text-align: justify;\">A fim de promover melhorias na estrutura f\u00edsica das escolas municipais, a Prefeitura de Nossa Senhora do Socorro, por meio da Secretaria Municipal da Educa\u00e7\u00e3o (Semed), realizou mais uma mobiliza\u00e7\u00e3o, em conjunto com a comunidade, na manh\u00e3 desta segunda-feira, 17. Desta vez, a a\u00e7\u00e3o foi executada na escola que leva o nome da cidade, a qual fica localizada na avenida principal do conjunto Jo\u00e3o Alves.<\/p>\n<p style=\"text-align: justify;\">Trabalhando junto \u00e0 equipe, o prefeito Padre Inaldo destacou a import\u00e2ncia do mutir\u00e3o de limpeza e ressaltou ser este, o segundo realizado somente neste ano. \u201cNum momento de crise o qual n\u00e3o temos condi\u00e7\u00f5es de construir e reformar todas as escolas, precisamos buscar alternativas para trazer melhorias ao munic\u00edpio. J\u00e1 realizamos um mutir\u00e3o no in\u00edcio do ano na creche Irm\u00e3 Dulce e hoje viemos \u00e0 escola Nossa Senhora do Socorro. As a\u00e7\u00f5es n\u00e3o v\u00e3o parar. Nossa pretens\u00e3o \u00e9 realizar um mutir\u00e3o por m\u00eas para atingir o m\u00e1ximo de escolas\u201d, afirmou.<\/p>\n<p style=\"text-align: justify;\">Segundo a secret\u00e1ria de Educa\u00e7\u00e3o, Marieta Barbosa, \u00e0 medida em que servidores, pais e alunos se unem na realiza\u00e7\u00e3o do mutir\u00e3o, eles passam a valorizar ainda mais a escola e contribuem para a sua manuten\u00e7\u00e3o. \u201cTemos uma equipe de profissionais que se dedicou para que essa reforma acontecesse. No mutir\u00e3o de hoje, vieram servidores da Prefeitura, vereadores e a pr\u00f3pria comunidade. Essa soma de esfor\u00e7os \u00e9 muito importante, porque eles se sentem parte do processo e ajudam a manter a escola limpa e organizada\u201d, relatou.<\/p>\n<p style=\"text-align: justify;\">A escola, fundada em 1997, atualmente possui 410 alunos matriculados e desde que foi constru\u00edda nunca havia passado por uma reforma estrutural deste porte. \u201cEst\u00e1vamos precisando com urg\u00eancia de uma reforma para atender melhor os alunos. Esse \u00e9 um sonho antigo de todos n\u00f3s e estamos todos ansiosos para voltar \u00e0s aulas amanh\u00e3. Tenho certeza que os pais, os alunos e at\u00e9 mesmo os professores ir\u00e3o amar a nova apar\u00eancia, pois reestruturamos tudo, desde os pequenos reparos at\u00e9 \u00e0 parte el\u00e9trica\u201d, contou a diretora da escola, Rosineli Silva.<\/p>\n<p style=\"text-align: justify;\">Quem tamb\u00e9m esteve presente na a\u00e7\u00e3o foi a ex-aluna da escola e atual servidora da equipe de manuten\u00e7\u00e3o da Semed, Roberta Ven\u00e2ncio. \u201cQuando entrei na escola antes da reforma, vi que estava igual a 2002 quando eu estudei aqui. Ent\u00e3o analisamos, planejamos e colocamos \u2018a m\u00e3o na massa\u2019. Reformamos a escola praticamente 100%. Estou extremamente gratificada, tanto pessoalmente, quanto profissionalmente, por poder contribuir com a reforma. Quero que meu filho, que est\u00e1 a caminho, possa estudar na escola em que a m\u00e3e estudou e que agora ela est\u00e1 nova e com ainda mais qualidade\u201d.<\/p>\n<p style=\"text-align: justify;\">Para Miriam Lima, m\u00e3e de ex-estudantes e av\u00f3 de Rayra Lorrana, atual aluna, a comunidade s\u00f3 tem a agradecer \u00e0 Prefeitura por esse grande mutir\u00e3o. \u201cS\u00f3 tenho coisas boas para falar dos servidores dessa escola. Todos sempre se empenham para passar uma educa\u00e7\u00e3o de qualidade aos nossos filhos. Mas estava faltando uma estrutura que acolhesse melhor os alunos. Agora com essa reforma, estou ainda mais agradecida ao prefeito. Minhas filhas j\u00e1 estudaram aqui e agora \u00e9 minha neta. Parab\u00e9ns a todos que contribu\u00edram para o mutir\u00e3o dar certo\u201d, agradeceu.<\/p>\n<p style=\"text-align: justify;\">\n<p style=\"text-align: justify;\"><img loading=\"lazy\" decoding=\"async\" class=\"aligncenter size-full wp-image-104856\" src=\"http:\/\/senoticias.com.br\/se\/wp-content\/uploads\/2017\/07\/Logo-fone-1-2-1-2-4-6-1.jpg\" alt=\"Logo-fone-1-2-1-2-4-6\" width=\"599\" height=\"78\" srcset=\"https:\/\/senoticias.com.br\/se\/wp-content\/uploads\/2017\/07\/Logo-fone-1-2-1-2-4-6-1.jpg 599w, https:\/\/senoticias.com.br\/se\/wp-content\/uploads\/2017\/07\/Logo-fone-1-2-1-2-4-6-1-300x39.jpg 300w\" sizes=\"(max-width: 599px) 100vw, 599px\" \/><\/p>\n<p style=\"text-align: justify;\"><em><strong>Acompanhe tamb\u00e9m o SE Not\u00edcias no\u00a0<a href=\"https:\/\/twitter.com\/Senoticias\" target=\"_blank\">Twitter<\/a>,\u00a0<a href=\"https:\/\/www.facebook.com\/senoticias1\" target=\"_blank\">Facebook<\/a>\u00a0e no\u00a0<a href=\"https:\/\/www.instagram.com\/senoticias\/\" target=\"_blank\">Instagram<\/a><\/strong><\/em><\/p>\n<p style=\"text-align: justify;\">Por ANSocorro<\/p>\n","protected":false},"excerpt":{"rendered":"<p>A fim de promover melhorias na estrutura f\u00edsica das escolas municipais, a Prefeitura de Nossa Senhora do Socorro, por meio da Secretaria Municipal da Educa\u00e7\u00e3o (Semed), realizou mais uma mobiliza\u00e7\u00e3o, em conjunto com a comunidade, na manh\u00e3 desta segunda-feira, 17. Desta vez, a a\u00e7\u00e3o foi executada na escola que leva o nome da cidade, a [&hellip;]<\/p>\n","protected":false},"author":2,"featured_media":0,"comment_status":"closed","ping_status":"closed","sticky":false,"template":"","format":"standard","meta":{"footnotes":""},"categories":[38],"tags":[4742,4741,2746],"class_list":{"0":"post-104892","1":"post","2":"type-post","3":"status-publish","4":"format-standard","6":"category-municipios","7":"tag-inaldo","8":"tag-pintura","9":"tag-socorro"},"_links":{"self":[{"href":"https:\/\/senoticias.com.br\/se\/wp-json\/wp\/v2\/posts\/104892"}],"collection":[{"href":"https:\/\/senoticias.com.br\/se\/wp-json\/wp\/v2\/posts"}],"about":[{"href":"https:\/\/senoticias.com.br\/se\/wp-json\/wp\/v2\/types\/post"}],"author":[{"embeddable":true,"href":"https:\/\/senoticias.com.br\/se\/wp-json\/wp\/v2\/users\/2"}],"replies":[{"embeddable":true,"href":"https:\/\/senoticias.com.br\/se\/wp-json\/wp\/v2\/comments?post=104892"}],"version-history":[{"count":0,"href":"https:\/\/senoticias.com.br\/se\/wp-json\/wp\/v2\/posts\/104892\/revisions"}],"wp:attachment":[{"href":"https:\/\/senoticias.com.br\/se\/wp-json\/wp\/v2\/media?parent=104892"}],"wp:term":[{"taxonomy":"category","embeddable":true,"href":"https:\/\/senoticias.com.br\/se\/wp-json\/wp\/v2\/categories?post=104892"},{"taxonomy":"post_tag","embeddable":true,"href":"https:\/\/senoticias.com.br\/se\/wp-json\/wp\/v2\/tags?post=104892"}],"curies":[{"name":"wp","href":"https:\/\/api.w.org\/{rel}","templated":true}]}}