{"id":104889,"date":"2017-07-17T14:45:28","date_gmt":"2017-07-17T17:45:28","guid":{"rendered":"http:\/\/senoticias.com.br\/se\/?p=104889"},"modified":"2017-07-17T14:48:27","modified_gmt":"2017-07-17T17:48:27","slug":"forca-nacional-localiza-dois-condenados-em-aracaju","status":"publish","type":"post","link":"https:\/\/senoticias.com.br\/se\/forca-nacional-localiza-dois-condenados-em-aracaju\/","title":{"rendered":"For\u00e7a Nacional localiza dois condenados em Aracaju"},"content":{"rendered":"<p style=\"text-align: justify;\">A For\u00e7a Nacional de Seguran\u00e7a P\u00fablica prendeu tr\u00eas homens e apreendeu um adolescente em Aracaju (SE), no \u00faltimo fim de semana. Dois dos adultos foram detidos em cumprimento a mandados judiciais. Os outros dois rapazes foram flagrados ap\u00f3s a For\u00e7a receber den\u00fancias de roubo.<\/p>\n<div id=\"attachment_104890\" style=\"width: 609px\" class=\"wp-caption aligncenter\"><img loading=\"lazy\" decoding=\"async\" aria-describedby=\"caption-attachment-104890\" class=\"size-full wp-image-104890\" src=\"http:\/\/senoticias.com.br\/se\/wp-content\/uploads\/2017\/07\/Forca-Nacional-SENOTICIAS-e1500313411590.jpg\" alt=\"Dois jovens tamb\u00e9m foram detidos acusados de roubos\" width=\"599\" height=\"382\" \/><p id=\"caption-attachment-104890\" class=\"wp-caption-text\">Dois jovens tamb\u00e9m foram detidos acusados de roubos (foto: SSP\/SE)<\/p><\/div>\n<p style=\"text-align: justify;\">No s\u00e1bado (15), por volta das 18h30, a For\u00e7a Nacional abordou Erinaldo Concei\u00e7\u00e3o Santos, 21 anos, no bairro Santa Maria. Os policiais checaram os dados do suspeito e verificaram que havia um mandado de pris\u00e3o de Erinaldo, pois ele foi condenado por homic\u00eddio.<\/p>\n<p style=\"text-align: justify;\">J\u00e1 \u00e0s 22h30, outra equipe abordou Tiago Manoel Cardoso Matos, 23 anos, no bairro 17 de mar\u00e7o, e descobriu um mandado de pris\u00e3o em nome dele, que foi condenado por furto qualificado. Os mandados foram checados com o aplicativo Sinesp Cidad\u00e3o.<\/p>\n<p style=\"text-align: justify;\"><strong>Roubos<br \/>\n<\/strong><br \/>\nTamb\u00e9m no s\u00e1bado, por volta das 14h, duas mulheres foram assaltadas por um jovem armado, no bairro Atalaia. Policiais da For\u00e7a foram acionados e localizaram o acusado. O adolescente de 17 anos portava um simulacro de pistola (imita\u00e7\u00e3o de arma de fogo), al\u00e9m dos pertences das v\u00edtimas.<\/p>\n<p style=\"text-align: justify;\">Antes, na sexta-feira (14), a For\u00e7a Nacional patrulhava o bairro Santa Maria quando uma mulher informou que um rapaz tentou roubar seu celular. A equipe localizou o suspeito, que foi reconhecido pela v\u00edtima. Igor da Silva Vitalino, 18 anos, foi detido. Antes ele havia mentido seu nome e a idade, mas a farsa foi descoberta.<\/p>\n<p style=\"text-align: justify;\">Todos os adultos presos e o adolescente apreendido foram conduzidos \u00e0 Delegacia Plantonista Sul pela For\u00e7a Nacional, que desde fevereiro realiza a\u00e7\u00f5es de apoio aos \u00f3rg\u00e3os locais de seguran\u00e7a p\u00fablica, dentro do Plano Nacional de Seguran\u00e7a P\u00fablica. Al\u00e9m de policiamento ostensivo, a For\u00e7a tamb\u00e9m ap\u00f3ia as equipes de pol\u00edcia judici\u00e1ria e per\u00edcia forense para investiga\u00e7\u00e3o de homic\u00eddios.<\/p>\n<p style=\"text-align: justify;\"><img loading=\"lazy\" decoding=\"async\" class=\"aligncenter size-full wp-image-104856\" src=\"http:\/\/senoticias.com.br\/se\/wp-content\/uploads\/2017\/07\/Logo-fone-1-2-1-2-4-6-1.jpg\" alt=\"Logo-fone-1-2-1-2-4-6\" width=\"599\" height=\"78\" srcset=\"https:\/\/senoticias.com.br\/se\/wp-content\/uploads\/2017\/07\/Logo-fone-1-2-1-2-4-6-1.jpg 599w, https:\/\/senoticias.com.br\/se\/wp-content\/uploads\/2017\/07\/Logo-fone-1-2-1-2-4-6-1-300x39.jpg 300w\" sizes=\"(max-width: 599px) 100vw, 599px\" \/><\/p>\n<p style=\"text-align: justify;\"><em><strong>Acompanhe tamb\u00e9m o SE Not\u00edcias no\u00a0<a href=\"https:\/\/twitter.com\/Senoticias\" target=\"_blank\">Twitter<\/a>,\u00a0<a href=\"https:\/\/www.facebook.com\/senoticias1\" target=\"_blank\">Facebook<\/a>\u00a0e no\u00a0<a href=\"https:\/\/www.instagram.com\/senoticias\/\" target=\"_blank\">Instagram<\/a><\/strong><\/em><\/p>\n<p style=\"text-align: justify;\"><em>Informa\u00e7\u00f5es da SSP\/SE<\/em><\/p>\n","protected":false},"excerpt":{"rendered":"<p>A For\u00e7a Nacional de Seguran\u00e7a P\u00fablica prendeu tr\u00eas homens e apreendeu um adolescente em Aracaju (SE), no \u00faltimo fim de semana. Dois dos adultos foram detidos em cumprimento a mandados judiciais. Os outros dois rapazes foram flagrados ap\u00f3s a For\u00e7a receber den\u00fancias de roubo. No s\u00e1bado (15), por volta das 18h30, a For\u00e7a Nacional abordou [&hellip;]<\/p>\n","protected":false},"author":2,"featured_media":104890,"comment_status":"closed","ping_status":"closed","sticky":false,"template":"","format":"standard","meta":{"footnotes":""},"categories":[15],"tags":[339,4740,1729],"class_list":{"0":"post-104889","1":"post","2":"type-post","3":"status-publish","4":"format-standard","5":"has-post-thumbnail","7":"category-destaques","8":"tag-aracaju","9":"tag-dois-condenados","10":"tag-forca-nacional"},"_links":{"self":[{"href":"https:\/\/senoticias.com.br\/se\/wp-json\/wp\/v2\/posts\/104889"}],"collection":[{"href":"https:\/\/senoticias.com.br\/se\/wp-json\/wp\/v2\/posts"}],"about":[{"href":"https:\/\/senoticias.com.br\/se\/wp-json\/wp\/v2\/types\/post"}],"author":[{"embeddable":true,"href":"https:\/\/senoticias.com.br\/se\/wp-json\/wp\/v2\/users\/2"}],"replies":[{"embeddable":true,"href":"https:\/\/senoticias.com.br\/se\/wp-json\/wp\/v2\/comments?post=104889"}],"version-history":[{"count":0,"href":"https:\/\/senoticias.com.br\/se\/wp-json\/wp\/v2\/posts\/104889\/revisions"}],"wp:featuredmedia":[{"embeddable":true,"href":"https:\/\/senoticias.com.br\/se\/wp-json\/wp\/v2\/media\/104890"}],"wp:attachment":[{"href":"https:\/\/senoticias.com.br\/se\/wp-json\/wp\/v2\/media?parent=104889"}],"wp:term":[{"taxonomy":"category","embeddable":true,"href":"https:\/\/senoticias.com.br\/se\/wp-json\/wp\/v2\/categories?post=104889"},{"taxonomy":"post_tag","embeddable":true,"href":"https:\/\/senoticias.com.br\/se\/wp-json\/wp\/v2\/tags?post=104889"}],"curies":[{"name":"wp","href":"https:\/\/api.w.org\/{rel}","templated":true}]}}