{"id":104877,"date":"2017-07-16T17:12:50","date_gmt":"2017-07-16T20:12:50","guid":{"rendered":"http:\/\/senoticias.com.br\/se\/?p=104877"},"modified":"2017-07-16T17:12:50","modified_gmt":"2017-07-16T20:12:50","slug":"antes-de-votacao-temer-distribuiu-r-15-bilhoes-em-programas-e-emendas","status":"publish","type":"post","link":"https:\/\/senoticias.com.br\/se\/antes-de-votacao-temer-distribuiu-r-15-bilhoes-em-programas-e-emendas\/","title":{"rendered":"Antes de vota\u00e7\u00e3o, Temer distribuiu R$ 15 bilh\u00f5es em programas e emendas"},"content":{"rendered":"<p style=\"text-align: justify;\">No momento em que o governo enfrenta um rombo nas contas p\u00fablicas e a estimativa de o d\u00e9ficit prim\u00e1rio ultrapassar a meta fiscal fixada para este ano, o presidente Michel Temer concentrou, s\u00f3 nas duas \u00faltimas semanas, o an\u00fancio de programas e libera\u00e7\u00f5es de verbas que chegam a R$ 15,3 bilh\u00f5es para estados e munic\u00edpios, num aceno a parlamentares da base aliada. A concentra\u00e7\u00e3o desse pacote de bondades aconteceu em uma semana decisiva para selar o futuro de Temer na Comiss\u00e3o de Constitui\u00e7\u00e3o e Justi\u00e7a (CCJ) da C\u00e2mara.<\/p>\n<div id=\"attachment_104878\" style=\"width: 609px\" class=\"wp-caption aligncenter\"><img loading=\"lazy\" decoding=\"async\" aria-describedby=\"caption-attachment-104878\" class=\"size-full wp-image-104878\" src=\"http:\/\/senoticias.com.br\/se\/wp-content\/uploads\/2017\/07\/TEMER-SENOTICIAS-e1500235792969.jpeg\" alt=\"Temer distribuiu R$ 15 bilh\u00f5es\" width=\"599\" height=\"399\" \/><p id=\"caption-attachment-104878\" class=\"wp-caption-text\">Temer distribuiu R$ 15 bilh\u00f5es. (Foto: Mario Tama \/ AP Images)<\/p><\/div>\n<p style=\"text-align: justify;\">O esfor\u00e7o concentrado deu certo: Temer virou um jogo que parecia perdido e saiu vitorioso com a rejei\u00e7\u00e3o ao parecer que recomendava a continuidade das investiga\u00e7\u00f5es contra ele, e a aprova\u00e7\u00e3o de um outro relat\u00f3rio, do deputado Paulo Abi-Ackel (PSDB-MG), pelo arquivamento da den\u00fancia. A batalha final est\u00e1 marcada para 2 de agosto, no plen\u00e1rio da C\u00e2mara.<\/p>\n<p style=\"text-align: justify;\">Al\u00e9m de programas novos, o governo acelerou o empenho das emendas parlamentares de deputados federais. Levantamento da Rede mostrou que, nos \u00faltimos 15 dias, foi empenhado um total de R$ 1,9 bilh\u00e3o, valor pr\u00f3ximo ao que havia sido processado desde o come\u00e7o do ano at\u00e9 6 de junho, que foi R$ 1,8 bilh\u00e3o.<\/p>\n<p style=\"text-align: justify;\">Em maio, segundo o mapeamento da Rede, foram R$ 89,4 milh\u00f5es; em junho, R$ 1,8 bilh\u00e3o, justamente no m\u00eas em que a situa\u00e7\u00e3o pol\u00edtica de Temer se agravou.<\/p>\n<p style=\"text-align: justify;\">\u2014 As emendas hoje s\u00e3o impositivas. O governo tem o dever de liber\u00e1-las \u2014 defendeu-se o chefe da Casa Civil, ministro Eliseu Padilha.<\/p>\n<p style=\"text-align: justify;\">Na \u00faltima quarta-feira, o presidente Temer anunciou a quantia de R$ 11,7 bilh\u00f5es em linhas de cr\u00e9dito para obras de infraestrutura como ilumina\u00e7\u00e3o p\u00fablica, saneamento e gest\u00e3o de res\u00edduos s\u00f3lidos. J\u00e1 na quinta-feira, decidiu realocar R$ 1,7 bilh\u00e3o em recursos para a Sa\u00fade, destinados para compra de ambul\u00e2ncias e gastos na aten\u00e7\u00e3o b\u00e1sica em 1.787 munic\u00edpios. Antes, na ter\u00e7a-feira, anunciara R$ 103 bilh\u00f5es de recursos do Banco do Brasil para o Plano Safra 2017\/2018, que j\u00e1 havia sido lan\u00e7ado oficialmente no in\u00edcio do m\u00eas, com o valor de R$ 190 bilh\u00f5es.<\/p>\n<p style=\"text-align: justify;\">O PSOL apresentar\u00e1 nos pr\u00f3ximos dias uma representa\u00e7\u00e3o ao Minist\u00e9rio P\u00fablico por corrup\u00e7\u00e3o ativa, desvio de finalidade e obstru\u00e7\u00e3o \u00e0 Justi\u00e7a. O partido mapeia o volume de libera\u00e7\u00e3o de emendas recebidas pelos deputados que votaram a favor do governo para tra\u00e7ar uma rela\u00e7\u00e3o direta entre o favorecimento e o voto.<\/p>\n<p style=\"text-align: justify;\">\u2014 N\u00e3o \u00e9 normal o deputado receber verba para votar a favor do governo. \u00c9 o fisiologismo no poder \u2014 acusa Chico Alencar (PSOL-RJ).<\/p>\n<p style=\"text-align: justify;\">Os aliados do governo, no entanto, veem com naturalidade essa opera\u00e7\u00e3o. O l\u00edder do DEM, deputado Efraim Filho (PB), diz que \u00e9 papel do parlamentar levar investimentos para sua cidade por meio de emendas.<\/p>\n<p style=\"text-align: justify;\">\u2014 O governo est\u00e1 investindo nos munic\u00edpios, n\u00e3o est\u00e1 dando dinheiro na m\u00e3o dos deputados. O parlamentar que leva investimento para sua cidade est\u00e1 cumprindo o papel dele. Feio era o que o PT fazia no mensal\u00e3o, que trocava dinheiro por voto \u2014 comparou.<\/p>\n<p style=\"text-align: justify;\">Segundo levantamento feito pelo GLOBO, de janeiro a junho deste ano, Temer anunciou investimentos de aproximadamente R$ 96 bilh\u00f5es. S\u00f3 em dois dias, o presidente liberou quase um sexto do valor total dos \u00faltimos meses, sem considerar os R$ 190 bilh\u00f5es do Plano Safra, cuja libera\u00e7\u00e3o \u00e9 obrigat\u00f3ria.<\/p>\n<p style=\"text-align: justify;\">O levantamento levou em considera\u00e7\u00e3o apenas verbas espec\u00edficas anunciadas em cerim\u00f4nias. Houve outros an\u00fancios de investimentos nesse per\u00edodo, sem valor estimado, que n\u00e3o foram contabilizados pela reportagem.<\/p>\n<p style=\"text-align: justify;\">Confrontado com a possibilidade de ser afastado do cargo, Temer sancionou uma Medida Provis\u00f3ria (MP) que altera a legisla\u00e7\u00e3o da reforma agr\u00e1ria e que, segundo ambientalistas, pode facilitar a grilagem em \u00e1reas da Amaz\u00f4nia. A MP poderia ser sancionada at\u00e9 a pr\u00f3xima ter\u00e7a-feira, mas a san\u00e7\u00e3o foi antecipada para o in\u00edcio dessa semana, antes da vota\u00e7\u00e3o da CCJ.<\/p>\n<p style=\"text-align: justify;\">Nos \u00faltimos dias, ministros e presidentes de estatais se revezaram no p\u00falpito montado no Pal\u00e1cio para rasgar elogios ao presidente, denunciado por corrup\u00e7\u00e3o passiva e investigado no Supremo Tribunal Federal tamb\u00e9m por organiza\u00e7\u00e3o criminosa e obstru\u00e7\u00e3o \u00e0 Justi\u00e7a. Na quarta-feira, a cerim\u00f4nia que liberou R$ 11,7 bilh\u00f5es para infraestrutura teve nada menos do que dez discursos, todos enaltecendo a gest\u00e3o Temer. No dia seguinte, em outro evento de agenda positiva, no qual anunciou R$ 1,7 bilh\u00e3o para a Sa\u00fade, o ministro da pasta, Ricardo Barros, fez a mesura:<\/p>\n<p>\u2014 Por ter optado pelo reconhecimento e n\u00e3o pela popularidade, o Brasil vai lhe agradecer.<\/p>\n<p style=\"text-align: justify;\">A apresenta\u00e7\u00e3o de Barros, com 70 telas, homenageava Temer diretamente, em trechos como \u201cMedida Provis\u00f3ria do presidente Temer permitiu adequar oferta da penicilina no combate \u00e0 s\u00edfilis\u201d, \u201cPresidente Michel Temer anunciou renova\u00e7\u00e3o da frota do Samu para todo o pa\u00eds\u201d e \u201cPresidente da Rep\u00fablica comandou pessoalmente lan\u00e7amento da campanha Sexta Sem Mosquito\u201d. Temer devolveu os elogios: chamou o ministro de \u201cm\u00e9dico honor\u00e1rio e prefeito honor\u00e1rio\u201d, al\u00e9m de ter dito que seu sonho \u00e9 zerar filas de hospitais at\u00e9 o ano que vem.<\/p>\n<p style=\"text-align: justify;\">O pr\u00f3prio presidente caprichou nos autoelogios.<\/p>\n<p style=\"text-align: justify;\">\u2014 Tudo isso \u00e9 feito em 14 meses de governo. \u00c9 um trabalho que demandaria quatro anos, oito anos. Estamos fazendo oito anos em 14 meses \u2014 declarou, na cerim\u00f4nia com Barros, parafraseando o ex-presidente Juscelino Kubitschek, que tinha como mote de governo \u201c50 anos em cinco (1956 a 1961)\u201d.<\/p>\n<p style=\"text-align: justify;\">Temer ressaltou que foi chamado de \u201cmuito corajoso\u201d por parlamentares.<\/p>\n<p style=\"text-align: justify;\">\u2014 De vez em quanto os colegas do Parlamento dizem: \u201cVoc\u00ea \u00e9 muito corajoso, porque enfrentou quest\u00f5es como a reforma trabalhista, do Ensino M\u00e9dio, quest\u00f5es de Sa\u00fade, que outros tantos n\u00e3o foram capazes de enfrentar\u201d E penso o seguinte: mais do que coragem, n\u00f3s tivemos ousadia.<\/p>\n<p style=\"text-align: justify;\"><img loading=\"lazy\" decoding=\"async\" class=\"aligncenter size-full wp-image-104544\" src=\"http:\/\/senoticias.com.br\/se\/wp-content\/uploads\/2017\/07\/Logo-fone-1-2-1-2-4-6.jpg\" alt=\"Logo-fone-1-2-1-2-4-6\" width=\"599\" height=\"78\" srcset=\"https:\/\/senoticias.com.br\/se\/wp-content\/uploads\/2017\/07\/Logo-fone-1-2-1-2-4-6.jpg 599w, https:\/\/senoticias.com.br\/se\/wp-content\/uploads\/2017\/07\/Logo-fone-1-2-1-2-4-6-300x39.jpg 300w\" sizes=\"(max-width: 599px) 100vw, 599px\" \/><\/p>\n<p style=\"text-align: justify;\"><em><strong>Acompanhe tamb\u00e9m o SE Not\u00edcias no\u00a0<a href=\"https:\/\/twitter.com\/Senoticias\" target=\"_blank\">Twitter<\/a>,\u00a0<a href=\"https:\/\/www.facebook.com\/senoticias1\" target=\"_blank\">Facebook<\/a>\u00a0e no\u00a0<a href=\"https:\/\/www.instagram.com\/senoticias\/\" target=\"_blank\">Instagram<\/a><\/strong><\/em><\/p>\n<p style=\"text-align: justify;\"><em>por Ag\u00eancia <a href=\"http:\/\/www.msn.com\/pt-br\/noticias\/crise-politica\/antes-de-vota%C3%A7%C3%A3o-temer-distribuiu-rdollar-15-bilh%C3%B5es-em-programas-e-emendas\/ar-BBEuZBh?ocid=ob-tw-ptbr-579\">O Globo<\/a><\/em><\/p>\n","protected":false},"excerpt":{"rendered":"<p>No momento em que o governo enfrenta um rombo nas contas p\u00fablicas e a estimativa de o d\u00e9ficit prim\u00e1rio ultrapassar a meta fiscal fixada para este ano, o presidente Michel Temer concentrou, s\u00f3 nas duas \u00faltimas semanas, o an\u00fancio de programas e libera\u00e7\u00f5es de verbas que chegam a R$ 15,3 bilh\u00f5es para estados e munic\u00edpios, [&hellip;]<\/p>\n","protected":false},"author":2,"featured_media":104878,"comment_status":"closed","ping_status":"closed","sticky":false,"template":"","format":"standard","meta":{"footnotes":""},"categories":[15],"tags":[4725,4727,4726,637,3445],"class_list":{"0":"post-104877","1":"post","2":"type-post","3":"status-publish","4":"format-standard","5":"has-post-thumbnail","7":"category-destaques","8":"tag-15-bilhoes","9":"tag-emendas","10":"tag-programas","11":"tag-temer","12":"tag-votacao"},"_links":{"self":[{"href":"https:\/\/senoticias.com.br\/se\/wp-json\/wp\/v2\/posts\/104877"}],"collection":[{"href":"https:\/\/senoticias.com.br\/se\/wp-json\/wp\/v2\/posts"}],"about":[{"href":"https:\/\/senoticias.com.br\/se\/wp-json\/wp\/v2\/types\/post"}],"author":[{"embeddable":true,"href":"https:\/\/senoticias.com.br\/se\/wp-json\/wp\/v2\/users\/2"}],"replies":[{"embeddable":true,"href":"https:\/\/senoticias.com.br\/se\/wp-json\/wp\/v2\/comments?post=104877"}],"version-history":[{"count":0,"href":"https:\/\/senoticias.com.br\/se\/wp-json\/wp\/v2\/posts\/104877\/revisions"}],"wp:featuredmedia":[{"embeddable":true,"href":"https:\/\/senoticias.com.br\/se\/wp-json\/wp\/v2\/media\/104878"}],"wp:attachment":[{"href":"https:\/\/senoticias.com.br\/se\/wp-json\/wp\/v2\/media?parent=104877"}],"wp:term":[{"taxonomy":"category","embeddable":true,"href":"https:\/\/senoticias.com.br\/se\/wp-json\/wp\/v2\/categories?post=104877"},{"taxonomy":"post_tag","embeddable":true,"href":"https:\/\/senoticias.com.br\/se\/wp-json\/wp\/v2\/tags?post=104877"}],"curies":[{"name":"wp","href":"https:\/\/api.w.org\/{rel}","templated":true}]}}