{"id":104858,"date":"2017-07-15T15:31:34","date_gmt":"2017-07-15T18:31:34","guid":{"rendered":"http:\/\/senoticias.com.br\/se\/?p=104858"},"modified":"2017-07-15T15:31:34","modified_gmt":"2017-07-15T18:31:34","slug":"centro-de-treinamento-do-itabaiana-e-levado-a-leilao","status":"publish","type":"post","link":"https:\/\/senoticias.com.br\/se\/centro-de-treinamento-do-itabaiana-e-levado-a-leilao\/","title":{"rendered":"Centro de treinamento do Itabaiana \u00e9 levado a leil\u00e3o"},"content":{"rendered":"<div id=\"attachment_104859\" style=\"width: 310px\" class=\"wp-caption alignleft\"><img loading=\"lazy\" decoding=\"async\" aria-describedby=\"caption-attachment-104859\" class=\"size-full wp-image-104859\" src=\"http:\/\/senoticias.com.br\/se\/wp-content\/uploads\/2017\/07\/itabaiana.jpg\" alt=\"Foto: Associa\u00e7\u00e3o Itabaianense\" width=\"300\" height=\"200\" srcset=\"https:\/\/senoticias.com.br\/se\/wp-content\/uploads\/2017\/07\/itabaiana.jpg 300w, https:\/\/senoticias.com.br\/se\/wp-content\/uploads\/2017\/07\/itabaiana-90x60.jpg 90w, https:\/\/senoticias.com.br\/se\/wp-content\/uploads\/2017\/07\/itabaiana-180x120.jpg 180w, https:\/\/senoticias.com.br\/se\/wp-content\/uploads\/2017\/07\/itabaiana-95x64.jpg 95w\" sizes=\"(max-width: 300px) 100vw, 300px\" \/><p id=\"caption-attachment-104859\" class=\"wp-caption-text\">Foto: Associa\u00e7\u00e3o Itabaianense<\/p><\/div>\n<p style=\"text-align: justify;\">A Associa\u00e7\u00e3o Ol\u00edmpica Itabaiana pode ter seu centro de treinamento leiloado at\u00e9 o fim de julho. A venda refere-se \u00e0 execu\u00e7\u00e3o de uma a\u00e7\u00e3o trabalhista de R$ 22 mil vencida pelo zagueiro Duilio Adriano, que passou pelo Tricolor em 2012. Sem condi\u00e7\u00f5es de pagar a indeniza\u00e7\u00e3o ao atleta, o time foi obrigado a penhorar o local, que fica no Povoado Lagoa, em Itabaiana, e tem pouco mais de seis hectares. O leil\u00e3o est\u00e1 marcado para o pr\u00f3ximo dia 27 de julho, as 8h30, na sede do Tribunal Regional do Trabalho. O lance inicial \u00e9 de R$ 500 mil.<\/p>\n<p style=\"text-align: justify;\">De acordo com Adailton Sousa, diretor de futebol do Itabaiana, no entanto, o clube ainda tenta negociar com Du\u00edlio para evitar o leil\u00e3o. \u201cEstamos entrando em acordo com o atleta para parcelar esta d\u00edvida. Ainda estamos no aguardo de uma resposta dele\u201d, disse. Esta n\u00e3o \u00e9 a primeira vez que o Itabaiana passa pela situa\u00e7\u00e3o. Em 2014, o CT tamb\u00e9m foi levado a leil\u00e3o gra\u00e7as a uma a\u00e7\u00e3o trabalhista vencida pelo goleiro Gess\u00e9, que tamb\u00e9m passou pelo Itabaiana em 2012. Na ocasi\u00e3o, o clube conseguiu negociar com o atleta e o leil\u00e3o foi cancelado.<\/p>\n<p style=\"text-align: justify;\"><em>Por Igor Matheus do Portal Infonet<\/em><\/p>\n<p style=\"text-align: justify;\">\n<p style=\"text-align: justify;\"><img loading=\"lazy\" decoding=\"async\" class=\"aligncenter size-full wp-image-104856\" src=\"http:\/\/senoticias.com.br\/se\/wp-content\/uploads\/2017\/07\/Logo-fone-1-2-1-2-4-6-1.jpg\" alt=\"Logo-fone-1-2-1-2-4-6\" width=\"599\" height=\"78\" srcset=\"https:\/\/senoticias.com.br\/se\/wp-content\/uploads\/2017\/07\/Logo-fone-1-2-1-2-4-6-1.jpg 599w, https:\/\/senoticias.com.br\/se\/wp-content\/uploads\/2017\/07\/Logo-fone-1-2-1-2-4-6-1-300x39.jpg 300w\" sizes=\"(max-width: 599px) 100vw, 599px\" \/><\/p>\n<p style=\"text-align: justify;\">]<em><strong>Acompanhe tamb\u00e9m o SE Not\u00edcias no\u00a0<a href=\"https:\/\/twitter.com\/Senoticias\" target=\"_blank\">Twitter<\/a>,\u00a0<a href=\"https:\/\/www.facebook.com\/senoticias1\" target=\"_blank\">Facebook<\/a>\u00a0e no\u00a0<a href=\"https:\/\/www.instagram.com\/senoticias\/\" target=\"_blank\">Instagram<\/a><\/strong><\/em><\/p>\n","protected":false},"excerpt":{"rendered":"<p>A Associa\u00e7\u00e3o Ol\u00edmpica Itabaiana pode ter seu centro de treinamento leiloado at\u00e9 o fim de julho. A venda refere-se \u00e0 execu\u00e7\u00e3o de uma a\u00e7\u00e3o trabalhista de R$ 22 mil vencida pelo zagueiro Duilio Adriano, que passou pelo Tricolor em 2012. Sem condi\u00e7\u00f5es de pagar a indeniza\u00e7\u00e3o ao atleta, o time foi obrigado a penhorar o [&hellip;]<\/p>\n","protected":false},"author":2,"featured_media":0,"comment_status":"closed","ping_status":"closed","sticky":false,"template":"","format":"standard","meta":{"footnotes":""},"categories":[26],"tags":[3875,236],"class_list":{"0":"post-104858","1":"post","2":"type-post","3":"status-publish","4":"format-standard","6":"category-esportes","7":"tag-esporte","8":"tag-itabaiana"},"_links":{"self":[{"href":"https:\/\/senoticias.com.br\/se\/wp-json\/wp\/v2\/posts\/104858"}],"collection":[{"href":"https:\/\/senoticias.com.br\/se\/wp-json\/wp\/v2\/posts"}],"about":[{"href":"https:\/\/senoticias.com.br\/se\/wp-json\/wp\/v2\/types\/post"}],"author":[{"embeddable":true,"href":"https:\/\/senoticias.com.br\/se\/wp-json\/wp\/v2\/users\/2"}],"replies":[{"embeddable":true,"href":"https:\/\/senoticias.com.br\/se\/wp-json\/wp\/v2\/comments?post=104858"}],"version-history":[{"count":0,"href":"https:\/\/senoticias.com.br\/se\/wp-json\/wp\/v2\/posts\/104858\/revisions"}],"wp:attachment":[{"href":"https:\/\/senoticias.com.br\/se\/wp-json\/wp\/v2\/media?parent=104858"}],"wp:term":[{"taxonomy":"category","embeddable":true,"href":"https:\/\/senoticias.com.br\/se\/wp-json\/wp\/v2\/categories?post=104858"},{"taxonomy":"post_tag","embeddable":true,"href":"https:\/\/senoticias.com.br\/se\/wp-json\/wp\/v2\/tags?post=104858"}],"curies":[{"name":"wp","href":"https:\/\/api.w.org\/{rel}","templated":true}]}}