{"id":104854,"date":"2017-07-15T13:19:47","date_gmt":"2017-07-15T16:19:47","guid":{"rendered":"http:\/\/senoticias.com.br\/se\/?p=104854"},"modified":"2017-07-16T20:27:07","modified_gmt":"2017-07-16T23:27:07","slug":"tribunal-de-contas-pede-rejeicao-de-contas-de-cinco-prefeituras-sergipanas","status":"publish","type":"post","link":"https:\/\/senoticias.com.br\/se\/tribunal-de-contas-pede-rejeicao-de-contas-de-cinco-prefeituras-sergipanas\/","title":{"rendered":"Tribunal de Contas pede rejei\u00e7\u00e3o de contas de cinco prefeituras sergipanas"},"content":{"rendered":"<p style=\"text-align: justify;\">O Tribunal de Contas do Estado (TCE\/SE) emitiu pareceres pr\u00e9vios pela rejei\u00e7\u00e3o de contas de cinco prefeituras sergipanas na sess\u00e3o plen\u00e1ria da \u00faltima quinta-feira, 13. Foram considerados irregulares exerc\u00edcios financeiros referentes aos munic\u00edpios de <strong>Nossa Senhora da Gl\u00f3ria (2015)<\/strong>, <strong>Boquim (2010)<\/strong>, <strong>Cedro de S\u00e3o Jo\u00e3o (2009)<\/strong> e <strong>Lagarto (2007)<\/strong>, em processos relatados pela conselheira Susana Azevedo, al\u00e9m das contas anuais da Prefeitura de Ribeir\u00f3polis do ano 2009, cujo relator \u00e9 o conselheiro Ulices Andrade.<\/p>\n<div id=\"attachment_104855\" style=\"width: 609px\" class=\"wp-caption aligncenter\"><img loading=\"lazy\" decoding=\"async\" aria-describedby=\"caption-attachment-104855\" class=\"size-full wp-image-104855\" src=\"http:\/\/senoticias.com.br\/se\/wp-content\/uploads\/2017\/07\/cd016e71c4b34e7b92dbd726ebc3947f-e1500135344729.jpg\" alt=\"Colegiado aprovou votos dos relatores por unanimidade \" width=\"599\" height=\"400\" \/><p id=\"caption-attachment-104855\" class=\"wp-caption-text\">Colegiado aprovou votos dos relatores por unanimidade (foto:\u00a0<a class=\"downloadimagem\">Cleverton Ribeiro\/TCE)<\/a><\/p><\/div>\n<p style=\"text-align: justify;\">No processo relativo \u00e0s contas anuais da Prefeitura Municipal de Nossa Senhora da Gl\u00f3ria, do ano 2015, tendo como respons\u00e1vel o prefeito Francisco Carlos Nogueira Nascimento, foram constatadas irregularidades como a aplica\u00e7\u00e3o de 12,67% da receita em a\u00e7\u00f5es e servi\u00e7os p\u00fablicos na \u00e1rea da Sa\u00fade, quando o percentual m\u00ednimo exigido \u00e9 de 15%. Al\u00e9m disso, os gastos com pessoal e encargos sociais do Poder Executivo atingiram o percentual de 65,33%, sendo que a Lei de Responsabilidade Fiscal (LRF) prev\u00ea o limite de 54%.<\/p>\n<p style=\"text-align: justify;\">Tendo como respons\u00e1vel o ex-prefeito Pedro Barbosa Neto, as contas anuais do exerc\u00edcio 2010 da<strong> Prefeitura de Boquim<\/strong> foram rejeitadas pelo colegiado devido ao excessivo gasto de 68,72% da receita com pessoal. A relatora destacou como fator agravante que a irregularidade se manteve nos quadrimestres seguintes, uma vez que nas contas anuais do munic\u00edpio referentes ao exerc\u00edcio financeiro posterior (2011), esse gasto chegou aos 64,76%.<\/p>\n<p style=\"text-align: justify;\">O exerc\u00edcio financeiro 2009 da Prefeitura Municipal de Cedro de S\u00e3o Jo\u00e3o, de responsabilidade do ex-prefeito Jailton Santos Rocha, foi considerado irregular devido \u00e0 exist\u00eancia de Relat\u00f3rio de Inspe\u00e7\u00e3o que havia julgado irregular o per\u00edodo compreendido entre agosto e dezembro daquele ano. O gestor ainda destinou 59,35% da receita municipal para despesas com Pessoal, ou seja, tamb\u00e9m acima do limite previsto na LRF.<\/p>\n<p style=\"text-align: justify;\">As contas anuais do exerc\u00edcio 2009 na Prefeitura Municipal de Ribeir\u00f3polis, de responsabilidade da ex-prefeita Evanira do Nascimento Barreto, tiveram entre as irregularidades verificadas pela equipe t\u00e9cnica do Tribunal a diverg\u00eancia de valores no Relat\u00f3rio de Gest\u00e3o Fiscal no tocante \u00e0s despesas com Pessoal, restos a pagar e disponibilidade de caixa em rela\u00e7\u00e3o \u00e0 presta\u00e7\u00e3o de contas, bem como o gasto com pessoal acima do limite permitido pela LRF e a aus\u00eancia de manifesta\u00e7\u00e3o de parecer do conselho de acompanhamento e controle social do Fundeb.<\/p>\n<p style=\"text-align: justify;\">J\u00e1 a emiss\u00e3o de parecer pela rejei\u00e7\u00e3o das contas anuais da Prefeitura Municipal de Lagarto, alusivas ao ano 2007, na gest\u00e3o do ex-prefeito Jos\u00e9 Rodrigues dos Santos, foi motivada pela exist\u00eancia de tr\u00eas processos referentes a esse per\u00edodo julgados irregulares pelo TCE, sendo dois relat\u00f3rios de inspe\u00e7\u00e3o e uma despesa sem licita\u00e7\u00e3o e sem contrato escrito. Neste caso tamb\u00e9m houve excesso nos gastos com Pessoal: 58,23%.<\/p>\n<p style=\"text-align: justify;\"><img loading=\"lazy\" decoding=\"async\" class=\"aligncenter size-full wp-image-104856\" src=\"http:\/\/senoticias.com.br\/se\/wp-content\/uploads\/2017\/07\/Logo-fone-1-2-1-2-4-6-1.jpg\" alt=\"Logo-fone-1-2-1-2-4-6\" width=\"599\" height=\"78\" srcset=\"https:\/\/senoticias.com.br\/se\/wp-content\/uploads\/2017\/07\/Logo-fone-1-2-1-2-4-6-1.jpg 599w, https:\/\/senoticias.com.br\/se\/wp-content\/uploads\/2017\/07\/Logo-fone-1-2-1-2-4-6-1-300x39.jpg 300w\" sizes=\"(max-width: 599px) 100vw, 599px\" \/><\/p>\n<p style=\"text-align: justify;\"><em><strong>Acompanhe tamb\u00e9m o SE Not\u00edcias no\u00a0<a href=\"https:\/\/twitter.com\/Senoticias\" target=\"_blank\">Twitter<\/a>,\u00a0<a href=\"https:\/\/www.facebook.com\/senoticias1\" target=\"_blank\">Facebook<\/a>\u00a0e no\u00a0<a href=\"https:\/\/www.instagram.com\/senoticias\/\" target=\"_blank\">Instagram<\/a><\/strong><\/em><\/p>\n","protected":false},"excerpt":{"rendered":"<p>O Tribunal de Contas do Estado (TCE\/SE) emitiu pareceres pr\u00e9vios pela rejei\u00e7\u00e3o de contas de cinco prefeituras sergipanas na sess\u00e3o plen\u00e1ria da \u00faltima quinta-feira, 13. Foram considerados irregulares exerc\u00edcios financeiros referentes aos munic\u00edpios de Nossa Senhora da Gl\u00f3ria (2015), Boquim (2010), Cedro de S\u00e3o Jo\u00e3o (2009) e Lagarto (2007), em processos relatados pela conselheira Susana [&hellip;]<\/p>\n","protected":false},"author":2,"featured_media":104855,"comment_status":"closed","ping_status":"closed","sticky":false,"template":"","format":"standard","meta":{"footnotes":""},"categories":[15,6],"tags":[4712,4713,2954],"class_list":{"0":"post-104854","1":"post","2":"type-post","3":"status-publish","4":"format-standard","5":"has-post-thumbnail","7":"category-destaques","8":"category-politica","9":"tag-prefeituras-sergipanas","10":"tag-rejeicao-de-contas","11":"tag-tribunal-de-contas"},"_links":{"self":[{"href":"https:\/\/senoticias.com.br\/se\/wp-json\/wp\/v2\/posts\/104854"}],"collection":[{"href":"https:\/\/senoticias.com.br\/se\/wp-json\/wp\/v2\/posts"}],"about":[{"href":"https:\/\/senoticias.com.br\/se\/wp-json\/wp\/v2\/types\/post"}],"author":[{"embeddable":true,"href":"https:\/\/senoticias.com.br\/se\/wp-json\/wp\/v2\/users\/2"}],"replies":[{"embeddable":true,"href":"https:\/\/senoticias.com.br\/se\/wp-json\/wp\/v2\/comments?post=104854"}],"version-history":[{"count":0,"href":"https:\/\/senoticias.com.br\/se\/wp-json\/wp\/v2\/posts\/104854\/revisions"}],"wp:featuredmedia":[{"embeddable":true,"href":"https:\/\/senoticias.com.br\/se\/wp-json\/wp\/v2\/media\/104855"}],"wp:attachment":[{"href":"https:\/\/senoticias.com.br\/se\/wp-json\/wp\/v2\/media?parent=104854"}],"wp:term":[{"taxonomy":"category","embeddable":true,"href":"https:\/\/senoticias.com.br\/se\/wp-json\/wp\/v2\/categories?post=104854"},{"taxonomy":"post_tag","embeddable":true,"href":"https:\/\/senoticias.com.br\/se\/wp-json\/wp\/v2\/tags?post=104854"}],"curies":[{"name":"wp","href":"https:\/\/api.w.org\/{rel}","templated":true}]}}