{"id":104849,"date":"2017-07-14T20:49:09","date_gmt":"2017-07-14T23:49:09","guid":{"rendered":"http:\/\/senoticias.com.br\/se\/?p=104849"},"modified":"2017-07-14T20:52:55","modified_gmt":"2017-07-14T23:52:55","slug":"prefeito-sao-cristovao-recebe-sintese-e-reafirma-compromisso-em-atendar-as-demandas-da-categoria","status":"publish","type":"post","link":"https:\/\/senoticias.com.br\/se\/prefeito-sao-cristovao-recebe-sintese-e-reafirma-compromisso-em-atendar-as-demandas-da-categoria\/","title":{"rendered":"Prefeito S\u00e3o Crist\u00f3v\u00e3o recebe Sintese e reafirma compromisso em atendar demandas da categoria"},"content":{"rendered":"<p style=\"text-align: justify;\">Na tarde de quarta-feira (12), o prefeito de S\u00e3o Crist\u00f3v\u00e3o, Marcos Santana (PMDB) recebeu representantes do Sindicato dos Trabalhadores em Educa\u00e7\u00e3o no Estado de Sergipe (Sintese). A reuni\u00e3o da comiss\u00e3o parit\u00e1ria (formada por membros da gest\u00e3o municipal e dos representantes do Sintese) aconteceu na sede da Procuradoria Municipal e teve por objetivo dar segmento ao minucioso estudo da folha de pagamento do Fundo de Manuten\u00e7\u00e3o e Desenvolvimento da Educa\u00e7\u00e3o B\u00e1sica (Fundeb) e tra\u00e7ar estrat\u00e9gias que delineiem a possibilidade de acordo entre as partes, dando in\u00edcio ao plano de recomposi\u00e7\u00e3o do piso salarial dos professores ainda para este ano.<\/p>\n<div id=\"attachment_104850\" style=\"width: 609px\" class=\"wp-caption aligncenter\"><img loading=\"lazy\" decoding=\"async\" aria-describedby=\"caption-attachment-104850\" class=\"size-full wp-image-104850\" src=\"http:\/\/senoticias.com.br\/se\/wp-content\/uploads\/2017\/07\/Sintese-senoticias-e1500075896562.jpg\" alt=\"O encontro teve como objetivo discutir as reivindica\u00e7\u00f5es das categorias\" width=\"599\" height=\"399\" \/><p id=\"caption-attachment-104850\" class=\"wp-caption-text\">O encontro teve como objetivo discutir as reivindica\u00e7\u00f5es da categoria (foto: M\u00e1rcio Garcez)<\/p><\/div>\n<p style=\"text-align: justify;\">No encontro, Marcos Santana ressaltou a import\u00e2ncia social dos trabalhadores da educa\u00e7\u00e3o e reafirmou o compromisso em atendar as demandas da categoria, principalmente em rela\u00e7\u00e3o \u00e0 recomposi\u00e7\u00e3o das perdas salariais decorrentes das medidas tomadas pela gest\u00e3o anterior (como a redu\u00e7\u00e3o da gratifica\u00e7\u00e3o por reg\u00eancia de classe, de 25 para 1% do sal\u00e1rio base).<\/p>\n<p style=\"text-align: justify;\">\u201cFaremos o poss\u00edvel para fazer com que os professores sejam ressarcidos pelas perdas salarias que tiveram nos \u00faltimos anos. Para tanto, esta comiss\u00e3o precisa adequar as necessidades da categoria \u00e0 receita do munic\u00edpio. Estamos dispostos a negociar para chegar numa conson\u00e2ncia, mas n\u00e3o posso transformar uma realidade em apenas seis meses de gest\u00e3o e sugiro que fa\u00e7amos reuni\u00e3o toda semana, at\u00e9 que se monte um relat\u00f3rio consensual. Quero cumprir minha palavra com a categoria, e para isto preciso da colabora\u00e7\u00e3o de todos para viabilizarmos a recupera\u00e7\u00e3o salarial de forma gradual. Precisamos trabalhar juntos\u201d, enfatizou o prefeito.<\/p>\n<p style=\"text-align: justify;\">Os di\u00e1logos continuam. Esta foi a sexta vez em que o prefeito se reuniu para tratar da valoriza\u00e7\u00e3o do magist\u00e9rio sancristovense. No encontro de hoje ficou acertado que a comiss\u00e3o ir\u00e1 retomar os trabalhos na pr\u00f3xima segunda-feira (17), quando deve-se apresentar o resultado final da an\u00e1lise da folha de pagamento corrigida, com a chancela do Sintese, objetivando que tanto o munic\u00edpio quanto o sindicato tenham um panorama real da categoria. A partir de ent\u00e3o, ser\u00e1 iniciada a rodada de negocia\u00e7\u00f5es entre a gest\u00e3o e o sindicato dos professores.<\/p>\n","protected":false},"excerpt":{"rendered":"<p>Na tarde de quarta-feira (12), o prefeito de S\u00e3o Crist\u00f3v\u00e3o, Marcos Santana (PMDB) recebeu representantes do Sindicato dos Trabalhadores em Educa\u00e7\u00e3o no Estado de Sergipe (Sintese). A reuni\u00e3o da comiss\u00e3o parit\u00e1ria (formada por membros da gest\u00e3o municipal e dos representantes do Sintese) aconteceu na sede da Procuradoria Municipal e teve por objetivo dar segmento ao [&hellip;]<\/p>\n","protected":false},"author":2,"featured_media":104850,"comment_status":"closed","ping_status":"closed","sticky":false,"template":"","format":"standard","meta":{"footnotes":""},"categories":[15],"tags":[4710,1498,4711,3357,677],"class_list":{"0":"post-104849","1":"post","2":"type-post","3":"status-publish","4":"format-standard","5":"has-post-thumbnail","7":"category-destaques","8":"tag-categorias","9":"tag-marcos-santana","10":"tag-prefeito-sao-cristovao","11":"tag-professores","12":"tag-sintese"},"_links":{"self":[{"href":"https:\/\/senoticias.com.br\/se\/wp-json\/wp\/v2\/posts\/104849"}],"collection":[{"href":"https:\/\/senoticias.com.br\/se\/wp-json\/wp\/v2\/posts"}],"about":[{"href":"https:\/\/senoticias.com.br\/se\/wp-json\/wp\/v2\/types\/post"}],"author":[{"embeddable":true,"href":"https:\/\/senoticias.com.br\/se\/wp-json\/wp\/v2\/users\/2"}],"replies":[{"embeddable":true,"href":"https:\/\/senoticias.com.br\/se\/wp-json\/wp\/v2\/comments?post=104849"}],"version-history":[{"count":0,"href":"https:\/\/senoticias.com.br\/se\/wp-json\/wp\/v2\/posts\/104849\/revisions"}],"wp:featuredmedia":[{"embeddable":true,"href":"https:\/\/senoticias.com.br\/se\/wp-json\/wp\/v2\/media\/104850"}],"wp:attachment":[{"href":"https:\/\/senoticias.com.br\/se\/wp-json\/wp\/v2\/media?parent=104849"}],"wp:term":[{"taxonomy":"category","embeddable":true,"href":"https:\/\/senoticias.com.br\/se\/wp-json\/wp\/v2\/categories?post=104849"},{"taxonomy":"post_tag","embeddable":true,"href":"https:\/\/senoticias.com.br\/se\/wp-json\/wp\/v2\/tags?post=104849"}],"curies":[{"name":"wp","href":"https:\/\/api.w.org\/{rel}","templated":true}]}}