{"id":104835,"date":"2017-07-14T12:18:28","date_gmt":"2017-07-14T15:18:28","guid":{"rendered":"http:\/\/senoticias.com.br\/se\/?p=104835"},"modified":"2017-07-16T15:09:32","modified_gmt":"2017-07-16T18:09:32","slug":"decreto-detalha-os-valores-que-serao-pagos-aos-beneficiarios-do-cartao-reforma","status":"publish","type":"post","link":"https:\/\/senoticias.com.br\/se\/decreto-detalha-os-valores-que-serao-pagos-aos-beneficiarios-do-cartao-reforma\/","title":{"rendered":"Governo detalha os valores que ser\u00e3o pagos aos benefici\u00e1rios do Cart\u00e3o Reforma"},"content":{"rendered":"<p style=\"text-align: justify;\">Foi publicado hoje (14), no Di\u00e1rio Oficial da Uni\u00e3o, o decreto que detalha os valores que ser\u00e3o pagos aos benefici\u00e1rios do Cart\u00e3o Reforma, do governo federal. O programa visa a melhorar as condi\u00e7\u00f5es de vida de fam\u00edlias com renda mensal de at\u00e9 R$ 2.811, por meio da reforma, amplia\u00e7\u00e3o ou conclus\u00e3o das moradias, sem necessidade de devolu\u00e7\u00e3o posterior do valor.<\/p>\n<div id=\"attachment_104836\" style=\"width: 609px\" class=\"wp-caption aligncenter\"><img loading=\"lazy\" decoding=\"async\" aria-describedby=\"caption-attachment-104836\" class=\"size-full wp-image-104836\" src=\"http:\/\/senoticias.com.br\/se\/wp-content\/uploads\/2017\/07\/caratoa-reforma-senoticias-e1500045388560.jpg\" alt=\"Cart\u00e3o Reforma foi lan\u00e7ado em novembro do ano passado\" width=\"599\" height=\"465\" \/><p id=\"caption-attachment-104836\" class=\"wp-caption-text\">Cart\u00e3o Reforma foi lan\u00e7ado em novembro do ano passado (foto: arquivo\/Ag\u00eancia Brasil)<\/p><\/div>\n<p style=\"text-align: justify;\">O aux\u00edlio varia conforme a categoria de obra planejada e a composi\u00e7\u00e3o da fam\u00edlia. Obras para fazer o sistema de esgoto sanit\u00e1rio poder\u00e3o ser favorecidas com, no m\u00e1ximo, R$ 1.645,88. J\u00e1 as fam\u00edlias que quiserem ampliar moradias com mais de tr\u00eas moradores por dormit\u00f3rio receber\u00e3o at\u00e9 R$ 8.048,18. Resid\u00eancias sem banheiro de uso exclusivo ser\u00e3o custeadas com at\u00e9 R$ 5.009,84 e domic\u00edlios com cobertura inadequada, com at\u00e9 R$ 4.594,59.<\/p>\n<p style=\"text-align: justify;\">Caso o objetivo seja concluir a constru\u00e7\u00e3o, a fam\u00edlia poder\u00e1 obter um aux\u00edlio de R$ 7.000,21. Esse valor poder\u00e1 ser destinado \u00e0 complementa\u00e7\u00e3o de instala\u00e7\u00f5es el\u00e9tricas e hidrossanit\u00e1rias, a revestimentos internos ou externos, incluindo pintura, e a forros e reforma da cobertura. Nessa classe, tamb\u00e9m s\u00e3o englobadas a instala\u00e7\u00e3o de pisos e esquadrias e a adapta\u00e7\u00e3o do im\u00f3vel para acessibilidade.<\/p>\n<p><strong>Crit\u00e9rios para ades\u00e3o<\/strong><\/p>\n<p style=\"text-align: justify;\">O benefici\u00e1rio dever\u00e1 residir no local da reforma. Ele fica respons\u00e1vel por fornecer m\u00e3o de obra, equipamentos e ferramentas para a execu\u00e7\u00e3o dos servi\u00e7os, mas contar\u00e1 com assist\u00eancia t\u00e9cnica de profissionais da \u00e1rea, que far\u00e3o visitas peri\u00f3dicas. A contribui\u00e7\u00e3o poder\u00e1 ser concedida mais de uma vez \u00e0 fam\u00edlia, desde que n\u00e3o ultrapasse R$ 9.646,07.<\/p>\n<p style=\"text-align: justify;\">Poder\u00e3o aderir ao programa maiores de 18 anos ou emancipados. Outro pr\u00e9-requisito \u00e9 possuir um celular habilitado para receber SMS. \u00c9 necess\u00e1rio que o im\u00f3vel seja o \u00fanico da fam\u00edlia e esteja em \u00e1rea regularizada. Im\u00f3veis em precariedade extrema, como aqueles formados por taipa n\u00e3o revestida, madeira aproveitada e palha, n\u00e3o s\u00e3o abrangidos pelo programa.<\/p>\n<p style=\"text-align: justify;\">A publica\u00e7\u00e3o complementa o decreto publicado no final de junho, que determinava as condi\u00e7\u00f5es para recebimento do subs\u00eddio. Ela esclarecia ainda que o cart\u00e3o tem validade de um ano e que o valor disponibilizado \u00e9 parcelado.<\/p>\n<p style=\"text-align: justify;\">A meta do Minist\u00e9rio das Cidades \u00e9 de 170 mil fam\u00edlias beneficiadas at\u00e9 o t\u00e9rmino de 2018. A pasta ainda definir\u00e1 os limites de subven\u00e7\u00e3o distribu\u00edda a cada estado e munic\u00edpio, com base no Censo 2010 do Instituto Brasileiro de Geografia e Estat\u00edstica (IBGE). Os interessados, vendedores de materiais de constru\u00e7\u00e3o e entes apoiadores podem consultar mais informa\u00e7\u00f5es no site oficial do programa.<\/p>\n<p style=\"text-align: justify;\"><img loading=\"lazy\" decoding=\"async\" class=\"aligncenter size-full wp-image-104544\" src=\"http:\/\/senoticias.com.br\/se\/wp-content\/uploads\/2017\/07\/Logo-fone-1-2-1-2-4-6.jpg\" alt=\"Logo-fone-1-2-1-2-4-6\" width=\"599\" height=\"78\" srcset=\"https:\/\/senoticias.com.br\/se\/wp-content\/uploads\/2017\/07\/Logo-fone-1-2-1-2-4-6.jpg 599w, https:\/\/senoticias.com.br\/se\/wp-content\/uploads\/2017\/07\/Logo-fone-1-2-1-2-4-6-300x39.jpg 300w\" sizes=\"(max-width: 599px) 100vw, 599px\" \/><\/p>\n<p style=\"text-align: justify;\"><em><strong>Acompanhe tamb\u00e9m o SE Not\u00edcias no\u00a0<a href=\"https:\/\/twitter.com\/Senoticias\" target=\"_blank\">Twitter<\/a>,\u00a0<a href=\"https:\/\/www.facebook.com\/senoticias1\" target=\"_blank\">Facebook<\/a>\u00a0e no\u00a0<a href=\"https:\/\/www.instagram.com\/senoticias\/\" target=\"_blank\">Instagram<\/a><\/strong><\/em><\/p>\n<p><em>por Letycia Bond &#8211; Rep\u00f3rter da Ag\u00eancia Brasil<\/em><\/p>\n","protected":false},"excerpt":{"rendered":"<p>Foi publicado hoje (14), no Di\u00e1rio Oficial da Uni\u00e3o, o decreto que detalha os valores que ser\u00e3o pagos aos benefici\u00e1rios do Cart\u00e3o Reforma, do governo federal. O programa visa a melhorar as condi\u00e7\u00f5es de vida de fam\u00edlias com renda mensal de at\u00e9 R$ 2.811, por meio da reforma, amplia\u00e7\u00e3o ou conclus\u00e3o das moradias, sem necessidade [&hellip;]<\/p>\n","protected":false},"author":2,"featured_media":104836,"comment_status":"closed","ping_status":"closed","sticky":false,"template":"","format":"standard","meta":{"footnotes":""},"categories":[15,6],"tags":[4701,4700,4702],"class_list":{"0":"post-104835","1":"post","2":"type-post","3":"status-publish","4":"format-standard","5":"has-post-thumbnail","7":"category-destaques","8":"category-politica","9":"tag-beneficiarios","10":"tag-cartao-reforma","11":"tag-decreto-detalha"},"_links":{"self":[{"href":"https:\/\/senoticias.com.br\/se\/wp-json\/wp\/v2\/posts\/104835"}],"collection":[{"href":"https:\/\/senoticias.com.br\/se\/wp-json\/wp\/v2\/posts"}],"about":[{"href":"https:\/\/senoticias.com.br\/se\/wp-json\/wp\/v2\/types\/post"}],"author":[{"embeddable":true,"href":"https:\/\/senoticias.com.br\/se\/wp-json\/wp\/v2\/users\/2"}],"replies":[{"embeddable":true,"href":"https:\/\/senoticias.com.br\/se\/wp-json\/wp\/v2\/comments?post=104835"}],"version-history":[{"count":0,"href":"https:\/\/senoticias.com.br\/se\/wp-json\/wp\/v2\/posts\/104835\/revisions"}],"wp:featuredmedia":[{"embeddable":true,"href":"https:\/\/senoticias.com.br\/se\/wp-json\/wp\/v2\/media\/104836"}],"wp:attachment":[{"href":"https:\/\/senoticias.com.br\/se\/wp-json\/wp\/v2\/media?parent=104835"}],"wp:term":[{"taxonomy":"category","embeddable":true,"href":"https:\/\/senoticias.com.br\/se\/wp-json\/wp\/v2\/categories?post=104835"},{"taxonomy":"post_tag","embeddable":true,"href":"https:\/\/senoticias.com.br\/se\/wp-json\/wp\/v2\/tags?post=104835"}],"curies":[{"name":"wp","href":"https:\/\/api.w.org\/{rel}","templated":true}]}}