{"id":104830,"date":"2017-07-14T06:16:04","date_gmt":"2017-07-14T09:16:04","guid":{"rendered":"http:\/\/senoticias.com.br\/se\/?p=104830"},"modified":"2017-07-15T07:22:59","modified_gmt":"2017-07-15T10:22:59","slug":"secretario-de-justica-defende-responsabilizacao-das-empresas-telefonicas-para-bloqueio-de-sinais-nos-presidios","status":"publish","type":"post","link":"https:\/\/senoticias.com.br\/se\/secretario-de-justica-defende-responsabilizacao-das-empresas-telefonicas-para-bloqueio-de-sinais-nos-presidios\/","title":{"rendered":"Secret\u00e1rio de Justi\u00e7a defende responsabiliza\u00e7\u00e3o das empresas telef\u00f4nicas para bloqueio de sinais nos pres\u00eddios"},"content":{"rendered":"<p style=\"text-align: justify;\">O secret\u00e1rio de Justi\u00e7a e Defesa do Consumidor, Cristiano Barreto, defendeu hoje, 13, em Bras\u00edlia, a necessidade emergencial de enfrentamento, pelo Minist\u00e9rio da Justi\u00e7a e Seguran\u00e7a P\u00fablica, para responsabilizar as operadores de telefonia m\u00f3vel no bloqueio de sinais nas unidades prisionais. A defesa foi feita durante a reuni\u00e3o trimestral do Conselho Nacional dos Secret\u00e1rios de Estado da Justi\u00e7a, Cidadania, Direitos Humanos e Administra\u00e7\u00e3o Penitenci\u00e1ria (Consej), que ocorre no Minist\u00e9rio da Justi\u00e7a e Seguran\u00e7a P\u00fablica e foi aberta pela manh\u00e3, pelo ministro Torquato Jardim.<\/p>\n<div id=\"attachment_104831\" style=\"width: 609px\" class=\"wp-caption aligncenter\"><img loading=\"lazy\" decoding=\"async\" aria-describedby=\"caption-attachment-104831\" class=\"size-full wp-image-104831\" src=\"http:\/\/senoticias.com.br\/se\/wp-content\/uploads\/2017\/07\/852df023f729a6746e939d880d460535-e1500023869355.jpg\" alt=\"Secret\u00e1rio de Justi\u00e7a defende responsabiliza\u00e7\u00e3o das empresas telef\u00f4nicas para bloqueio de sinais nos pres\u00eddios : Fotos: Isaac Amorim\/MJSP\" width=\"599\" height=\"409\" \/><p id=\"caption-attachment-104831\" class=\"wp-caption-text\">Secret\u00e1rio de Justi\u00e7a defende responsabiliza\u00e7\u00e3o das empresas telef\u00f4nicas para bloqueio de sinais nos pres\u00eddios. (Foto: Isaac Amorim\/MJSP)<\/p><\/div>\n<p style=\"text-align: justify;\">Cristiano, que representa o Nordeste no Consej, num forte pronunciamento, disse que \u201cn\u00e3o se pode mais adotar medidas paliativas que s\u00e3o constantemente dribladas pelas concession\u00e1rias p\u00fablicas. Temos que tratar a situa\u00e7\u00e3o como quest\u00e3o de seguran\u00e7a nacional, pois todos sabem que a criminalidade continua a agir de dentro dos pres\u00eddios, atrav\u00e9s do uso de aparelho telef\u00f4nico\u201d.<\/p>\n<p style=\"text-align: justify;\">Al\u00e9m disso, Cristiano defendeu a libera\u00e7\u00e3o e descontigenciamento dos recursos do Fundo Penitenci\u00e1rio para o reaparelhamento e melhorias nas condi\u00e7\u00f5es de trabalho dos servidores do sistema prisional.<\/p>\n<p style=\"text-align: justify;\">Unifica\u00e7\u00e3o \u2013 O encontro reuniu autoridades de 23 estados brasileiros e Distrito Federal, al\u00e9m do diretor-geral do Departamento Penitenci\u00e1rio Nacional (Depen), Marco Ant\u00f4nio Severo. O ministro da Justi\u00e7a, Torquato Jardim, destacou, na abertura do evento que o primeiro eixo de trabalho por ele estabelecido \u00e9 seguran\u00e7a p\u00fablica, tecnologia e integra\u00e7\u00e3o.<\/p>\n<p style=\"text-align: justify;\">\u201cA seguran\u00e7a p\u00fablica \u00e9 uma prioridade de n\u00f3s todos; foi a primeira demanda que o presidente Michel Temer destacou quando me colocou neste cargo. Os fatos, as estat\u00edsticas revelam por si pr\u00f3prias a relev\u00e2ncia do tema\u201d, explanou.<\/p>\n<p style=\"text-align: justify;\">Torquato acrescentou que a op\u00e7\u00e3o tecnol\u00f3gica integrada dos \u00f3rg\u00e3os de seguran\u00e7a ampliar\u00e1 a efic\u00e1cia da opera\u00e7\u00e3o, com redu\u00e7\u00e3o de custos na execu\u00e7\u00e3o. \u201c\u00c9 isso que n\u00f3s vamos precisar na \u00e1rea de seguran\u00e7a: integra\u00e7\u00e3o\u201d, avisou.<\/p>\n<p style=\"text-align: justify;\">O ministro avisou que j\u00e1 adotou uma primeira medida para direcionar o vi\u00e9s tecnol\u00f3gico da sua gest\u00e3o \u00e0s a\u00e7\u00f5es da pasta: unifica\u00e7\u00e3o das licita\u00e7\u00f5es destinadas \u00e0 aquisi\u00e7\u00e3o de equipamentos de tecnologia. A pasta concentra, lembrou ele, todas as aquisi\u00e7\u00f5es destinadas a operacionaliza\u00e7\u00e3o de suas atribui\u00e7\u00f5es via Secretaria Nacional de Seguran\u00e7a P\u00fablica (Senasp), Pol\u00edcia Federal, Pol\u00edcia Rodovi\u00e1ria Federal, Depen e Funai.<\/p>\n<p style=\"text-align: justify;\">\u201cEssas medidas s\u00e3o importantes para que tenhamos ent\u00e3o a capacidade operacional, entre Uni\u00e3o e estado, e eventualmente Uni\u00e3o, estado e munic\u00edpio, e chegarmos onde temos de chegar, com a velocidade necess\u00e1ria \u00e0 repress\u00e3o do crime\u201d, formulou. Na sua an\u00e1lise, a integra\u00e7\u00e3o dever\u00e1 resultar na otimiza\u00e7\u00e3o da atua\u00e7\u00e3o de todos.<\/p>\n<p style=\"text-align: justify;\"><img loading=\"lazy\" decoding=\"async\" class=\"aligncenter size-full wp-image-104544\" src=\"http:\/\/senoticias.com.br\/se\/wp-content\/uploads\/2017\/07\/Logo-fone-1-2-1-2-4-6.jpg\" alt=\"Logo-fone-1-2-1-2-4-6\" width=\"599\" height=\"78\" srcset=\"https:\/\/senoticias.com.br\/se\/wp-content\/uploads\/2017\/07\/Logo-fone-1-2-1-2-4-6.jpg 599w, https:\/\/senoticias.com.br\/se\/wp-content\/uploads\/2017\/07\/Logo-fone-1-2-1-2-4-6-300x39.jpg 300w\" sizes=\"(max-width: 599px) 100vw, 599px\" \/><\/p>\n<p style=\"text-align: justify;\"><em><strong>Acompanhe tamb\u00e9m o SE Not\u00edcias no\u00a0<a href=\"https:\/\/twitter.com\/Senoticias\" target=\"_blank\">Twitter<\/a>,\u00a0<a href=\"https:\/\/www.facebook.com\/senoticias1\" target=\"_blank\">Facebook<\/a>\u00a0e no\u00a0<a href=\"https:\/\/www.instagram.com\/senoticias\/\" target=\"_blank\">Instagram<\/a><\/strong><\/em><\/p>\n<p style=\"text-align: justify;\"><em>Ag\u00eancia Sergipe de Not\u00edcias<\/em><\/p>\n<p style=\"text-align: justify;\">\n","protected":false},"excerpt":{"rendered":"<p>O secret\u00e1rio de Justi\u00e7a e Defesa do Consumidor, Cristiano Barreto, defendeu hoje, 13, em Bras\u00edlia, a necessidade emergencial de enfrentamento, pelo Minist\u00e9rio da Justi\u00e7a e Seguran\u00e7a P\u00fablica, para responsabilizar as operadores de telefonia m\u00f3vel no bloqueio de sinais nas unidades prisionais. A defesa foi feita durante a reuni\u00e3o trimestral do Conselho Nacional dos Secret\u00e1rios de [&hellip;]<\/p>\n","protected":false},"author":2,"featured_media":104831,"comment_status":"closed","ping_status":"closed","sticky":false,"template":"","format":"standard","meta":{"footnotes":""},"categories":[15,6],"tags":[4695,4694,4696,4697,4693],"class_list":{"0":"post-104830","1":"post","2":"type-post","3":"status-publish","4":"format-standard","5":"has-post-thumbnail","7":"category-destaques","8":"category-politica","9":"tag-bloqueio-de-sinais","10":"tag-empresas-telefonicas","11":"tag-presidios","12":"tag-responsabilizacao","13":"tag-secretario-de-justica"},"_links":{"self":[{"href":"https:\/\/senoticias.com.br\/se\/wp-json\/wp\/v2\/posts\/104830"}],"collection":[{"href":"https:\/\/senoticias.com.br\/se\/wp-json\/wp\/v2\/posts"}],"about":[{"href":"https:\/\/senoticias.com.br\/se\/wp-json\/wp\/v2\/types\/post"}],"author":[{"embeddable":true,"href":"https:\/\/senoticias.com.br\/se\/wp-json\/wp\/v2\/users\/2"}],"replies":[{"embeddable":true,"href":"https:\/\/senoticias.com.br\/se\/wp-json\/wp\/v2\/comments?post=104830"}],"version-history":[{"count":0,"href":"https:\/\/senoticias.com.br\/se\/wp-json\/wp\/v2\/posts\/104830\/revisions"}],"wp:featuredmedia":[{"embeddable":true,"href":"https:\/\/senoticias.com.br\/se\/wp-json\/wp\/v2\/media\/104831"}],"wp:attachment":[{"href":"https:\/\/senoticias.com.br\/se\/wp-json\/wp\/v2\/media?parent=104830"}],"wp:term":[{"taxonomy":"category","embeddable":true,"href":"https:\/\/senoticias.com.br\/se\/wp-json\/wp\/v2\/categories?post=104830"},{"taxonomy":"post_tag","embeddable":true,"href":"https:\/\/senoticias.com.br\/se\/wp-json\/wp\/v2\/tags?post=104830"}],"curies":[{"name":"wp","href":"https:\/\/api.w.org\/{rel}","templated":true}]}}