{"id":104829,"date":"2017-07-14T06:04:16","date_gmt":"2017-07-14T09:04:16","guid":{"rendered":"http:\/\/senoticias.com.br\/se\/?p=104829"},"modified":"2017-07-14T21:14:28","modified_gmt":"2017-07-15T00:14:28","slug":"procon-estadual-alerta-sobre-materiais-solicitados-na-matricula-escolar","status":"publish","type":"post","link":"https:\/\/senoticias.com.br\/se\/procon-estadual-alerta-sobre-materiais-solicitados-na-matricula-escolar\/","title":{"rendered":"Procon Estadual alerta sobre materiais solicitados na matr\u00edcula escolar"},"content":{"rendered":"<p style=\"text-align: justify;\">Embora n\u00e3o seja um per\u00edodo de matr\u00edculas escolares, a Coordenadoria Estadual de Defesa do Consumidor (Procon) foi alertado por um pai de aluno sobre a exig\u00eancia de escolas neste per\u00edodo, por isso chama a aten\u00e7\u00e3o para que seja estritamente observado o que diz o C\u00f3digo de Defesa do Consumidor. Isso porque, as escolas s\u00e3o proibidas de exigir alguns materiais e s\u00f3 devem ser pedidos aqueles que s\u00e3o de uso exclusivo dos alunos. Os materiais de uso coletivos devem estar inclu\u00eddos na mensalidade paga pelos pais.<\/p>\n<div id=\"attachment_74640\" style=\"width: 590px\" class=\"wp-caption aligncenter\"><img loading=\"lazy\" decoding=\"async\" aria-describedby=\"caption-attachment-74640\" class=\"size-full wp-image-74640\" src=\"http:\/\/senoticias.com.br\/se\/wp-content\/uploads\/2015\/01\/material_escolar.jpg\" alt=\"Procon SE alerta sobre materiais solicitados na matr\u00edcula escolar escolarArquivo\/Ag\u00eancia Brasil\" width=\"580\" height=\"388\" srcset=\"https:\/\/senoticias.com.br\/se\/wp-content\/uploads\/2015\/01\/material_escolar.jpg 580w, https:\/\/senoticias.com.br\/se\/wp-content\/uploads\/2015\/01\/material_escolar-300x200.jpg 300w, https:\/\/senoticias.com.br\/se\/wp-content\/uploads\/2015\/01\/material_escolar-342x228.jpg 342w\" sizes=\"(max-width: 580px) 100vw, 580px\" \/><p id=\"caption-attachment-74640\" class=\"wp-caption-text\">Procon SE alerta sobre materiais solicitados na matr\u00edcula escolar escolar. (Foto: Arquivo\/Ag\u00eancia Brasil<\/p><\/div>\n<p style=\"text-align: justify;\">De acordo com o Procon, as escolas tamb\u00e9m est\u00e3o proibidas de obrigarem aos pais a compra de materiais e uniformes no pr\u00f3prio estabelecimento de ensino. Segundo o C\u00f3digo de Defesa do Consumidor, essa pr\u00e1tica \u00e9 venda casada e \u00e9 considerada uma infra\u00e7\u00e3o, tendo assim as escolas a obriga\u00e7\u00e3o de fornecer a lista de materiais aos alunos para que os pais possam pesquisar pre\u00e7os e escolher o fornecedor de sua prefer\u00eancia devendo, ainda assim, respeitarem as regras definidas pela escola em rela\u00e7\u00e3o a cores e s\u00edmbolos do fardamento.<\/p>\n<p style=\"text-align: justify;\">Os materiais proibidos s\u00e3o: \u00e1lcool, gliter, algod\u00e3o, grampos e grampeadores, balde de praia, isopor, bal\u00f5es e bola de sopro, jogos em geral, brinquedos, len\u00e7os descart\u00e1veis, caneta para lousa, livros de pl\u00e1stico para banho, canudinhos, lixa em geral, cartolinas, massa de modelar, cola em geral, material de escrit\u00f3rio (sem uso individual), copos descart\u00e1veis, material de limpeza em geral, cord\u00e3o, medicamentos, creme dental, palitos (picol\u00e9, churrasco e dente), elastex, papel A4 (m\u00e1ximo de uma resma), envelopes, papel higi\u00eanico, papel-of\u00edcio colorido, fantoches, pincel at\u00f4mico, feltro, pincel para pintura, fitas adesivas em geral, pratos descart\u00e1veis, fitilhos e fitas, pregadores de roupas, flanelas de l\u00e3, produtos de inform\u00e1tica, garrafas para \u00e1gua, sacos pl\u00e1sticos, gibi, tinta em geral, giz em geral, tonner para impressora. \u00c9 proibido tamb\u00e9m a cobran\u00e7a de taxa de material escolar al\u00e9m dos estipulados no quantitativo, sendo caracterizado como infra\u00e7\u00e3o do direito do consumidor.<\/p>\n<p style=\"text-align: justify;\"><img loading=\"lazy\" decoding=\"async\" class=\"aligncenter size-full wp-image-104544\" src=\"http:\/\/senoticias.com.br\/se\/wp-content\/uploads\/2017\/07\/Logo-fone-1-2-1-2-4-6.jpg\" alt=\"Logo-fone-1-2-1-2-4-6\" width=\"599\" height=\"78\" srcset=\"https:\/\/senoticias.com.br\/se\/wp-content\/uploads\/2017\/07\/Logo-fone-1-2-1-2-4-6.jpg 599w, https:\/\/senoticias.com.br\/se\/wp-content\/uploads\/2017\/07\/Logo-fone-1-2-1-2-4-6-300x39.jpg 300w\" sizes=\"(max-width: 599px) 100vw, 599px\" \/><\/p>\n<p style=\"text-align: justify;\"><em><strong>Acompanhe tamb\u00e9m o SE Not\u00edcias no\u00a0<a href=\"https:\/\/twitter.com\/Senoticias\" target=\"_blank\">Twitter<\/a>,\u00a0<a href=\"https:\/\/www.facebook.com\/senoticias1\" target=\"_blank\">Facebook<\/a>\u00a0e no\u00a0<a href=\"https:\/\/www.instagram.com\/senoticias\/\" target=\"_blank\">Instagram<\/a><\/strong><\/em><\/p>\n<p style=\"text-align: justify;\"><em>Da Ag\u00eancia Sergipe<\/em><\/p>\n","protected":false},"excerpt":{"rendered":"<p>Embora n\u00e3o seja um per\u00edodo de matr\u00edculas escolares, a Coordenadoria Estadual de Defesa do Consumidor (Procon) foi alertado por um pai de aluno sobre a exig\u00eancia de escolas neste per\u00edodo, por isso chama a aten\u00e7\u00e3o para que seja estritamente observado o que diz o C\u00f3digo de Defesa do Consumidor. Isso porque, as escolas s\u00e3o proibidas [&hellip;]<\/p>\n","protected":false},"author":2,"featured_media":74640,"comment_status":"closed","ping_status":"closed","sticky":false,"template":"","format":"standard","meta":{"footnotes":""},"categories":[15,6],"tags":[4692,4691,4690],"class_list":{"0":"post-104829","1":"post","2":"type-post","3":"status-publish","4":"format-standard","5":"has-post-thumbnail","7":"category-destaques","8":"category-politica","9":"tag-materiais","10":"tag-matricula-escolar","11":"tag-procon-estadual"},"_links":{"self":[{"href":"https:\/\/senoticias.com.br\/se\/wp-json\/wp\/v2\/posts\/104829"}],"collection":[{"href":"https:\/\/senoticias.com.br\/se\/wp-json\/wp\/v2\/posts"}],"about":[{"href":"https:\/\/senoticias.com.br\/se\/wp-json\/wp\/v2\/types\/post"}],"author":[{"embeddable":true,"href":"https:\/\/senoticias.com.br\/se\/wp-json\/wp\/v2\/users\/2"}],"replies":[{"embeddable":true,"href":"https:\/\/senoticias.com.br\/se\/wp-json\/wp\/v2\/comments?post=104829"}],"version-history":[{"count":0,"href":"https:\/\/senoticias.com.br\/se\/wp-json\/wp\/v2\/posts\/104829\/revisions"}],"wp:featuredmedia":[{"embeddable":true,"href":"https:\/\/senoticias.com.br\/se\/wp-json\/wp\/v2\/media\/74640"}],"wp:attachment":[{"href":"https:\/\/senoticias.com.br\/se\/wp-json\/wp\/v2\/media?parent=104829"}],"wp:term":[{"taxonomy":"category","embeddable":true,"href":"https:\/\/senoticias.com.br\/se\/wp-json\/wp\/v2\/categories?post=104829"},{"taxonomy":"post_tag","embeddable":true,"href":"https:\/\/senoticias.com.br\/se\/wp-json\/wp\/v2\/tags?post=104829"}],"curies":[{"name":"wp","href":"https:\/\/api.w.org\/{rel}","templated":true}]}}