{"id":104827,"date":"2017-07-14T05:43:09","date_gmt":"2017-07-14T08:43:09","guid":{"rendered":"http:\/\/senoticias.com.br\/se\/?p=104827"},"modified":"2017-07-14T05:43:09","modified_gmt":"2017-07-14T08:43:09","slug":"homem-e-assassinado-na-avenida-sao-paulo","status":"publish","type":"post","link":"https:\/\/senoticias.com.br\/se\/homem-e-assassinado-na-avenida-sao-paulo\/","title":{"rendered":"Homem \u00e9 assassinado na Avenida S\u00e3o Paulo"},"content":{"rendered":"<p style=\"text-align: justify;\">No in\u00edcio da noite desta quinta-feira, 12, um homem foi executado com seis tiros de arma de fogo na Avenida S\u00e3o Paulo, zona norte de Aracaju.<\/p>\n<div id=\"attachment_104828\" style=\"width: 609px\" class=\"wp-caption aligncenter\"><img loading=\"lazy\" decoding=\"async\" aria-describedby=\"caption-attachment-104828\" class=\"size-full wp-image-104828\" src=\"http:\/\/senoticias.com.br\/se\/wp-content\/uploads\/2017\/07\/Assassinado-senoticias-e1500021674329.jpeg\" alt=\"Homem foi assassinado na Avenida S\u00e3o Paulo. (Foto: redes sociais)\" width=\"599\" height=\"447\" \/><p id=\"caption-attachment-104828\" class=\"wp-caption-text\">Homem foi assassinado na Avenida S\u00e3o Paulo. (Foto: redes sociais)<\/p><\/div>\n<p style=\"text-align: justify;\">Segundo informa\u00e7\u00f5es da Pol\u00edcia Militar, a v\u00edtima estava com dinheiro e documentos, mas nada foi levado.<\/p>\n<p style=\"text-align: justify;\">Os agentes da SMTT de Aracaju isolaram a \u00e1rea para que a criminal\u00edstica pudesse fazer a per\u00edcia e para que o carro do Instituto M\u00e9dico Legal pudesse recolher o corpo da v\u00edtima.<\/p>\n<p style=\"text-align: justify;\"><img loading=\"lazy\" decoding=\"async\" class=\"aligncenter size-full wp-image-104544\" src=\"http:\/\/senoticias.com.br\/se\/wp-content\/uploads\/2017\/07\/Logo-fone-1-2-1-2-4-6.jpg\" alt=\"Logo-fone-1-2-1-2-4-6\" width=\"599\" height=\"78\" srcset=\"https:\/\/senoticias.com.br\/se\/wp-content\/uploads\/2017\/07\/Logo-fone-1-2-1-2-4-6.jpg 599w, https:\/\/senoticias.com.br\/se\/wp-content\/uploads\/2017\/07\/Logo-fone-1-2-1-2-4-6-300x39.jpg 300w\" sizes=\"(max-width: 599px) 100vw, 599px\" \/><\/p>\n<p style=\"text-align: justify;\"><em><strong>Acompanhe tamb\u00e9m o SE Not\u00edcias no\u00a0<a href=\"https:\/\/twitter.com\/Senoticias\" target=\"_blank\">Twitter<\/a>,\u00a0<a href=\"https:\/\/www.facebook.com\/senoticias1\" target=\"_blank\">Facebook<\/a>\u00a0e no\u00a0<a href=\"https:\/\/www.instagram.com\/senoticias\/\" target=\"_blank\">Instagram<\/a><\/strong><\/em><\/p>\n<p style=\"text-align: justify;\"><em>Reda\u00e7\u00e3o SE Not\u00edcias<\/em><\/p>\n","protected":false},"excerpt":{"rendered":"<p>No in\u00edcio da noite desta quinta-feira, 12, um homem foi executado com seis tiros de arma de fogo na Avenida S\u00e3o Paulo, zona norte de Aracaju. Segundo informa\u00e7\u00f5es da Pol\u00edcia Militar, a v\u00edtima estava com dinheiro e documentos, mas nada foi levado. Os agentes da SMTT de Aracaju isolaram a \u00e1rea para que a criminal\u00edstica [&hellip;]<\/p>\n","protected":false},"author":2,"featured_media":104828,"comment_status":"closed","ping_status":"closed","sticky":false,"template":"","format":"standard","meta":{"footnotes":""},"categories":[7],"tags":[],"class_list":{"0":"post-104827","1":"post","2":"type-post","3":"status-publish","4":"format-standard","5":"has-post-thumbnail","7":"category-policia"},"_links":{"self":[{"href":"https:\/\/senoticias.com.br\/se\/wp-json\/wp\/v2\/posts\/104827"}],"collection":[{"href":"https:\/\/senoticias.com.br\/se\/wp-json\/wp\/v2\/posts"}],"about":[{"href":"https:\/\/senoticias.com.br\/se\/wp-json\/wp\/v2\/types\/post"}],"author":[{"embeddable":true,"href":"https:\/\/senoticias.com.br\/se\/wp-json\/wp\/v2\/users\/2"}],"replies":[{"embeddable":true,"href":"https:\/\/senoticias.com.br\/se\/wp-json\/wp\/v2\/comments?post=104827"}],"version-history":[{"count":0,"href":"https:\/\/senoticias.com.br\/se\/wp-json\/wp\/v2\/posts\/104827\/revisions"}],"wp:featuredmedia":[{"embeddable":true,"href":"https:\/\/senoticias.com.br\/se\/wp-json\/wp\/v2\/media\/104828"}],"wp:attachment":[{"href":"https:\/\/senoticias.com.br\/se\/wp-json\/wp\/v2\/media?parent=104827"}],"wp:term":[{"taxonomy":"category","embeddable":true,"href":"https:\/\/senoticias.com.br\/se\/wp-json\/wp\/v2\/categories?post=104827"},{"taxonomy":"post_tag","embeddable":true,"href":"https:\/\/senoticias.com.br\/se\/wp-json\/wp\/v2\/tags?post=104827"}],"curies":[{"name":"wp","href":"https:\/\/api.w.org\/{rel}","templated":true}]}}