{"id":104819,"date":"2017-07-13T16:05:09","date_gmt":"2017-07-13T19:05:09","guid":{"rendered":"http:\/\/senoticias.com.br\/se\/?p=104819"},"modified":"2017-07-13T16:05:09","modified_gmt":"2017-07-13T19:05:09","slug":"mercado-albano-franco-fecha-na-proxima-segunda-feira-para-limpeza","status":"publish","type":"post","link":"https:\/\/senoticias.com.br\/se\/mercado-albano-franco-fecha-na-proxima-segunda-feira-para-limpeza\/","title":{"rendered":"Mercado Albano Franco fecha na pr\u00f3xima segunda-feira para limpeza"},"content":{"rendered":"<div style=\"text-align: justify;\">Buscando tornar os espa\u00e7os p\u00fablicos mais atrativos e preservados para os mun\u00edcipes, a Prefeitura de Aracaju tem intensificado a manuten\u00e7\u00e3o e limpeza em mercados p\u00fablicos da capital. Com isso, a Empresa Municipal de Servi\u00e7os Urbanos (Emsurb) informa que o Mercado Central Albano Franco ser\u00e1 fechado ao p\u00fablico, na terceira segunda-feira de cada m\u00eas.<\/div>\n<div style=\"text-align: justify;\"><\/div>\n<div style=\"text-align: justify;\">A a\u00e7\u00e3o, que come\u00e7a no pr\u00f3ximo dia 17, tem como finalidade realizar uma higieniza\u00e7\u00e3o mais intensa, de todos os setores, com a execu\u00e7\u00e3o de servi\u00e7os de dedetiza\u00e7\u00e3o, desratiza\u00e7\u00e3o, varri\u00e7\u00e3o, retirada de res\u00edduos e lavagem do espa\u00e7o.<\/div>\n<div style=\"text-align: justify;\"><\/div>\n<div style=\"text-align: justify;\">\n<div id=\"attachment_104820\" style=\"width: 609px\" class=\"wp-caption aligncenter\"><img loading=\"lazy\" decoding=\"async\" aria-describedby=\"caption-attachment-104820\" class=\"size-full wp-image-104820\" src=\"http:\/\/senoticias.com.br\/se\/wp-content\/uploads\/2017\/07\/mercado-SENOTICIAS-e1499972651673.jpeg\" alt=\"Foto: AAN\" width=\"599\" height=\"409\" \/><p id=\"caption-attachment-104820\" class=\"wp-caption-text\">Foto: AAN<\/p><\/div>\n<p>O objetivo \u00e9 assegurar a qualidade dos produtos de origem animal e vegetal comercializados, bem como garantir a sa\u00fade dos comerciantes e clientes. &#8220;Queremos garantir o bem estar de todos que frequentam e consomem os produtos vendidos no mercado. Temos feito reuni\u00f5es com os feirantes e ouvimos suas demandas e sugest\u00f5es. Estamos prontos para dialogar e somar esfor\u00e7os&#8221;, destaca o diretor de Espa\u00e7os P\u00fablicos e Abastecimento da Emsurb, Bira Rabelo.<\/p><\/div>\n<div style=\"text-align: justify;\"><\/div>\n<div style=\"text-align: justify;\">Salvador de Oliveira aprova a iniciativa da Emsurb. &#8220;Acho importante essa limpeza, porque com o local mais limpo e higienizado, a gente exp\u00f5e melhor os nossos produtos para os consumidores\u201d, ressaltou o feirante, que h\u00e1 42 anos comercializa no mercado.<\/div>\n<div style=\"text-align: justify;\"><\/div>\n<div style=\"text-align: justify;\">O fechamento do mercado, uma segunda-feira no m\u00eas, atende as necessidades dos feirantes. A solicita\u00e7\u00e3o foi protocolada junto \u00e0 Emsurb por uma comiss\u00e3o.<\/div>\n<div style=\"text-align: justify;\"><\/div>\n<div style=\"text-align: justify;\">Al\u00e9m da varri\u00e7\u00e3o e da lavagem que acontecem diariamente nos corredores e instala\u00e7\u00f5es do mercado, toda semana os setores de carnes e pescados s\u00e3o lavados para manter a higiene do local.<\/div>\n<div style=\"text-align: justify;\"><\/div>\n<div style=\"text-align: justify;\"><strong>Funcionamento<\/strong><\/div>\n<div style=\"text-align: justify;\"><\/div>\n<div style=\"text-align: justify;\">Atualmente, o mercado central Albano Franco funciona de segunda a quinta-feira das 6h \u00e0s 16h45, sexta e s\u00e1bado das 5h30 \u00e0s 16h45, e aos domingos das 5h30 \u00e0s 12h.<\/div>\n<div style=\"text-align: justify;\"><\/div>\n<div style=\"text-align: justify;\"><img loading=\"lazy\" decoding=\"async\" class=\"aligncenter size-full wp-image-104544\" src=\"http:\/\/senoticias.com.br\/se\/wp-content\/uploads\/2017\/07\/Logo-fone-1-2-1-2-4-6.jpg\" alt=\"Logo-fone-1-2-1-2-4-6\" width=\"599\" height=\"78\" srcset=\"https:\/\/senoticias.com.br\/se\/wp-content\/uploads\/2017\/07\/Logo-fone-1-2-1-2-4-6.jpg 599w, https:\/\/senoticias.com.br\/se\/wp-content\/uploads\/2017\/07\/Logo-fone-1-2-1-2-4-6-300x39.jpg 300w\" sizes=\"(max-width: 599px) 100vw, 599px\" \/><\/div>\n<div style=\"text-align: justify;\"><\/div>\n<div style=\"text-align: justify;\">\n<p><em><strong>Acompanhe tamb\u00e9m o SE Not\u00edcias no\u00a0<a href=\"https:\/\/twitter.com\/Senoticias\" target=\"_blank\">Twitter<\/a>,\u00a0<a href=\"https:\/\/www.facebook.com\/senoticias1\" target=\"_blank\">Facebook<\/a>\u00a0e no\u00a0<a href=\"https:\/\/www.instagram.com\/senoticias\/\" target=\"_blank\">Instagram<\/a><\/strong><\/em><\/p>\n<p>Por AAN<\/p>\n<\/div>\n","protected":false},"excerpt":{"rendered":"<p>Buscando tornar os espa\u00e7os p\u00fablicos mais atrativos e preservados para os mun\u00edcipes, a Prefeitura de Aracaju tem intensificado a manuten\u00e7\u00e3o e limpeza em mercados p\u00fablicos da capital. Com isso, a Empresa Municipal de Servi\u00e7os Urbanos (Emsurb) informa que o Mercado Central Albano Franco ser\u00e1 fechado ao p\u00fablico, na terceira segunda-feira de cada m\u00eas. A a\u00e7\u00e3o, [&hellip;]<\/p>\n","protected":false},"author":2,"featured_media":0,"comment_status":"closed","ping_status":"closed","sticky":false,"template":"","format":"standard","meta":{"footnotes":""},"categories":[38],"tags":[339,3752,4686,2835],"class_list":{"0":"post-104819","1":"post","2":"type-post","3":"status-publish","4":"format-standard","6":"category-municipios","7":"tag-aracaju","8":"tag-fechado","9":"tag-limpeza","10":"tag-mercado"},"_links":{"self":[{"href":"https:\/\/senoticias.com.br\/se\/wp-json\/wp\/v2\/posts\/104819"}],"collection":[{"href":"https:\/\/senoticias.com.br\/se\/wp-json\/wp\/v2\/posts"}],"about":[{"href":"https:\/\/senoticias.com.br\/se\/wp-json\/wp\/v2\/types\/post"}],"author":[{"embeddable":true,"href":"https:\/\/senoticias.com.br\/se\/wp-json\/wp\/v2\/users\/2"}],"replies":[{"embeddable":true,"href":"https:\/\/senoticias.com.br\/se\/wp-json\/wp\/v2\/comments?post=104819"}],"version-history":[{"count":0,"href":"https:\/\/senoticias.com.br\/se\/wp-json\/wp\/v2\/posts\/104819\/revisions"}],"wp:attachment":[{"href":"https:\/\/senoticias.com.br\/se\/wp-json\/wp\/v2\/media?parent=104819"}],"wp:term":[{"taxonomy":"category","embeddable":true,"href":"https:\/\/senoticias.com.br\/se\/wp-json\/wp\/v2\/categories?post=104819"},{"taxonomy":"post_tag","embeddable":true,"href":"https:\/\/senoticias.com.br\/se\/wp-json\/wp\/v2\/tags?post=104819"}],"curies":[{"name":"wp","href":"https:\/\/api.w.org\/{rel}","templated":true}]}}