{"id":104812,"date":"2017-07-13T10:03:49","date_gmt":"2017-07-13T13:03:49","guid":{"rendered":"http:\/\/senoticias.com.br\/se\/?p=104812"},"modified":"2017-07-13T10:03:49","modified_gmt":"2017-07-13T13:03:49","slug":"cantor-do-parangole-tony-salles-e-internado-na-ba-com-malaria-apos-show-na-africa","status":"publish","type":"post","link":"https:\/\/senoticias.com.br\/se\/cantor-do-parangole-tony-salles-e-internado-na-ba-com-malaria-apos-show-na-africa\/","title":{"rendered":"Cantor do Parangol\u00e9, Tony Salles, \u00e9 internado na BA com mal\u00e1ria ap\u00f3s show na \u00c1frica"},"content":{"rendered":"<p style=\"text-align: justify;\">O cantor Tony Salles, da banda Parangol\u00e9, est\u00e1 com mal\u00e1ria. Ele est\u00e1 internado no Hospital Alian\u00e7a, em Salvador, desde a segunda-feira (10), conforme informa\u00e7\u00f5es passadas pela assessoria de imprensa do grupo nesta quarta-feira (12). O artista \u00e9 marido da ex-dan\u00e7arina Scheila Carvalho.<\/p>\n<div id=\"attachment_104813\" style=\"width: 609px\" class=\"wp-caption aligncenter\"><img loading=\"lazy\" decoding=\"async\" aria-describedby=\"caption-attachment-104813\" class=\"size-full wp-image-104813\" src=\"http:\/\/senoticias.com.br\/se\/wp-content\/uploads\/2017\/07\/cantor-tonny-senoticias-e1499950825831.jpg\" alt=\"Tony Salles est\u00e1 internado em Salvador com mal\u00e1ria desde a segunda-feira (10) (Foto: Enaldo Pinto\/Ag Haack)\" width=\"599\" height=\"375\" \/><p id=\"caption-attachment-104813\" class=\"wp-caption-text\">Tony Salles est\u00e1 internado em Salvador com mal\u00e1ria desde a segunda-feira (10) (Foto: Enaldo Pinto\/Ag Haack)<\/p><\/div>\n<p style=\"text-align: justify;\">\n<p>Um relat\u00f3rio m\u00e9dico divulgado pela assessoria do grupo informa que o paciente fez viagem recente para a Guin\u00e9 e, tr\u00eas dias antes da interna\u00e7\u00e3o, evoluiu com febre alta e dor de cabe\u00e7a. O quadro de Tony Salles, que tem 36 anos, \u00e9 est\u00e1vel. N\u00e3o h\u00e1 previs\u00e3o de alta.<\/p>\n<p>O cantor faz tratamento com medica\u00e7\u00f5es e \u00e9 acompanhado por um infectologista. Conforme a assessoria do Parangol\u00e9, o artista fez um show na \u00c1frica, com o grupo, no dia 25 de junho.<\/p>\n<p>Por conta da doen\u00e7a, a agenda de shows do grupo Parangol\u00e9 prevista para o pr\u00f3xio fim de semana foi cancelada. O grupo tinha apresenta\u00e7\u00f5es marcadas nas cidades mineiras de Santa Maria do Sua\u00e7ui, no s\u00e1bado (15), e em Pedra Azul, no domingo (16).<\/p>\n<p style=\"text-align: justify;\"><img loading=\"lazy\" decoding=\"async\" class=\"aligncenter size-full wp-image-104544\" src=\"http:\/\/senoticias.com.br\/se\/wp-content\/uploads\/2017\/07\/Logo-fone-1-2-1-2-4-6.jpg\" alt=\"Logo-fone-1-2-1-2-4-6\" width=\"599\" height=\"78\" srcset=\"https:\/\/senoticias.com.br\/se\/wp-content\/uploads\/2017\/07\/Logo-fone-1-2-1-2-4-6.jpg 599w, https:\/\/senoticias.com.br\/se\/wp-content\/uploads\/2017\/07\/Logo-fone-1-2-1-2-4-6-300x39.jpg 300w\" sizes=\"(max-width: 599px) 100vw, 599px\" \/><\/p>\n<p style=\"text-align: justify;\"><em><strong>Acompanhe tamb\u00e9m o SE Not\u00edcias no\u00a0<a href=\"https:\/\/twitter.com\/Senoticias\" target=\"_blank\">Twitter<\/a>,\u00a0<a href=\"https:\/\/www.facebook.com\/senoticias1\" target=\"_blank\">Facebook<\/a>\u00a0e no\u00a0<a href=\"https:\/\/www.instagram.com\/senoticias\/\" target=\"_blank\">Instagram<\/a><\/strong><\/em><\/p>\n<p style=\"text-align: justify;\"><em>Por <a href=\"http:\/\/g1.globo.com\/bahia\/noticia\/marido-de-scheila-carvalho-tony-sales-esta-internado-com-malaria-na-ba-apos-show-na-africa.ghtml\"><strong>G1<\/strong><\/a> BA<\/em><\/p>\n","protected":false},"excerpt":{"rendered":"<p>O cantor Tony Salles, da banda Parangol\u00e9, est\u00e1 com mal\u00e1ria. Ele est\u00e1 internado no Hospital Alian\u00e7a, em Salvador, desde a segunda-feira (10), conforme informa\u00e7\u00f5es passadas pela assessoria de imprensa do grupo nesta quarta-feira (12). O artista \u00e9 marido da ex-dan\u00e7arina Scheila Carvalho. Um relat\u00f3rio m\u00e9dico divulgado pela assessoria do grupo informa que o paciente fez [&hellip;]<\/p>\n","protected":false},"author":2,"featured_media":104813,"comment_status":"closed","ping_status":"closed","sticky":false,"template":"","format":"standard","meta":{"footnotes":""},"categories":[15,8],"tags":[4681,4679,4680,4678],"class_list":{"0":"post-104812","1":"post","2":"type-post","3":"status-publish","4":"format-standard","5":"has-post-thumbnail","7":"category-destaques","8":"category-esporte-e-cultura","9":"tag-africa","10":"tag-cantor-do-parangole","11":"tag-malaria","12":"tag-tony-salles"},"_links":{"self":[{"href":"https:\/\/senoticias.com.br\/se\/wp-json\/wp\/v2\/posts\/104812"}],"collection":[{"href":"https:\/\/senoticias.com.br\/se\/wp-json\/wp\/v2\/posts"}],"about":[{"href":"https:\/\/senoticias.com.br\/se\/wp-json\/wp\/v2\/types\/post"}],"author":[{"embeddable":true,"href":"https:\/\/senoticias.com.br\/se\/wp-json\/wp\/v2\/users\/2"}],"replies":[{"embeddable":true,"href":"https:\/\/senoticias.com.br\/se\/wp-json\/wp\/v2\/comments?post=104812"}],"version-history":[{"count":0,"href":"https:\/\/senoticias.com.br\/se\/wp-json\/wp\/v2\/posts\/104812\/revisions"}],"wp:featuredmedia":[{"embeddable":true,"href":"https:\/\/senoticias.com.br\/se\/wp-json\/wp\/v2\/media\/104813"}],"wp:attachment":[{"href":"https:\/\/senoticias.com.br\/se\/wp-json\/wp\/v2\/media?parent=104812"}],"wp:term":[{"taxonomy":"category","embeddable":true,"href":"https:\/\/senoticias.com.br\/se\/wp-json\/wp\/v2\/categories?post=104812"},{"taxonomy":"post_tag","embeddable":true,"href":"https:\/\/senoticias.com.br\/se\/wp-json\/wp\/v2\/tags?post=104812"}],"curies":[{"name":"wp","href":"https:\/\/api.w.org\/{rel}","templated":true}]}}